{"id":15592,"date":"2012-03-22T00:00:00","date_gmt":"2012-03-22T03:00:00","guid":{"rendered":"https:\/\/www.cnbb.org.br\/pastoral-da-educacao-instala-comissao-nacional-em-sao-paulo\/"},"modified":"2012-03-22T00:00:00","modified_gmt":"2012-03-22T03:00:00","slug":"pastoral-da-educacao-instala-comissao-nacional-em-sao-paulo","status":"publish","type":"post","link":"https:\/\/www.cnbb.org.br\/pastoral-da-educacao-instala-comissao-nacional-em-sao-paulo\/","title":{"rendered":"Pastoral da Educa\u00e7\u00e3o instala Comiss\u00e3o Nacional em S\u00e3o Paulo"},"content":{"rendered":"<p style=\"text-align: justify\">No dia 19 de mar\u00e7o, na C\u00faria Arquidiocesana de S\u00e3o Paulo (SP), que fica no bairro de Higien\u00f3polis, foi realizada a instala\u00e7\u00e3o oficial e a 1\u00aa Reuni\u00e3o da Equipe Nacional da Pastoral da Educa\u00e7\u00e3o da CNBB.<\/p>\n<p><!--more--><\/p>\n<p style=\"text-align: justify\">A reuni\u00e3o contou com a presen\u00e7a do bispo referencial da pastoral da Educa\u00e7\u00e3o, da Comiss\u00e3o Episcopal Pastoral para a Cultura e a Educa\u00e7\u00e3o, dom J\u00falio Endi Nakame, que presidiu a reuni\u00e3o, juntamente com o assessor da Comiss\u00e3o, professor Cesar Leandro Vieira.<\/p>\n<p style=\"text-align: justify\">No encontro, al\u00e9m da estrutura\u00e7\u00e3o da Equipe Nacional, foram tra\u00e7ados os objetivos, estrat\u00e9gias e as a\u00e7\u00f5es concretas para implementa\u00e7\u00e3o da Pastoral da Educa\u00e7\u00e3o em todos os 17 Regionais da CNBB. Os componentes da equipe nacional fizeram tamb\u00e9m uma avalia\u00e7\u00e3o da caminhada desta Pastoral nestes \u00faltimos dez anos. \u201cDom J\u00falio se mostrou muito animado com sua nova miss\u00e3o e ajudou o grupo a perceber os desafios e o que se descortina de perspectivas positivas na contribui\u00e7\u00e3o da Igreja para a Educa\u00e7\u00e3o no trabalho que inicia com esta equipe nacional\u201d, destacou Cesar Leandro.<\/p>\n<p style=\"text-align: justify\">Foi convocada uma nova reuni\u00e3o de trabalho nos dias 10 e 11 de maio, em Bras\u00edlia (DF), em que novos membros da Comiss\u00e3o Nacional devem ser apresentados.<\/p>\n","protected":false},"excerpt":{"rendered":"<p>No dia 19 de mar\u00e7o, na C\u00faria Arquidiocesana de S\u00e3o Paulo (SP), que fica no bairro de Higien\u00f3polis, foi realizada a instala\u00e7\u00e3o oficial e a 1\u00aa Reuni\u00e3o da Equipe Nacional da Pastoral da Educa\u00e7\u00e3o da CNBB.<\/p>\n","protected":false},"author":83,"featured_media":15593,"comment_status":"open","ping_status":"open","sticky":false,"template":"","format":"standard","meta":{"site-sidebar-layout":"default","site-content-layout":"default","ast-global-header-display":"","ast-banner-title-visibility":"","ast-main-header-display":"","ast-hfb-above-header-display":"","ast-hfb-below-header-display":"","ast-hfb-mobile-header-display":"","site-post-title":"","ast-breadcrumbs-content":"","ast-featured-img":"","footer-sml-layout":"","theme-transparent-header-meta":"","adv-header-id-meta":"","stick-header-meta":"","header-above-stick-meta":"","header-main-stick-meta":"","header-below-stick-meta":""},"categories":[748,799],"tags":[],"acf":[],"_links":{"self":[{"href":"https:\/\/www.cnbb.org.br\/cnbb-app\/wp\/v2\/posts\/15592"}],"collection":[{"href":"https:\/\/www.cnbb.org.br\/cnbb-app\/wp\/v2\/posts"}],"about":[{"href":"https:\/\/www.cnbb.org.br\/cnbb-app\/wp\/v2\/types\/post"}],"author":[{"embeddable":true,"href":"https:\/\/www.cnbb.org.br\/cnbb-app\/wp\/v2\/users\/83"}],"replies":[{"embeddable":true,"href":"https:\/\/www.cnbb.org.br\/cnbb-app\/wp\/v2\/comments?post=15592"}],"version-history":[{"count":0,"href":"https:\/\/www.cnbb.org.br\/cnbb-app\/wp\/v2\/posts\/15592\/revisions"}],"wp:featuredmedia":[{"embeddable":true,"href":"https:\/\/www.cnbb.org.br\/cnbb-app\/wp\/v2\/media\/15593"}],"wp:attachment":[{"href":"https:\/\/www.cnbb.org.br\/cnbb-app\/wp\/v2\/media?parent=15592"}],"wp:term":[{"taxonomy":"category","embeddable":true,"href":"https:\/\/www.cnbb.org.br\/cnbb-app\/wp\/v2\/categories?post=15592"},{"taxonomy":"post_tag","embeddable":true,"href":"https:\/\/www.cnbb.org.br\/cnbb-app\/wp\/v2\/tags?post=15592"}],"curies":[{"name":"wp","href":"https:\/\/api.w.org\/{rel}","templated":true}]}}