{"id":15598,"date":"2012-05-07T00:00:00","date_gmt":"2012-05-07T03:00:00","guid":{"rendered":"https:\/\/www.cnbb.org.br\/professores-e-estudantes-participam-de-encontro-com-comissao-para-a-educacao-e-cultura-da-cnbb\/"},"modified":"2012-05-07T00:00:00","modified_gmt":"2012-05-07T03:00:00","slug":"professores-e-estudantes-participam-de-encontro-com-comissao-para-a-educacao-e-cultura-da-cnbb","status":"publish","type":"post","link":"https:\/\/www.cnbb.org.br\/professores-e-estudantes-participam-de-encontro-com-comissao-para-a-educacao-e-cultura-da-cnbb\/","title":{"rendered":"Professores e estudantes participam de encontro com Comiss\u00e3o para a Educa\u00e7\u00e3o e Cultura da CNBB"},"content":{"rendered":"<p style=\"text-align: justify\">Os assessores da Comiss\u00e3o Episcopal Pastoral para a Cultura e Educa\u00e7\u00e3o da Confer\u00eancia Nacional dos Bispos do Brasil (CNBB), respectivamente, Cesar Leandro Ribeiro e irm\u00e3 Maria Eug\u00eania Lloris Aguado, foram convidados pelos respons\u00e1veis pela Pastoral da Educa\u00e7\u00e3o no Regional Noroeste da CNBB (Acre, sul do Amazonas e Rond\u00f4nia), dom Meinrad Francisco Merkel, bispo de Humait\u00e1 (AM) e referencial da Educa\u00e7\u00e3o, e Luiz Ceppi, secret\u00e1rio executivo do Regional, para uma s\u00e9rie de reuni\u00f5es e palestras. O intuito do encontro foi propor iniciativas para a implementa\u00e7\u00e3o das Pastorais no Regional.<\/p>\n<p>  <!--more-->  <\/p>\n<p style=\"text-align: justify\"><img decoding=\"async\" loading=\"lazy\" class=\" alignleft size-full wp-image-14465\" style=\"float: left\" alt=\"CEC20122\" src=\"https:\/\/www.cnbb.org.br\/wp-content\/uploads\/2020\/03\/CEC20122.jpg\" height=\"127\" width=\"300\" \/>Os dois assessores da CNBB, ao longo de uma semana (1\u00ba a 7 de maio), visitaram as dioceses de Guajar\u00e1-Mirim (RO); Humait\u00e1 (AM); Ji-Paran\u00e1 (RO); Rio Branco (AC), e finalizando a sequ\u00eancia de encontros na Faculdade Cat\u00f3lica de Rond\u00f4nia, na arquidiocese de Porto Velho (RO). Em cada um dos locais visitados os assessores contaram com as presen\u00e7as significativas dos representantes do Regional, professores e estudantes dos ensinos superiores p\u00fablicos e privados.<\/p>\n<p style=\"text-align: justify\">Chegando a Porto Velho, aconteceu o grande encontro, que foi o 1\u00ba Encontro de Professores e Estudantes Cat\u00f3licos de Rond\u00f4nia. L\u00e1, estiveram presentes mais de 60 pessoas para ouvir as palestras: \u201cA Educa\u00e7\u00e3o hoje: Problemas, Perspectivas e Desafios na Amaz\u00f4nia\u201d; \u201cO papel dos Educadores na Realidade Amaz\u00f4nica\u201d e \u201cComo viver a f\u00e9 no mundo Universit\u00e1rio em nossa realidade Amaz\u00f4nica?\u201d.<\/p>\n<p style=\"text-align: justify\"><img decoding=\"async\" loading=\"lazy\" class=\" alignright size-full wp-image-14466\" style=\"float: right\" alt=\"CEC20123\" src=\"https:\/\/www.cnbb.org.br\/wp-content\/uploads\/2020\/03\/CEC20123.jpg\" height=\"200\" width=\"300\" \/>\u201cA Universidade \u00e9 a realidade de hoje. Ela nos d\u00e1 v\u00e1rias possibilidades e somos chamados a construir, reformar as nossas convic\u00e7\u00f5es: o que voc\u00ea pensa? Qual a sua f\u00e9?\u201d, disse a irm\u00e3 Maria Eug\u00eania em sua palestra.<\/p>\n<p style=\"text-align: justify\">Para o bispo referencial da Pastoral da Educa\u00e7\u00e3o (PE) do Regional, dom Francisco Merkel, o trabalho da Pastoral \u00e9 importante no fato que ela deseja agregar valores aos universit\u00e1rios. \u201cQueremos agregar valor ao produto oferecido pela Universidade, que \u00e9 a f\u00e9. Existem muitas maneiras de evangelizar, e a primeira \u00e9 pelo testemunho. A Universidade \u00e9 o laborat\u00f3rio do conhecimento, e n\u00f3s, quanto Pastoral, estamos aqui dando trabalhando e dando a nossa contribui\u00e7\u00e3o\u201d, disse.<\/p>\n<p style=\"text-align: justify\"><img decoding=\"async\" loading=\"lazy\" class=\" alignleft size-full wp-image-14467\" title=\"Dom Esmeral Barreto de Farias\" style=\"float: left\" alt=\"CEC20124\" src=\"https:\/\/www.cnbb.org.br\/wp-content\/uploads\/2020\/03\/CEC20124.jpg\" height=\"220\" width=\"165\" \/>V\u00e1rios participantes conclu\u00edram, segundo o professor Cesar Ribeiro, que o encontro serviu para mostrar a realidade local e abrir um di\u00e1logo, uma reflex\u00e3o aprofundada sobre a realidade universit\u00e1ria na Amaz\u00f4nia. \u201cOs professores se sentiram entusiasmados\u201d, destacou.<\/p>\n<p style=\"text-align: justify\">\u201cAlguns temas levantados pelos professores falavam sobre uma educa\u00e7\u00e3o que reconhe\u00e7a o ser humano, ou a educa\u00e7\u00e3o que trabalhe as diversidades e o desenvolvimento sustent\u00e1vel\u201d, completou irm\u00e3 Eug\u00eania.<\/p>\n<p style=\"text-align: justify\">O encerramento foi com uma missa celebrada pelo arcebispo de Porto Velho, dom Esmeraldo Barreto de Farias.<\/p>\n","protected":false},"excerpt":{"rendered":"<p>Os assessores da Comiss\u00e3o Episcopal Pastoral para a Cultura e Educa\u00e7\u00e3o da Confer\u00eancia Nacional dos Bispos do Brasil (CNBB), respectivamente, Cesar Leandro Ribeiro e irm\u00e3 Maria Eug\u00eania Lloris Aguado, foram convidados pelos respons\u00e1veis pela Pastoral da Educa\u00e7\u00e3o no Regional Noroeste da CNBB (Acre, sul do Amazonas e Rond\u00f4nia), dom Meinrad Francisco Merkel, bispo de Humait\u00e1 &hellip;<\/p>\n<p class=\"read-more\"> <a class=\"\" href=\"https:\/\/www.cnbb.org.br\/professores-e-estudantes-participam-de-encontro-com-comissao-para-a-educacao-e-cultura-da-cnbb\/\"> <span class=\"screen-reader-text\">Professores e estudantes participam de encontro com Comiss\u00e3o para a Educa\u00e7\u00e3o e Cultura da CNBB<\/span> Leia mais &raquo;<\/a><\/p>\n","protected":false},"author":83,"featured_media":15599,"comment_status":"open","ping_status":"open","sticky":false,"template":"","format":"standard","meta":{"site-sidebar-layout":"default","site-content-layout":"default","ast-global-header-display":"","ast-banner-title-visibility":"","ast-main-header-display":"","ast-hfb-above-header-display":"","ast-hfb-below-header-display":"","ast-hfb-mobile-header-display":"","site-post-title":"","ast-breadcrumbs-content":"","ast-featured-img":"","footer-sml-layout":"","theme-transparent-header-meta":"","adv-header-id-meta":"","stick-header-meta":"","header-above-stick-meta":"","header-main-stick-meta":"","header-below-stick-meta":""},"categories":[748,799],"tags":[],"acf":[],"_links":{"self":[{"href":"https:\/\/www.cnbb.org.br\/cnbb-app\/wp\/v2\/posts\/15598"}],"collection":[{"href":"https:\/\/www.cnbb.org.br\/cnbb-app\/wp\/v2\/posts"}],"about":[{"href":"https:\/\/www.cnbb.org.br\/cnbb-app\/wp\/v2\/types\/post"}],"author":[{"embeddable":true,"href":"https:\/\/www.cnbb.org.br\/cnbb-app\/wp\/v2\/users\/83"}],"replies":[{"embeddable":true,"href":"https:\/\/www.cnbb.org.br\/cnbb-app\/wp\/v2\/comments?post=15598"}],"version-history":[{"count":0,"href":"https:\/\/www.cnbb.org.br\/cnbb-app\/wp\/v2\/posts\/15598\/revisions"}],"wp:featuredmedia":[{"embeddable":true,"href":"https:\/\/www.cnbb.org.br\/cnbb-app\/wp\/v2\/media\/15599"}],"wp:attachment":[{"href":"https:\/\/www.cnbb.org.br\/cnbb-app\/wp\/v2\/media?parent=15598"}],"wp:term":[{"taxonomy":"category","embeddable":true,"href":"https:\/\/www.cnbb.org.br\/cnbb-app\/wp\/v2\/categories?post=15598"},{"taxonomy":"post_tag","embeddable":true,"href":"https:\/\/www.cnbb.org.br\/cnbb-app\/wp\/v2\/tags?post=15598"}],"curies":[{"name":"wp","href":"https:\/\/api.w.org\/{rel}","templated":true}]}}