{"id":15616,"date":"2012-08-31T00:00:00","date_gmt":"2012-08-31T03:00:00","guid":{"rendered":"https:\/\/www.cnbb.org.br\/16o-encontro-nacional-da-pastoral-da-educacao-da-cnbb\/"},"modified":"2012-08-31T00:00:00","modified_gmt":"2012-08-31T03:00:00","slug":"16o-encontro-nacional-da-pastoral-da-educacao-da-cnbb","status":"publish","type":"post","link":"https:\/\/www.cnbb.org.br\/16o-encontro-nacional-da-pastoral-da-educacao-da-cnbb\/","title":{"rendered":"16\u00ba Encontro Nacional da Pastoral da Educa\u00e7\u00e3o da CNBB"},"content":{"rendered":"<p style=\"text-align: justify\">Acontece na ch\u00e1cara Marista Manac\u00e1, em Bras\u00edlia (DF), o 16\u00ba Encontro Nacional da Pastoral da Educa\u00e7\u00e3o, que debater\u00e1 o tema \u201cPastoral da Educa\u00e7\u00e3o para novos tempos\u201d. Segundo a Comiss\u00e3o Episcopal Pastoral para a Educa\u00e7\u00e3o e Cultura da Confer\u00eancia Nacional dos Bispos do Brasil, organizadora do encontro, o objetivo \u00e9 refletir e contribuir para a atualiza\u00e7\u00e3o da Pastoral da Educa\u00e7\u00e3o no Brasil.<\/p>\n<p><!--more--><\/p>\n<p style=\"text-align: justify\">\u201cEste encontro visa refundar esta Pastoral sobre as bases de uma metodologia participativa, rediscutindo a quest\u00e3o da educa\u00e7\u00e3o e seu papel dentro da sociedade brasileira e, de um modo muito particular, qual \u00e9 o papel da Igreja na Pastoral da Educa\u00e7\u00e3o\u201d, disse o presidente da Comiss\u00e3o Episcopal pastoral para a Educa\u00e7\u00e3o e Cultura, dom Joaquim Giovani Mol Guimar\u00e3es, destacando que o encontro come\u00e7a hoje, 30 de agosto e segue at\u00e9 domingo, 2 de setembro.<\/p>\n<p style=\"text-align: justify\">Ao todo ser\u00e3o 97 pessoas convidadas via Regionais da CNBB. S\u00e3o lideran\u00e7as vindas do Norte, Nordeste, Sul, Sudeste e Centro-Oeste que est\u00e3o envolvidas com a educa\u00e7\u00e3o em suas realidades, al\u00e9m de representantes da Associa\u00e7\u00e3o Nacional de Educa\u00e7\u00e3o Cat\u00f3lica do Brasil (ANEC). Dentre os participantes, temos ainda o presidente da Comiss\u00e3o para a Educa\u00e7\u00e3o e Cultura, dom Giovani Mol, o bispo auxiliar de S\u00e3o Paulo (SP), dom Julio Endi Akamine, que \u00e9 o bispo referencial da Pastoral da Educa\u00e7\u00e3o; bispo auxiliar do Rio de Janeiro (RJ), dom Nelson Francelino Ferreira; bispo de Corumb\u00e1 (MS), dom Segismundo Martinez Alvarez; bispo de Jacarezinho (PR), Ant\u00f4nio Braz Benevente; Bispo de Abaetetuba (PA), dom Fl\u00e1vio Giovenale; bispo auxiliar de Belo Horizonte (MG), dom Jo\u00e3o Justino de Medeiros Silva; bispo auxiliar de Goi\u00e2nia, dom Valdemar Passini Dalbello.<\/p>\n","protected":false},"excerpt":{"rendered":"<p>Acontece na ch\u00e1cara Marista Manac\u00e1, em Bras\u00edlia (DF), o 16\u00ba Encontro Nacional da Pastoral da Educa\u00e7\u00e3o, que debater\u00e1 o tema \u201cPastoral da Educa\u00e7\u00e3o para novos tempos\u201d. Segundo a Comiss\u00e3o Episcopal Pastoral para a Educa\u00e7\u00e3o e Cultura da Confer\u00eancia Nacional dos Bispos do Brasil, organizadora do encontro, o objetivo \u00e9 refletir e contribuir para a atualiza\u00e7\u00e3o &hellip;<\/p>\n<p class=\"read-more\"> <a class=\"\" href=\"https:\/\/www.cnbb.org.br\/16o-encontro-nacional-da-pastoral-da-educacao-da-cnbb\/\"> <span class=\"screen-reader-text\">16\u00ba Encontro Nacional da Pastoral da Educa\u00e7\u00e3o da CNBB<\/span> Leia mais &raquo;<\/a><\/p>\n","protected":false},"author":83,"featured_media":15617,"comment_status":"open","ping_status":"open","sticky":false,"template":"","format":"standard","meta":{"site-sidebar-layout":"default","site-content-layout":"default","ast-global-header-display":"","ast-banner-title-visibility":"","ast-main-header-display":"","ast-hfb-above-header-display":"","ast-hfb-below-header-display":"","ast-hfb-mobile-header-display":"","site-post-title":"","ast-breadcrumbs-content":"","ast-featured-img":"","footer-sml-layout":"","theme-transparent-header-meta":"","adv-header-id-meta":"","stick-header-meta":"","header-above-stick-meta":"","header-main-stick-meta":"","header-below-stick-meta":""},"categories":[748,799],"tags":[],"acf":[],"_links":{"self":[{"href":"https:\/\/www.cnbb.org.br\/cnbb-app\/wp\/v2\/posts\/15616"}],"collection":[{"href":"https:\/\/www.cnbb.org.br\/cnbb-app\/wp\/v2\/posts"}],"about":[{"href":"https:\/\/www.cnbb.org.br\/cnbb-app\/wp\/v2\/types\/post"}],"author":[{"embeddable":true,"href":"https:\/\/www.cnbb.org.br\/cnbb-app\/wp\/v2\/users\/83"}],"replies":[{"embeddable":true,"href":"https:\/\/www.cnbb.org.br\/cnbb-app\/wp\/v2\/comments?post=15616"}],"version-history":[{"count":0,"href":"https:\/\/www.cnbb.org.br\/cnbb-app\/wp\/v2\/posts\/15616\/revisions"}],"wp:featuredmedia":[{"embeddable":true,"href":"https:\/\/www.cnbb.org.br\/cnbb-app\/wp\/v2\/media\/15617"}],"wp:attachment":[{"href":"https:\/\/www.cnbb.org.br\/cnbb-app\/wp\/v2\/media?parent=15616"}],"wp:term":[{"taxonomy":"category","embeddable":true,"href":"https:\/\/www.cnbb.org.br\/cnbb-app\/wp\/v2\/categories?post=15616"},{"taxonomy":"post_tag","embeddable":true,"href":"https:\/\/www.cnbb.org.br\/cnbb-app\/wp\/v2\/tags?post=15616"}],"curies":[{"name":"wp","href":"https:\/\/api.w.org\/{rel}","templated":true}]}}