{"id":15622,"date":"2012-10-24T00:00:00","date_gmt":"2012-10-24T02:00:00","guid":{"rendered":"https:\/\/www.cnbb.org.br\/comissao-para-a-educacao-e-cultura-discute-articulacao-e-atuacao-na-sociedade\/"},"modified":"2012-10-24T00:00:00","modified_gmt":"2012-10-24T02:00:00","slug":"comissao-para-a-educacao-e-cultura-discute-articulacao-e-atuacao-na-sociedade","status":"publish","type":"post","link":"https:\/\/www.cnbb.org.br\/comissao-para-a-educacao-e-cultura-discute-articulacao-e-atuacao-na-sociedade\/","title":{"rendered":"Comiss\u00e3o para a Educa\u00e7\u00e3o e Cultura discute articula\u00e7\u00e3o e atua\u00e7\u00e3o na sociedade"},"content":{"rendered":"<p style=\"text-align: justify\">Teve in\u00edcio na tarde desta ter\u00e7a-feira, 23 de outubro, na sede das Pontif\u00edcias Obras Mission\u00e1rias (POM), em Bras\u00edlia (DF), a reuni\u00e3o ampliada da Comiss\u00e3o Episcopal Pastoral para a Educa\u00e7\u00e3o e Cultura da Confer\u00eancia Nacional dos Bispos do Brasil (CNBB). O encontro re\u00fane 23 pessoas, entre os bispos integrantes da Comiss\u00e3o, os assessores dos setores ligados a ela (Universidades, Educa\u00e7\u00e3o e Ensino Religioso) e os bispos e assessores referenciais nos 17 Regionais da CNBB.<\/p>\n<p>  <!--more-->  <\/p>\n<p style=\"text-align: justify\">O presidente da Comiss\u00e3o, dom Joaquim Giovani Mol Guimar\u00e3es, abriu o evento destacando os pontos-chaves a serem discutidos. \u201cO objetivo do encontro \u00e9 estabelecer com clareza as exig\u00eancias do processo de evangeliza\u00e7\u00e3o hoje: o que s\u00e3o essas pastorais, como elas se articulam, se organizam e funcionam e, sobretudo, discutir como a import\u00e2ncia e urg\u00eancia evangelizadora justificam a sua organiza\u00e7\u00e3o na Igreja no Brasil\u201d, disse.<\/p>\n<p style=\"text-align: justify\">Segundo o bispo presidente, a articula\u00e7\u00e3o da Comiss\u00e3o \u00e9 necess\u00e1ria e urgente porque o desafio \u00e9 estar presente al\u00e9m do ambiente interno da Igreja. Por isso foram convocados os regionais para refletir sobre o seu campo de atua\u00e7\u00e3o nas bases. \u201cO desafio \u00e9 deixar de falar para o p\u00fablico interno da Igreja e passar a falar para a comunidade nacional, atrav\u00e9s dos processos culturais e da educa\u00e7\u00e3o. \u00c9 a Igreja que sai de si com a sua mensagem e seu testemunho e vai ao encontro das pessoas atrav\u00e9s da cultura e da educa\u00e7\u00e3o para aprender, se encantar e levar \u00e0s pessoas os seus valores\u201d, destacou dom Mol.<\/p>\n<p style=\"text-align: justify\"><img decoding=\"async\" loading=\"lazy\" class=\" alignright size-full wp-image-16793\" style=\"float: right\" title=\"Dom Greg\u00f3rio Paix\u00e3o\" alt=\"1domgregoriopaixao\" src=\"https:\/\/www.cnbb.org.br\/wp-content\/uploads\/2020\/03\/1domgregoriopaixao.jpg\" height=\"255\" width=\"300\" \/>O integrante do Setor Universidades e bispo de Petr\u00f3polis (RJ), dom Greg\u00f3rio Paix\u00e3o, tamb\u00e9m acredita que a articula\u00e7\u00e3o da Comiss\u00e3o seja necess\u00e1ria e aponta a miss\u00e3o dos setores cultura e educa\u00e7\u00e3o na sociedade. \u201cNo setor educa\u00e7\u00e3o trabalhamos para que o Evangelho seja semente nos locais onde a educa\u00e7\u00e3o est\u00e1 sendo implantada ou tem espa\u00e7o. E a cultura \u00e9 uma pastoral de fronteira. O grande desejo \u00e9 que dialoguemos com todas as culturas. N\u00e3o falamos apenas com artistas, com os meios culturais da Igreja, mas n\u00f3s queremos mostrar que a f\u00e9 produz cultura e que a Igreja tem uma palavra a dizer para as diversas culturas nesse tempo de transforma\u00e7\u00e3o em que vivemos\u201d.<\/p>\n<p style=\"text-align: justify\">Para a assessora do Setor Universidades, Maria Eug\u00eania Llori Aguado, a reuni\u00e3o demonstra a motiva\u00e7\u00e3o e o esfor\u00e7o da Comiss\u00e3o em se unir para levar seu trabalho adiante. \u201cEsse encontro demonstra que queremos ter um projeto comum para que possamos entrela\u00e7ar nossas pastorais e ver quais s\u00e3o as pontes que est\u00e3o sendo feitas atrav\u00e9s de nossas reflex\u00f5es, mas tamb\u00e9m atrav\u00e9s de encontros dos setores\u201d.<\/p>\n<p style=\"text-align: justify\">Irm\u00e3 Eug\u00eania afirma, no entanto, que o evento, al\u00e9m de possibilitar o encontro dos Regionais da CNBB se debru\u00e7a tamb\u00e9m na reflex\u00e3o e estudo das linhas gerais da Comiss\u00e3o. \u201cEstamos elaborando h\u00e1 cerca de tr\u00eas anos as linhas gerais dos setores ligados \u00e0 Comiss\u00e3o. Esse texto \u00e9 muito importante e queremos que seja publicado porque j\u00e1 faz tr\u00eas anos que as pessoas nos pedem diretrizes que os ajudem continuar a caminhada. Trata-se de um texto simples de 20 p\u00e1ginas que aglutina os diversos setores. Ele est\u00e1 sendo apresentado nesta reuni\u00e3o e discutido. Se aprovado, poder\u00e1 ser publicado em breve\u201d, disse.<\/p>\n<p style=\"text-align: justify\">Nesta quarta-feira, 24, o Setor Educa\u00e7\u00e3o abriu as discuss\u00f5es no primeiro momento da manh\u00e3. Logo ap\u00f3s \u00e9 a vez do Setor Universidades. A tarde fica por conta do Setor Ensino Religioso. Cada setor apresenta o seu texto para ser discutido e avaliado com o objetivo de colaborar com os regionais nos trabalhos locais. \u201cDevemos considerar os v\u00e1rios contextos do nosso pa\u00eds, por isso \u00e9 importante pensarmos em textos curtos, claros e objetivos que ajudem os regionais\u201d, orientou dom Joaquim Mol.<\/p>\n","protected":false},"excerpt":{"rendered":"<p>Teve in\u00edcio na tarde desta ter\u00e7a-feira, 23 de outubro, na sede das Pontif\u00edcias Obras Mission\u00e1rias (POM), em Bras\u00edlia (DF), a reuni\u00e3o ampliada da Comiss\u00e3o Episcopal Pastoral para a Educa\u00e7\u00e3o e Cultura da Confer\u00eancia Nacional dos Bispos do Brasil (CNBB). O encontro re\u00fane 23 pessoas, entre os bispos integrantes da Comiss\u00e3o, os assessores dos setores ligados &hellip;<\/p>\n<p class=\"read-more\"> <a class=\"\" href=\"https:\/\/www.cnbb.org.br\/comissao-para-a-educacao-e-cultura-discute-articulacao-e-atuacao-na-sociedade\/\"> <span class=\"screen-reader-text\">Comiss\u00e3o para a Educa\u00e7\u00e3o e Cultura discute articula\u00e7\u00e3o e atua\u00e7\u00e3o na sociedade<\/span> Leia mais &raquo;<\/a><\/p>\n","protected":false},"author":83,"featured_media":15623,"comment_status":"open","ping_status":"open","sticky":false,"template":"","format":"standard","meta":{"site-sidebar-layout":"default","site-content-layout":"default","ast-global-header-display":"","ast-banner-title-visibility":"","ast-main-header-display":"","ast-hfb-above-header-display":"","ast-hfb-below-header-display":"","ast-hfb-mobile-header-display":"","site-post-title":"","ast-breadcrumbs-content":"","ast-featured-img":"","footer-sml-layout":"","theme-transparent-header-meta":"","adv-header-id-meta":"","stick-header-meta":"","header-above-stick-meta":"","header-main-stick-meta":"","header-below-stick-meta":""},"categories":[748,799],"tags":[],"acf":[],"_links":{"self":[{"href":"https:\/\/www.cnbb.org.br\/cnbb-app\/wp\/v2\/posts\/15622"}],"collection":[{"href":"https:\/\/www.cnbb.org.br\/cnbb-app\/wp\/v2\/posts"}],"about":[{"href":"https:\/\/www.cnbb.org.br\/cnbb-app\/wp\/v2\/types\/post"}],"author":[{"embeddable":true,"href":"https:\/\/www.cnbb.org.br\/cnbb-app\/wp\/v2\/users\/83"}],"replies":[{"embeddable":true,"href":"https:\/\/www.cnbb.org.br\/cnbb-app\/wp\/v2\/comments?post=15622"}],"version-history":[{"count":0,"href":"https:\/\/www.cnbb.org.br\/cnbb-app\/wp\/v2\/posts\/15622\/revisions"}],"wp:featuredmedia":[{"embeddable":true,"href":"https:\/\/www.cnbb.org.br\/cnbb-app\/wp\/v2\/media\/15623"}],"wp:attachment":[{"href":"https:\/\/www.cnbb.org.br\/cnbb-app\/wp\/v2\/media?parent=15622"}],"wp:term":[{"taxonomy":"category","embeddable":true,"href":"https:\/\/www.cnbb.org.br\/cnbb-app\/wp\/v2\/categories?post=15622"},{"taxonomy":"post_tag","embeddable":true,"href":"https:\/\/www.cnbb.org.br\/cnbb-app\/wp\/v2\/tags?post=15622"}],"curies":[{"name":"wp","href":"https:\/\/api.w.org\/{rel}","templated":true}]}}