{"id":15624,"date":"2013-01-30T00:00:00","date_gmt":"2013-01-30T02:00:00","guid":{"rendered":"https:\/\/www.cnbb.org.br\/ibrades-promove-curso-de-especializacao-em-educacao-popular-e-cidadania\/"},"modified":"2013-01-30T00:00:00","modified_gmt":"2013-01-30T02:00:00","slug":"ibrades-promove-curso-de-especializacao-em-educacao-popular-e-cidadania","status":"publish","type":"post","link":"https:\/\/www.cnbb.org.br\/ibrades-promove-curso-de-especializacao-em-educacao-popular-e-cidadania\/","title":{"rendered":"Ibrades promove curso de especializa\u00e7\u00e3o em Educa\u00e7\u00e3o Popular e Cidadania"},"content":{"rendered":"<div style=\"text-align: justify\">Est\u00e3o abertas as inscri\u00e7\u00f5es para o curso de especializa\u00e7\u00e3o lato sensu em Educa\u00e7\u00e3o Popular e Cidadania, promovido pelo Instituto Brasileiro de Desenvolvimento (Ibrades), em parceria com o Centro Cultural de Bras\u00edlia (CCB) e a Universidade Cat\u00f3lica (UcB). As inscri\u00e7\u00f5es poder\u00e3o ser feitas at\u00e9 o dia 30 de mar\u00e7o, e o curso ter\u00e1 in\u00edcio em junho.<\/div>\n<div style=\"text-align: justify\"><\/div>\n<p><!--more--><\/p>\n<div style=\"text-align: justify\">\nO objetivo da iniciativa \u00e9 capacitar para a reflex\u00e3o e a\u00e7\u00e3o nos planos \u00e9tico, pol\u00edtico, cultural e ambiental, a servi\u00e7o da promo\u00e7\u00e3o da justi\u00e7a na perspectiva da vis\u00e3o crist\u00e3 do mundo e da democracia participativa. O p\u00fablico alvo do curso s\u00e3o as lideran\u00e7as pol\u00edticas, comunit\u00e1rias e sociais \u2013 coordenadores e educadores de organiza\u00e7\u00f5es n\u00e3o governamentais e governamentais, gestores e conselheiros de pol\u00edticas p\u00fablicas, assistentes sociais, professores, psic\u00f3logos, lideran\u00e7as de direitos humanos \u2013 e profissionais de \u00e1reas afins.<\/p>\n<p>As aulas ser\u00e3o realizadas em tr\u00eas m\u00f3dulos: 30 de junho a 19 de julho de 2013; 11 de janeiro a 02 de fevereiro de 2014; 14 a 18 de julho de 2014. Mais informa\u00e7\u00f5es podem ser obtidas no Centro Cultural de Bras\u00edlia, pelo telefone (61) 3426-0413 ou 3426-0400 ou pelo email ibrades@ccbnet.org.br. Ou ainda pelo site <a href=\"http:\/\/www.ccbnet.org.br\" target=\"_blank\" rel=\"noopener\">www.ccbnet.org.br<\/a><\/div>\n","protected":false},"excerpt":{"rendered":"<p>Est\u00e3o abertas as inscri\u00e7\u00f5es para o curso de especializa\u00e7\u00e3o lato sensu em Educa\u00e7\u00e3o Popular e Cidadania, promovido pelo Instituto Brasileiro de Desenvolvimento (Ibrades), em parceria com o Centro Cultural de Bras\u00edlia (CCB) e a Universidade Cat\u00f3lica (UcB). As inscri\u00e7\u00f5es poder\u00e3o ser feitas at\u00e9 o dia 30 de mar\u00e7o, e o curso ter\u00e1 in\u00edcio em junho.<\/p>\n","protected":false},"author":83,"featured_media":15625,"comment_status":"open","ping_status":"open","sticky":false,"template":"","format":"standard","meta":{"site-sidebar-layout":"default","site-content-layout":"default","ast-global-header-display":"","ast-banner-title-visibility":"","ast-main-header-display":"","ast-hfb-above-header-display":"","ast-hfb-below-header-display":"","ast-hfb-mobile-header-display":"","site-post-title":"","ast-breadcrumbs-content":"","ast-featured-img":"","footer-sml-layout":"","theme-transparent-header-meta":"","adv-header-id-meta":"","stick-header-meta":"","header-above-stick-meta":"","header-main-stick-meta":"","header-below-stick-meta":""},"categories":[748,799],"tags":[],"acf":[],"_links":{"self":[{"href":"https:\/\/www.cnbb.org.br\/cnbb-app\/wp\/v2\/posts\/15624"}],"collection":[{"href":"https:\/\/www.cnbb.org.br\/cnbb-app\/wp\/v2\/posts"}],"about":[{"href":"https:\/\/www.cnbb.org.br\/cnbb-app\/wp\/v2\/types\/post"}],"author":[{"embeddable":true,"href":"https:\/\/www.cnbb.org.br\/cnbb-app\/wp\/v2\/users\/83"}],"replies":[{"embeddable":true,"href":"https:\/\/www.cnbb.org.br\/cnbb-app\/wp\/v2\/comments?post=15624"}],"version-history":[{"count":0,"href":"https:\/\/www.cnbb.org.br\/cnbb-app\/wp\/v2\/posts\/15624\/revisions"}],"wp:featuredmedia":[{"embeddable":true,"href":"https:\/\/www.cnbb.org.br\/cnbb-app\/wp\/v2\/media\/15625"}],"wp:attachment":[{"href":"https:\/\/www.cnbb.org.br\/cnbb-app\/wp\/v2\/media?parent=15624"}],"wp:term":[{"taxonomy":"category","embeddable":true,"href":"https:\/\/www.cnbb.org.br\/cnbb-app\/wp\/v2\/categories?post=15624"},{"taxonomy":"post_tag","embeddable":true,"href":"https:\/\/www.cnbb.org.br\/cnbb-app\/wp\/v2\/tags?post=15624"}],"curies":[{"name":"wp","href":"https:\/\/api.w.org\/{rel}","templated":true}]}}