{"id":15632,"date":"2013-09-04T00:00:00","date_gmt":"2013-09-04T03:00:00","guid":{"rendered":"https:\/\/www.cnbb.org.br\/pastoral-da-educacao-busca-dialogo-entre-igreja-e-sociedade\/"},"modified":"2013-09-04T00:00:00","modified_gmt":"2013-09-04T03:00:00","slug":"pastoral-da-educacao-busca-dialogo-entre-igreja-e-sociedade","status":"publish","type":"post","link":"https:\/\/www.cnbb.org.br\/pastoral-da-educacao-busca-dialogo-entre-igreja-e-sociedade\/","title":{"rendered":"Pastoral da Educa\u00e7\u00e3o busca di\u00e1logo entre Igreja e sociedade"},"content":{"rendered":"<p style=\"text-align: justify\">O Regional Sul 4 da CNBB acolheu o I Encontro da Pastoral da Educa\u00e7\u00e3o, que tratou do tema \u201cPastoral da Educa\u00e7\u00e3o: Igreja e Sociedade em Di\u00e1logo\u201d, entre os dias 30 de agosto e 1\u00ba de setembro, em Florian\u00f3polis, com o objetivo de promover a partilha de experi\u00eancias entre os agentes da Pastoral da Educa\u00e7\u00e3o das dioceses e arquidioceses dos regionais. As reflex\u00f5es foram motivadas pelo Documento 47 da CNBB, Educa\u00e7\u00e3o, Igreja e Sociedade, no qual consta que \u201ca Educa\u00e7\u00e3o &#8211; condi\u00e7\u00e3o b\u00e1sica para o desenvolvimento pessoal e exerc\u00edcio da cidadania &#8211; \u00e9 urg\u00eancia Nacional. A Igreja, que recebeu de Jesus Cristo, Mestre do amor e da Verdade, a miss\u00e3o de educar, sente o dever de contribuir para a supera\u00e7\u00e3o dos desafios e a melhoria do sistema educativo do nosso pa\u00eds\u201d.<\/p>\n<p><!--more--><\/p>\n<p style=\"text-align: justify\">Na oportunidade, os participantes avaliaram e assumiram os encaminhamentos propostos para a Pastoral da Educa\u00e7\u00e3o por ocasi\u00e3o do XVI Encontro Nacional. Al\u00e9m disso, foi proposta a elabora\u00e7\u00e3o das Diretrizes Nacionais da Pastoral da Educa\u00e7\u00e3o a partir da reflex\u00e3o sobre as orienta\u00e7\u00f5es, conceitos e procedimentos para a sua implanta\u00e7\u00e3o; e ampliado o espa\u00e7o de di\u00e1logo e interlocu\u00e7\u00e3o com o poder p\u00fablico e a sociedade civil sobre a educa\u00e7\u00e3o no pa\u00eds.<\/p>\n<p style=\"text-align: justify\">O encontro foi organizado pelos regionais da CNBB no sul do Brasil (Paran\u00e1, Rio Grande do Sul e Santa Catarina), com participa\u00e7\u00e3o do arcebispo de Florian\u00f3polis e presidente do regional Sul 4 da CNBB, dom Wilson Tadeu J\u00f6nck; do bispo-auxiliar de S\u00e3o Paulo e bispo referencial para a Pastoral da Educa\u00e7\u00e3o da CNBB, dom Julio Endi Akamine; do bispo da diocese de Tubar\u00e3o e bispo referencial para Pastoral da Educa\u00e7\u00e3o no regional Sul 4, dom Jo\u00e3o Francisco Salm; e do bispo da diocese de Jacarezinho e bispo referencial para Pastoral da Educa\u00e7\u00e3o no Regional Sul 2, dom Antonio Benevente.<\/p>\n<p style=\"text-align: justify\">Com a realiza\u00e7\u00e3o dos Encontros da Pastoral da Educa\u00e7\u00e3o, pretende-se avan\u00e7ar na organiza\u00e7\u00e3o e articula\u00e7\u00e3o da Pastoral da Educa\u00e7\u00e3o no Brasil.<\/p>\n","protected":false},"excerpt":{"rendered":"<p>O Regional Sul 4 da CNBB acolheu o I Encontro da Pastoral da Educa\u00e7\u00e3o, que tratou do tema \u201cPastoral da Educa\u00e7\u00e3o: Igreja e Sociedade em Di\u00e1logo\u201d, entre os dias 30 de agosto e 1\u00ba de setembro, em Florian\u00f3polis, com o objetivo de promover a partilha de experi\u00eancias entre os agentes da Pastoral da Educa\u00e7\u00e3o das &hellip;<\/p>\n<p class=\"read-more\"> <a class=\"\" href=\"https:\/\/www.cnbb.org.br\/pastoral-da-educacao-busca-dialogo-entre-igreja-e-sociedade\/\"> <span class=\"screen-reader-text\">Pastoral da Educa\u00e7\u00e3o busca di\u00e1logo entre Igreja e sociedade<\/span> Leia mais &raquo;<\/a><\/p>\n","protected":false},"author":83,"featured_media":15633,"comment_status":"open","ping_status":"open","sticky":false,"template":"","format":"standard","meta":{"site-sidebar-layout":"default","site-content-layout":"default","ast-global-header-display":"","ast-banner-title-visibility":"","ast-main-header-display":"","ast-hfb-above-header-display":"","ast-hfb-below-header-display":"","ast-hfb-mobile-header-display":"","site-post-title":"","ast-breadcrumbs-content":"","ast-featured-img":"","footer-sml-layout":"","theme-transparent-header-meta":"","adv-header-id-meta":"","stick-header-meta":"","header-above-stick-meta":"","header-main-stick-meta":"","header-below-stick-meta":""},"categories":[748,799],"tags":[],"acf":[],"_links":{"self":[{"href":"https:\/\/www.cnbb.org.br\/cnbb-app\/wp\/v2\/posts\/15632"}],"collection":[{"href":"https:\/\/www.cnbb.org.br\/cnbb-app\/wp\/v2\/posts"}],"about":[{"href":"https:\/\/www.cnbb.org.br\/cnbb-app\/wp\/v2\/types\/post"}],"author":[{"embeddable":true,"href":"https:\/\/www.cnbb.org.br\/cnbb-app\/wp\/v2\/users\/83"}],"replies":[{"embeddable":true,"href":"https:\/\/www.cnbb.org.br\/cnbb-app\/wp\/v2\/comments?post=15632"}],"version-history":[{"count":0,"href":"https:\/\/www.cnbb.org.br\/cnbb-app\/wp\/v2\/posts\/15632\/revisions"}],"wp:featuredmedia":[{"embeddable":true,"href":"https:\/\/www.cnbb.org.br\/cnbb-app\/wp\/v2\/media\/15633"}],"wp:attachment":[{"href":"https:\/\/www.cnbb.org.br\/cnbb-app\/wp\/v2\/media?parent=15632"}],"wp:term":[{"taxonomy":"category","embeddable":true,"href":"https:\/\/www.cnbb.org.br\/cnbb-app\/wp\/v2\/categories?post=15632"},{"taxonomy":"post_tag","embeddable":true,"href":"https:\/\/www.cnbb.org.br\/cnbb-app\/wp\/v2\/tags?post=15632"}],"curies":[{"name":"wp","href":"https:\/\/api.w.org\/{rel}","templated":true}]}}