{"id":15643,"date":"2014-07-09T00:00:00","date_gmt":"2014-07-09T03:00:00","guid":{"rendered":"https:\/\/www.cnbb.org.br\/infancia-e-adolescencia-missionaria-nas-escolas\/"},"modified":"2014-07-09T00:00:00","modified_gmt":"2014-07-09T03:00:00","slug":"infancia-e-adolescencia-missionaria-nas-escolas","status":"publish","type":"post","link":"https:\/\/www.cnbb.org.br\/infancia-e-adolescencia-missionaria-nas-escolas\/","title":{"rendered":"CCM oferece forma\u00e7\u00e3o mission\u00e1ria para educadores escolares"},"content":{"rendered":"<p style=\"text-align: justify\">De 21 a 25 de julho de 2014, o Centro Cultural Mission\u00e1rio (CCM) e as Pontif\u00edcias Obras Mission\u00e1rias (POM) promovem uma Semana de Forma\u00e7\u00e3o Mission\u00e1ria para Educadores Escolares. O evento ser\u00e1 em Bras\u00edlia e refletir\u00e1 sobre o tema &#8220;A Inf\u00e2ncia e a Adolesc\u00eancia Mission\u00e1ria nas escolas&#8221;.<\/p>\n<p><!--more--><\/p>\n<p style=\"text-align: justify\">\u00a0<span style=\"line-height: 1.3em\">De acordo com a organiza\u00e7\u00e3o, a proposta \u00a0\u00e9 envolver as fam\u00edlias, criar associa\u00e7\u00f5es pr\u00f3prias para desenvolver atividades de cunho social, c\u00edvico, cultural e religioso. \u201cOs pais sentem-se envolvidos e vibram por fazer acontecer a Inf\u00e2ncia Mission\u00e1ria. H\u00e1 casos em que por meio desses eventos, levados pelo testemunho dos filhos, os pais s\u00e3o sensibilizados para uma viv\u00eancia humana e crist\u00e3 mais plena e aut\u00eantica\u201d.<\/span><\/p>\n<p style=\"text-align: justify\">Na Semana de Forma\u00e7\u00e3o, junto aos educadores, ser\u00e3o aprofundados os seguintes temas: o desafio mission\u00e1rio de educar \u00e0 mundialidade; as perspectivas do ensino religioso hoje no Brasil; a proposta da Inf\u00e2ncia e Adolesc\u00eancia Mission\u00e1ria nas escolas.<\/p>\n<p style=\"text-align: justify\">Veja mais informa\u00e7\u00f5es no <a href=\"http:\/\/www.ccm.org.br\/paginas\/view\/id\/85\" target=\"_blank\" rel=\"noopener\">site do Centro Cultural Mission\u00e1rio<\/a>.<\/p>\n<h5 style=\"text-align: justify\">CNBB com informa\u00e7\u00f5es das Pontif\u00edcias Obras Mission\u00e1rias.<\/h5>\n","protected":false},"excerpt":{"rendered":"<p>De 21 a 25 de julho de 2014, o Centro Cultural Mission\u00e1rio (CCM) e as Pontif\u00edcias Obras Mission\u00e1rias (POM) promovem uma Semana de Forma\u00e7\u00e3o Mission\u00e1ria para Educadores Escolares. O evento ser\u00e1 em Bras\u00edlia e refletir\u00e1 sobre o tema &#8220;A Inf\u00e2ncia e a Adolesc\u00eancia Mission\u00e1ria nas escolas&#8221;.<\/p>\n","protected":false},"author":83,"featured_media":15644,"comment_status":"open","ping_status":"open","sticky":false,"template":"","format":"standard","meta":{"site-sidebar-layout":"default","site-content-layout":"default","ast-global-header-display":"","ast-banner-title-visibility":"","ast-main-header-display":"","ast-hfb-above-header-display":"","ast-hfb-below-header-display":"","ast-hfb-mobile-header-display":"","site-post-title":"","ast-breadcrumbs-content":"","ast-featured-img":"","footer-sml-layout":"","theme-transparent-header-meta":"","adv-header-id-meta":"","stick-header-meta":"","header-above-stick-meta":"","header-main-stick-meta":"","header-below-stick-meta":""},"categories":[748,799],"tags":[],"acf":[],"_links":{"self":[{"href":"https:\/\/www.cnbb.org.br\/cnbb-app\/wp\/v2\/posts\/15643"}],"collection":[{"href":"https:\/\/www.cnbb.org.br\/cnbb-app\/wp\/v2\/posts"}],"about":[{"href":"https:\/\/www.cnbb.org.br\/cnbb-app\/wp\/v2\/types\/post"}],"author":[{"embeddable":true,"href":"https:\/\/www.cnbb.org.br\/cnbb-app\/wp\/v2\/users\/83"}],"replies":[{"embeddable":true,"href":"https:\/\/www.cnbb.org.br\/cnbb-app\/wp\/v2\/comments?post=15643"}],"version-history":[{"count":0,"href":"https:\/\/www.cnbb.org.br\/cnbb-app\/wp\/v2\/posts\/15643\/revisions"}],"wp:featuredmedia":[{"embeddable":true,"href":"https:\/\/www.cnbb.org.br\/cnbb-app\/wp\/v2\/media\/15644"}],"wp:attachment":[{"href":"https:\/\/www.cnbb.org.br\/cnbb-app\/wp\/v2\/media?parent=15643"}],"wp:term":[{"taxonomy":"category","embeddable":true,"href":"https:\/\/www.cnbb.org.br\/cnbb-app\/wp\/v2\/categories?post=15643"},{"taxonomy":"post_tag","embeddable":true,"href":"https:\/\/www.cnbb.org.br\/cnbb-app\/wp\/v2\/tags?post=15643"}],"curies":[{"name":"wp","href":"https:\/\/api.w.org\/{rel}","templated":true}]}}