{"id":15646,"date":"2014-08-25T00:00:00","date_gmt":"2014-08-25T03:00:00","guid":{"rendered":"https:\/\/www.cnbb.org.br\/inclusao-e-proposta-no-9-encontro-da-pastoral-da-educacao\/"},"modified":"2014-08-25T00:00:00","modified_gmt":"2014-08-25T03:00:00","slug":"inclusao-e-proposta-no-9-encontro-da-pastoral-da-educacao","status":"publish","type":"post","link":"https:\/\/www.cnbb.org.br\/inclusao-e-proposta-no-9-encontro-da-pastoral-da-educacao\/","title":{"rendered":"Diocese de Colatina realiza 9\u00ba Encontro da Pastoral da Educa\u00e7\u00e3o"},"content":{"rendered":"<p style=\"text-align: justify\" align=\"center\"><span style=\"line-height: 1.3em\">Com a proposta de debater o tema \u201cEduca\u00e7\u00e3o e Inclus\u00e3o a Servi\u00e7o da Vida\u201d, o 9\u00ba Encontro da Pastoral da Educa\u00e7\u00e3o da diocese de Colatina (ES) reuniu mais de mil participantes entre educadores, gestores educacionais, catequistas, alunos, \u00a0coordena\u00e7\u00e3o diocesana de pastoral, assessores, padres, religiosos, autoridades civis e representantes da secretaria da Educa\u00e7\u00e3o. O evento contou com palestra do professor em educa\u00e7\u00e3o, Miguel Arroyo.<\/span><\/p>\n<p><!--more--><\/p>\n<p style=\"text-align: justify\" align=\"center\"><span style=\"line-height: 1.3em\">No encontro, o bispo em\u00e9rito de Colatina, dom D\u00e9cio Sossai Zandonade, destacou a participa\u00e7\u00e3o do palestrante e suas contribui\u00e7\u00f5es para a Pastoral da Educa\u00e7\u00e3o no Brasil. \u201cArroyo \u00e9 um grande educador, escritor e pesquisador de profundo conhecimento e tamb\u00e9m de grande simpatia, que mexeu com o cora\u00e7\u00e3o de todos\u201d, disse.<\/span><\/p>\n<p style=\"text-align: justify\" align=\"center\"><span style=\"line-height: 1.3em\">Dom D\u00e9cio tamb\u00e9m comentou que esse encontro tem crescido a cada ano, fortalecendo, assim, \u00a0a Pastoral da Educa\u00e7\u00e3o.\u00a0<\/span><\/p>\n<p style=\"text-align: justify\"><span style=\"line-height: 1.3em\">O coordenador diocesano da Pastoral da Educa\u00e7\u00e3o, professor Anderson Mendes Batista dos Anjos, avalia positivamente o encontro e a participa\u00e7\u00e3o dos catequistas da diocese. \u00a0\u201cBuscamos motivar a presen\u00e7a deles, pela import\u00e2ncia do papel que realizam na educa\u00e7\u00e3o crist\u00e3. Foi uma parceria que deu certo, al\u00e9m de contarmos com a presen\u00e7a de in\u00fameros acad\u00eamicos de Pedagogia das institui\u00e7\u00f5es de ensino superior da regi\u00e3o\u201d, disse.<\/span><\/p>\n<h5 style=\"text-align: justify\"><strong><em><span style=\"line-height: 1.3em\">Com informa\u00e7\u00f5es e fotografia da diocese de Colatina.<\/span><\/em><\/strong><\/h5>\n","protected":false},"excerpt":{"rendered":"<p>Com a proposta de debater o tema \u201cEduca\u00e7\u00e3o e Inclus\u00e3o a Servi\u00e7o da Vida\u201d, o 9\u00ba Encontro da Pastoral da Educa\u00e7\u00e3o da diocese de Colatina (ES) reuniu mais de mil participantes entre educadores, gestores educacionais, catequistas, alunos, \u00a0coordena\u00e7\u00e3o diocesana de pastoral, assessores, padres, religiosos, autoridades civis e representantes da secretaria da Educa\u00e7\u00e3o. O evento contou &hellip;<\/p>\n<p class=\"read-more\"> <a class=\"\" href=\"https:\/\/www.cnbb.org.br\/inclusao-e-proposta-no-9-encontro-da-pastoral-da-educacao\/\"> <span class=\"screen-reader-text\">Diocese de Colatina realiza 9\u00ba Encontro da Pastoral da Educa\u00e7\u00e3o<\/span> Leia mais &raquo;<\/a><\/p>\n","protected":false},"author":83,"featured_media":15647,"comment_status":"open","ping_status":"open","sticky":false,"template":"","format":"standard","meta":{"site-sidebar-layout":"default","site-content-layout":"default","ast-global-header-display":"","ast-banner-title-visibility":"","ast-main-header-display":"","ast-hfb-above-header-display":"","ast-hfb-below-header-display":"","ast-hfb-mobile-header-display":"","site-post-title":"","ast-breadcrumbs-content":"","ast-featured-img":"","footer-sml-layout":"","theme-transparent-header-meta":"","adv-header-id-meta":"","stick-header-meta":"","header-above-stick-meta":"","header-main-stick-meta":"","header-below-stick-meta":""},"categories":[748,799],"tags":[],"acf":[],"_links":{"self":[{"href":"https:\/\/www.cnbb.org.br\/cnbb-app\/wp\/v2\/posts\/15646"}],"collection":[{"href":"https:\/\/www.cnbb.org.br\/cnbb-app\/wp\/v2\/posts"}],"about":[{"href":"https:\/\/www.cnbb.org.br\/cnbb-app\/wp\/v2\/types\/post"}],"author":[{"embeddable":true,"href":"https:\/\/www.cnbb.org.br\/cnbb-app\/wp\/v2\/users\/83"}],"replies":[{"embeddable":true,"href":"https:\/\/www.cnbb.org.br\/cnbb-app\/wp\/v2\/comments?post=15646"}],"version-history":[{"count":0,"href":"https:\/\/www.cnbb.org.br\/cnbb-app\/wp\/v2\/posts\/15646\/revisions"}],"wp:featuredmedia":[{"embeddable":true,"href":"https:\/\/www.cnbb.org.br\/cnbb-app\/wp\/v2\/media\/15647"}],"wp:attachment":[{"href":"https:\/\/www.cnbb.org.br\/cnbb-app\/wp\/v2\/media?parent=15646"}],"wp:term":[{"taxonomy":"category","embeddable":true,"href":"https:\/\/www.cnbb.org.br\/cnbb-app\/wp\/v2\/categories?post=15646"},{"taxonomy":"post_tag","embeddable":true,"href":"https:\/\/www.cnbb.org.br\/cnbb-app\/wp\/v2\/tags?post=15646"}],"curies":[{"name":"wp","href":"https:\/\/api.w.org\/{rel}","templated":true}]}}