{"id":15648,"date":"2014-09-04T00:00:00","date_gmt":"2014-09-04T03:00:00","guid":{"rendered":"https:\/\/www.cnbb.org.br\/encontro-da-pastoral-da-educacao-elabora-diretrizes-nacionais-da-area\/"},"modified":"2014-09-04T00:00:00","modified_gmt":"2014-09-04T03:00:00","slug":"encontro-da-pastoral-da-educacao-elabora-diretrizes-nacionais-da-area","status":"publish","type":"post","link":"https:\/\/www.cnbb.org.br\/encontro-da-pastoral-da-educacao-elabora-diretrizes-nacionais-da-area\/","title":{"rendered":"Encontro da Pastoral da Educa\u00e7\u00e3o elabora diretrizes nacionais"},"content":{"rendered":"<p style=\"text-align: justify\"><span style=\"line-height: 1.3em\">Cerca de 60 pessoas participaram do XVII Encontro Nacional da Pastoral da Educa\u00e7\u00e3o, organizado pelo Setor Educa\u00e7\u00e3o da Comiss\u00e3o Episcopal Pastoral para a Cultura e a Educa\u00e7\u00e3o da CNBB, entre os dias 29 e 31 de agosto, em Curitiba. \u00a0<\/span><\/p>\n<p><!--more--><\/p>\n<p style=\"text-align: justify\"><span style=\"line-height: 1.3em\">Representantes de regionais da CNBB estiveram reunidos no Centro Marista Marcelino Champagnat (CMMC), com o objetivo de trabalhar na constru\u00e7\u00e3o das Diretrizes Nacionais da Pastoral da Educa\u00e7\u00e3o. O encontro contou com a presen\u00e7a de leigos, padres e bispos comprometidos com a educa\u00e7\u00e3o.<\/span><\/p>\n<p style=\"text-align: justify\">O bispo auxiliar de Belo Horizonte (MG) e presidente da Comiss\u00e3o Episcopal Pastoral para a Cultura e a Educa\u00e7\u00e3o, dom Joaquim Giovani Mol Guimar\u00e3es, acompanhou os trabalhos motivando e animando o servi\u00e7o pastoral nesta \u00e1rea, que \u00e9 de fundamental import\u00e2ncia para a vida da Igreja.<\/p>\n<p style=\"text-align: justify\">A Associa\u00e7\u00e3o Nacional de Educa\u00e7\u00e3o Cat\u00f3lica do Brasil (Anec) foi representada pela coordenadora de Pastoral, Elisangela Dias Barbosa; pelos secret\u00e1rios estaduais no Paran\u00e1, Olivete Siqueira, e no Rio Grande do Sul, Harlei Antonio Noro; e pela diretoria nacional, irm\u00e3o Frederico Unterberger.<\/p>\n<p style=\"text-align: justify\"><span style=\"line-height: 1.3em\">Ao final do encontro, todos aprovaram a constitui\u00e7\u00e3o de uma Comiss\u00e3o de Reda\u00e7\u00e3o, que ser\u00e1 respons\u00e1vel pela sistematiza\u00e7\u00e3o das contribui\u00e7\u00f5es feitas pelos grupos, como manifestado na tribuna livre. Posteriormente, o texto ser\u00e1 submetido \u00e0 leitura cr\u00edtica de um grupo de especialistas.<\/span><\/p>\n<p style=\"text-align: justify\">Os educadores interessados podem participar do Grupo criado no Facebook \u201cPastoral da Educa\u00e7\u00e3o CNBB\u201d para partilhar informa\u00e7\u00f5es e experi\u00eancias relacionadas \u00e0 Pastoral da Educa\u00e7\u00e3o, acess\u00edvel pelo endere\u00e7o:\u00a0 <a href=\"https:\/\/www.facebook.com\/groups\/212481078812641\/\" target=\"_blank\" rel=\"noopener noreferrer\">https:\/\/www.facebook.com\/groups\/212481078812641\/<\/a><\/p>\n<p style=\"text-align: justify\"><span style=\"font-size: xx-small\"><em><strong>Com informa\u00e7\u00f5es da Anec<\/strong><\/em><\/span><\/p>\n","protected":false},"excerpt":{"rendered":"<p>Cerca de 60 pessoas participaram do XVII Encontro Nacional da Pastoral da Educa\u00e7\u00e3o, organizado pelo Setor Educa\u00e7\u00e3o da Comiss\u00e3o Episcopal Pastoral para a Cultura e a Educa\u00e7\u00e3o da CNBB, entre os dias 29 e 31 de agosto, em Curitiba. \u00a0<\/p>\n","protected":false},"author":83,"featured_media":15649,"comment_status":"open","ping_status":"open","sticky":false,"template":"","format":"standard","meta":{"site-sidebar-layout":"default","site-content-layout":"default","ast-global-header-display":"","ast-banner-title-visibility":"","ast-main-header-display":"","ast-hfb-above-header-display":"","ast-hfb-below-header-display":"","ast-hfb-mobile-header-display":"","site-post-title":"","ast-breadcrumbs-content":"","ast-featured-img":"","footer-sml-layout":"","theme-transparent-header-meta":"","adv-header-id-meta":"","stick-header-meta":"","header-above-stick-meta":"","header-main-stick-meta":"","header-below-stick-meta":""},"categories":[748,799],"tags":[],"acf":[],"_links":{"self":[{"href":"https:\/\/www.cnbb.org.br\/cnbb-app\/wp\/v2\/posts\/15648"}],"collection":[{"href":"https:\/\/www.cnbb.org.br\/cnbb-app\/wp\/v2\/posts"}],"about":[{"href":"https:\/\/www.cnbb.org.br\/cnbb-app\/wp\/v2\/types\/post"}],"author":[{"embeddable":true,"href":"https:\/\/www.cnbb.org.br\/cnbb-app\/wp\/v2\/users\/83"}],"replies":[{"embeddable":true,"href":"https:\/\/www.cnbb.org.br\/cnbb-app\/wp\/v2\/comments?post=15648"}],"version-history":[{"count":0,"href":"https:\/\/www.cnbb.org.br\/cnbb-app\/wp\/v2\/posts\/15648\/revisions"}],"wp:featuredmedia":[{"embeddable":true,"href":"https:\/\/www.cnbb.org.br\/cnbb-app\/wp\/v2\/media\/15649"}],"wp:attachment":[{"href":"https:\/\/www.cnbb.org.br\/cnbb-app\/wp\/v2\/media?parent=15648"}],"wp:term":[{"taxonomy":"category","embeddable":true,"href":"https:\/\/www.cnbb.org.br\/cnbb-app\/wp\/v2\/categories?post=15648"},{"taxonomy":"post_tag","embeddable":true,"href":"https:\/\/www.cnbb.org.br\/cnbb-app\/wp\/v2\/tags?post=15648"}],"curies":[{"name":"wp","href":"https:\/\/api.w.org\/{rel}","templated":true}]}}