{"id":15659,"date":"2015-09-28T00:00:00","date_gmt":"2015-09-28T03:00:00","guid":{"rendered":"https:\/\/www.cnbb.org.br\/em-outubro-acontece-3-edicao-do-ebruc-e-do-forum-de-cultura-em-colatina-es\/"},"modified":"2015-09-28T00:00:00","modified_gmt":"2015-09-28T03:00:00","slug":"em-outubro-acontece-3-edicao-do-ebruc-e-do-forum-de-cultura-em-colatina-es","status":"publish","type":"post","link":"https:\/\/www.cnbb.org.br\/em-outubro-acontece-3-edicao-do-ebruc-e-do-forum-de-cultura-em-colatina-es\/","title":{"rendered":"Colatina (ES) sedia 3\u00aa edi\u00e7\u00e3o do Ebruc e do F\u00f3rum de Cultura"},"content":{"rendered":"<p>Eventos articulados s\u00e3o voltados ao p\u00fablico das universidades. Programa\u00e7\u00e3o conta com debates e atividades culturais<\/p>\n<p>  <!--more-->  <\/p>\n<p style=\"text-align: justify\">Em sintonia com a Campanha da Fraternidade de 2015, que tratou sobre Igreja e Sociedade, a 3\u00aa edi\u00e7\u00e3o do Encontro Brasileiro dos Universit\u00e1rios Crist\u00e3os (Ebruc) acontecer\u00e1 de 10 a 12 de outubro, em Colatina (ES), com o tema\u00a0tema: \u201cUniversidade e Sociedade\u201d.<\/p>\n<p class=\"MsoNormal\" style=\"text-align: justify\">A iniciativa do Setor Universidades da Comiss\u00e3o Episcopal Pastoral para a Cultura e Educa\u00e7\u00e3o da Confer\u00eancia Nacional dos Bispos do Brasil (CNBB) tem a miss\u00e3o de favorecer o interc\u00e2mbio de experi\u00eancias e reflex\u00f5es acerca de quest\u00f5es\u00a0pertinentes \u00e0 vida universit\u00e1ria, entre os membros da Pastoral Universit\u00e1ria e as mais diversas formas de presen\u00e7a da Igreja nas Institui\u00e7\u00f5es de Ensino Superior.<\/p>\n<p class=\"MsoNormal\" style=\"text-align: justify\">Est\u00e3o convidados a participar do Ebruc os universit\u00e1rios, professores, funcion\u00e1rios do Ensino Superior, pesquisadores, coordenadores diocesanos e agentes de Pastoral Universit\u00e1ria, al\u00e9m de movimentos e congrega\u00e7\u00f5es que atuam no \u00e2mbito das universidades.<\/p>\n<p class=\"MsoNormal\" style=\"text-align: justify\">O lema do evento, \u201cTecendo a vida com arte. A rede da Pastoral Universit\u00e1ria na cultura e sociedade\u201d, tamb\u00e9m conduzir\u00e1 aprofundamentos sobre os pontos de diverg\u00eancia e converg\u00eancia entre universidade e sociedade e a presen\u00e7a da Pastoral Universit\u00e1ria na sociedade, iluminando a\u00e7\u00f5es.<\/p>\n<p class=\"MsoNormal\" style=\"text-align: justify\">A programa\u00e7\u00e3o conta ainda com atividades culturais, palestras, mesa-redonda, oficinas, din\u00e2micas de integra\u00e7\u00e3o, celebra\u00e7\u00f5es e oportunidades para a partilha de experi\u00eancias.<\/p>\n<p class=\"MsoNormal\" style=\"text-align: justify\"><strong>F\u00f3rum Brasileiro de Cultura<\/strong><\/p>\n<p class=\"MsoNormal\" style=\"text-align: justify\">De forma articulada ao Ebruc, o F\u00f3rum Brasileiro de Cultura ser\u00e1 realizado tamb\u00e9m em Colatina, dias 11 e 12 de outubro. Com o tema \u201cHospitalidade e comensalidade\u201d, prop\u00f5e analisar a quest\u00e3o como a\u00e7\u00f5es culturais, que inculturam valores universais no cotidiano dos moradores da cidade.<\/p>\n<p class=\"MsoNormal\" style=\"text-align: justify\">Tamb\u00e9m promovido pelo Setor Universidades da CNBB, o F\u00f3rum de Cultura \u00e9 um encontro de atores, projetos e riquezas culturais das diversas regi\u00f5es do Brasil, com a finalidade de favorecer a troca de experi\u00eancias, o interc\u00e2mbio de produtos e o estabelecimento de parcerias em n\u00edveis regionais e nacional.<\/p>\n<p class=\"MsoNormal\" style=\"text-align: justify\">O mesmo p\u00fablico do Ebruc acrescido de artistas, as comiss\u00f5es de bens culturais, os centros culturais cat\u00f3licos, agentes de turismo religioso e outros organismos que trabalham com a cultura e pessoas interessadas no tema podem participar do f\u00f3rum.<\/p>\n<p class=\"MsoNormal\" style=\"text-align: justify\">O evento contar\u00e1 com atividades culturais, experi\u00eancias gastron\u00f4micas, feira de cultura, concerto, show, palestras e oficinas. Haver\u00e1 tamb\u00e9m a presen\u00e7a da Orquestra de C\u00e2mara da Pontif\u00edcia Universidade Cat\u00f3lica do Paran\u00e1 (PUC PR), do professor Roberto da Mata e de outros conferencistas para as mesas tem\u00e1ticas.<\/p>\n<p class=\"MsoNormal\" style=\"text-align: justify\">Para outras informa\u00e7\u00f5es e\u00a0inscri\u00e7\u00f5es para o evento,\u00a0<a title=\"Inscri\u00e7\u00f5es - Ebruc e F\u00f3rum de Cultura\" href=\"http:\/\/servico.cnbb.org.br\/evento\/inscricao\/visualiza-evento\/q\/aMwIG2ZY0hB8dA6RtHkhlpJQnUoBHnViq8qo05AiT3Zv3U3eUd\" target=\"_blank\" rel=\"noopener noreferrer\">clique aqui<\/a>.<\/p>\n<h5 class=\"MsoNormal\">Com informa\u00e7\u00f5es do Setor Universidades<\/h5>\n<p class=\"MsoNormal\">\u00a0<\/p>\n<p>\u00a0<\/p>\n<p class=\"MsoNormal\">\u00a0<\/p>\n","protected":false},"excerpt":{"rendered":"<p>Eventos articulados s\u00e3o voltados ao p\u00fablico das universidades. Programa\u00e7\u00e3o conta com debates e atividades culturais<\/p>\n","protected":false},"author":83,"featured_media":15660,"comment_status":"open","ping_status":"open","sticky":false,"template":"","format":"standard","meta":{"site-sidebar-layout":"default","site-content-layout":"default","ast-global-header-display":"","ast-banner-title-visibility":"","ast-main-header-display":"","ast-hfb-above-header-display":"","ast-hfb-below-header-display":"","ast-hfb-mobile-header-display":"","site-post-title":"","ast-breadcrumbs-content":"","ast-featured-img":"","footer-sml-layout":"","theme-transparent-header-meta":"","adv-header-id-meta":"","stick-header-meta":"","header-above-stick-meta":"","header-main-stick-meta":"","header-below-stick-meta":""},"categories":[748,799],"tags":[],"acf":[],"_links":{"self":[{"href":"https:\/\/www.cnbb.org.br\/cnbb-app\/wp\/v2\/posts\/15659"}],"collection":[{"href":"https:\/\/www.cnbb.org.br\/cnbb-app\/wp\/v2\/posts"}],"about":[{"href":"https:\/\/www.cnbb.org.br\/cnbb-app\/wp\/v2\/types\/post"}],"author":[{"embeddable":true,"href":"https:\/\/www.cnbb.org.br\/cnbb-app\/wp\/v2\/users\/83"}],"replies":[{"embeddable":true,"href":"https:\/\/www.cnbb.org.br\/cnbb-app\/wp\/v2\/comments?post=15659"}],"version-history":[{"count":0,"href":"https:\/\/www.cnbb.org.br\/cnbb-app\/wp\/v2\/posts\/15659\/revisions"}],"wp:featuredmedia":[{"embeddable":true,"href":"https:\/\/www.cnbb.org.br\/cnbb-app\/wp\/v2\/media\/15660"}],"wp:attachment":[{"href":"https:\/\/www.cnbb.org.br\/cnbb-app\/wp\/v2\/media?parent=15659"}],"wp:term":[{"taxonomy":"category","embeddable":true,"href":"https:\/\/www.cnbb.org.br\/cnbb-app\/wp\/v2\/categories?post=15659"},{"taxonomy":"post_tag","embeddable":true,"href":"https:\/\/www.cnbb.org.br\/cnbb-app\/wp\/v2\/tags?post=15659"}],"curies":[{"name":"wp","href":"https:\/\/api.w.org\/{rel}","templated":true}]}}