{"id":15661,"date":"2015-09-24T00:00:00","date_gmt":"2015-09-24T03:00:00","guid":{"rendered":"https:\/\/www.cnbb.org.br\/comissao-episcopal-para-a-cultura-e-educacao-se-reune-em-belo-horizonte\/"},"modified":"2015-09-24T00:00:00","modified_gmt":"2015-09-24T03:00:00","slug":"comissao-episcopal-para-a-cultura-e-educacao-se-reune-em-belo-horizonte","status":"publish","type":"post","link":"https:\/\/www.cnbb.org.br\/comissao-episcopal-para-a-cultura-e-educacao-se-reune-em-belo-horizonte\/","title":{"rendered":"Comiss\u00e3o Episcopal para a Cultura e Educa\u00e7\u00e3o re\u00fane-se em Belo Horizonte"},"content":{"rendered":"<p style=\"text-align: justify\">Membros refletiram sobre perspectivas e a aplica\u00e7\u00e3o das Diretrizes Gerais<\/p>\n<p>  <!--more-->  <\/p>\n<p style=\"text-align: justify\">Com o objetivo de planejar as a\u00e7\u00f5es do quadri\u00eanio 2015-2019, os membros da Comiss\u00e3o Episcopal Pastoral para a Cultura e Educa\u00e7\u00e3o da Confer\u00eancia Nacional dos Bispos do Brasil (CNBB) reuniram-se na sede do regional Leste 2, em Belo Horizonte (MG), na \u00faltima ter\u00e7a, 22.<\/p>\n<p style=\"text-align: justify\">A reuni\u00e3o foi conduzida pelo bispo auxiliar da arquidiocese de Belo Horizonte e presidente da Comiss\u00e3o, dom Jo\u00e3o Justino de Medeiros Silva, e contou com a presen\u00e7a dos demais membros: o arcebispo de Pouso Alegre (MG), dom Jos\u00e9 Luiz Majella Delgado; o bispo da diocese de Campos (RJ), dom Jos\u00e9 Roberto Francisco Ferrer\u00eda Paz;\u00a0o bispo auxiliar da arquidiocese de S\u00e3o Paulo (SP), dom Julio Endi Akamine; \u00a0al\u00e9m de padres e leigos que atuam junto \u00e0 Comiss\u00e3o. \u00a0<\/p>\n<p style=\"text-align: justify\">Tamb\u00e9m participou do encontro o bispo auxiliar de Belo Horizonte e ex-presidente da Comiss\u00e3o, dom Joaquim Giovani Mol Guimar\u00e3es, que fez uma retrospectiva do trabalho desenvolvido e tra\u00e7ou perspectivas.<\/p>\n<p style=\"text-align: justify\">As Diretrizes Gerais da A\u00e7\u00e3o Evangelizadora da Igreja no Brasil 2015-2019 e sua aplica\u00e7\u00e3o na Comiss\u00e3o para a Cultura e Educa\u00e7\u00e3o tamb\u00e9m foram discutidas. Os participantes apresentaram propostas e avalia\u00e7\u00f5es que ir\u00e3o contribuir para o Plano de Pastoral Quadrienal 2015-2019.<\/p>\n<h5 style=\"text-align: justify\">Com informa\u00e7\u00f5es e foto do regional Leste 2<\/h5>\n<p style=\"text-align: justify\">\u00a0<\/p>\n","protected":false},"excerpt":{"rendered":"<p>Membros refletiram sobre perspectivas e a aplica\u00e7\u00e3o das Diretrizes Gerais<\/p>\n","protected":false},"author":83,"featured_media":15662,"comment_status":"open","ping_status":"open","sticky":false,"template":"","format":"standard","meta":{"site-sidebar-layout":"default","site-content-layout":"default","ast-global-header-display":"","ast-banner-title-visibility":"","ast-main-header-display":"","ast-hfb-above-header-display":"","ast-hfb-below-header-display":"","ast-hfb-mobile-header-display":"","site-post-title":"","ast-breadcrumbs-content":"","ast-featured-img":"","footer-sml-layout":"","theme-transparent-header-meta":"","adv-header-id-meta":"","stick-header-meta":"","header-above-stick-meta":"","header-main-stick-meta":"","header-below-stick-meta":""},"categories":[748,799],"tags":[],"acf":[],"_links":{"self":[{"href":"https:\/\/www.cnbb.org.br\/cnbb-app\/wp\/v2\/posts\/15661"}],"collection":[{"href":"https:\/\/www.cnbb.org.br\/cnbb-app\/wp\/v2\/posts"}],"about":[{"href":"https:\/\/www.cnbb.org.br\/cnbb-app\/wp\/v2\/types\/post"}],"author":[{"embeddable":true,"href":"https:\/\/www.cnbb.org.br\/cnbb-app\/wp\/v2\/users\/83"}],"replies":[{"embeddable":true,"href":"https:\/\/www.cnbb.org.br\/cnbb-app\/wp\/v2\/comments?post=15661"}],"version-history":[{"count":0,"href":"https:\/\/www.cnbb.org.br\/cnbb-app\/wp\/v2\/posts\/15661\/revisions"}],"wp:featuredmedia":[{"embeddable":true,"href":"https:\/\/www.cnbb.org.br\/cnbb-app\/wp\/v2\/media\/15662"}],"wp:attachment":[{"href":"https:\/\/www.cnbb.org.br\/cnbb-app\/wp\/v2\/media?parent=15661"}],"wp:term":[{"taxonomy":"category","embeddable":true,"href":"https:\/\/www.cnbb.org.br\/cnbb-app\/wp\/v2\/categories?post=15661"},{"taxonomy":"post_tag","embeddable":true,"href":"https:\/\/www.cnbb.org.br\/cnbb-app\/wp\/v2\/tags?post=15661"}],"curies":[{"name":"wp","href":"https:\/\/api.w.org\/{rel}","templated":true}]}}