{"id":15673,"date":"2016-10-18T00:00:00","date_gmt":"2016-10-18T02:00:00","guid":{"rendered":"https:\/\/www.cnbb.org.br\/comissao-para-a-cultura-e-a-educacao-discute-prioridades-para-o-quadrienio\/"},"modified":"2016-10-18T00:00:00","modified_gmt":"2016-10-18T02:00:00","slug":"comissao-para-a-cultura-e-a-educacao-discute-prioridades-para-o-quadrienio","status":"publish","type":"post","link":"https:\/\/www.cnbb.org.br\/comissao-para-a-cultura-e-a-educacao-discute-prioridades-para-o-quadrienio\/","title":{"rendered":"Comiss\u00e3o para a Cultura e a Educa\u00e7\u00e3o discute prioridades para o quadri\u00eanio"},"content":{"rendered":"<p style=\"text-align: justify\">Entre os destaques est\u00e3o o IV Encontro Brasileiro de Universit\u00e1rios Crist\u00e3os<\/p>\n<p>  <!--more-->  <\/p>\n<p style=\"text-align: justify\">A Comiss\u00e3o Episcopal Pastoral para a Cultura e a Educa\u00e7\u00e3o da Confer\u00eancia Nacional dos Bispos do Brasil (CNBB) realizou, no dia 10 de outubro, em Belo Horizonte (MG), o terceiro encontro de avalia\u00e7\u00e3o e planejamento do quadri\u00eanio (2015 a 2019). O evento contou com a presen\u00e7a do bispo auxiliar de Belo Horizonte e presidente da Comiss\u00e3o, dom Jo\u00e3o Justino, al\u00e9m de bispos referenciais e assessores.<\/p>\n<p style=\"text-align: justify\">Durante a reuni\u00e3o, o discurso do papa Francisco na Comemora\u00e7\u00e3o do Cinquenten\u00e1rio da Institui\u00e7\u00e3o do S\u00ednodo dos Bispos, que trata sobre a import\u00e2ncia da sinodalidade para a vida da Igreja ganhou destaque entre os participantes. Segundo dom Jo\u00e3o Justino, a primeira preocupa\u00e7\u00e3o \u00e9 aplicar a sinodalidade no interno da Comiss\u00e3o que tem campos pr\u00f3prios de a\u00e7\u00e3o evangelizadora, como a educa\u00e7\u00e3o, universidades, cultura e ensino religioso.<\/p>\n<p style=\"text-align: justify\">\u201cEntendemos que a sinodalidade \u00e9 uma dimens\u00e3o constitutiva da Igreja. Sentimo-nos interpelados pelo papa Francisco, inclusive, a contribuir por meio da nossa Comiss\u00e3o para que a Igreja do Brasil intua caminhos de praticar sempre mais a sinodalidade\u201d, destacou o bispo.<\/p>\n<p style=\"text-align: justify\">Como fruto da reflex\u00e3o sobre o tema da sinodalidade, os participantes definiram que o F\u00f3rum Brasileiro de Cultura ser\u00e1 transformado no F\u00f3rum Brasileiro de Educa\u00e7\u00e3o e Cultura. A nova modalidade da atividade ser\u00e1 um catalisador das experi\u00eancias das bases e um retrato da caminhada conjunta das diversas express\u00f5es eclesiais no campo da cultura, educa\u00e7\u00e3o, ensino religioso e universidades do pa\u00eds.<\/p>\n<p style=\"text-align: justify\">Ainda dentre as principais atividades dos setores da Comiss\u00e3o de Educa\u00e7\u00e3o e Cultura para o ano de 2017, discutidas durante a reuni\u00e3o, est\u00e3o o IV Encontro Brasileiro de Universit\u00e1rios Crist\u00e3os (EBRUC), que acontecer\u00e1 em Manaus (AM); o lan\u00e7amento do livro \u201cProjetos Culturais\u201d; encontros regionais da Pastoral da Educa\u00e7\u00e3o e a forma\u00e7\u00e3o de mais grupos do Projeto Empresa com Valores, em mais estados do pa\u00eds. \u00a0<\/p>\n<h4 style=\"text-align: justify\">Com informa\u00e7\u00f5es e foto do Setor Universidades<\/h4>\n<p>\u00a0<\/p>\n","protected":false},"excerpt":{"rendered":"<p>Entre os destaques est\u00e3o o IV Encontro Brasileiro de Universit\u00e1rios Crist\u00e3os<\/p>\n","protected":false},"author":83,"featured_media":15674,"comment_status":"open","ping_status":"open","sticky":false,"template":"","format":"standard","meta":{"site-sidebar-layout":"default","site-content-layout":"default","ast-global-header-display":"","ast-banner-title-visibility":"","ast-main-header-display":"","ast-hfb-above-header-display":"","ast-hfb-below-header-display":"","ast-hfb-mobile-header-display":"","site-post-title":"","ast-breadcrumbs-content":"","ast-featured-img":"","footer-sml-layout":"","theme-transparent-header-meta":"","adv-header-id-meta":"","stick-header-meta":"","header-above-stick-meta":"","header-main-stick-meta":"","header-below-stick-meta":""},"categories":[748,799],"tags":[],"acf":[],"_links":{"self":[{"href":"https:\/\/www.cnbb.org.br\/cnbb-app\/wp\/v2\/posts\/15673"}],"collection":[{"href":"https:\/\/www.cnbb.org.br\/cnbb-app\/wp\/v2\/posts"}],"about":[{"href":"https:\/\/www.cnbb.org.br\/cnbb-app\/wp\/v2\/types\/post"}],"author":[{"embeddable":true,"href":"https:\/\/www.cnbb.org.br\/cnbb-app\/wp\/v2\/users\/83"}],"replies":[{"embeddable":true,"href":"https:\/\/www.cnbb.org.br\/cnbb-app\/wp\/v2\/comments?post=15673"}],"version-history":[{"count":0,"href":"https:\/\/www.cnbb.org.br\/cnbb-app\/wp\/v2\/posts\/15673\/revisions"}],"wp:featuredmedia":[{"embeddable":true,"href":"https:\/\/www.cnbb.org.br\/cnbb-app\/wp\/v2\/media\/15674"}],"wp:attachment":[{"href":"https:\/\/www.cnbb.org.br\/cnbb-app\/wp\/v2\/media?parent=15673"}],"wp:term":[{"taxonomy":"category","embeddable":true,"href":"https:\/\/www.cnbb.org.br\/cnbb-app\/wp\/v2\/categories?post=15673"},{"taxonomy":"post_tag","embeddable":true,"href":"https:\/\/www.cnbb.org.br\/cnbb-app\/wp\/v2\/tags?post=15673"}],"curies":[{"name":"wp","href":"https:\/\/api.w.org\/{rel}","templated":true}]}}