{"id":15727,"date":"2010-05-12T00:00:00","date_gmt":"2010-05-12T03:00:00","guid":{"rendered":"https:\/\/www.cnbb.org.br\/o-empenho-ecumenico-da-igreja-catolica-no-brasil-1\/"},"modified":"2010-05-12T00:00:00","modified_gmt":"2010-05-12T03:00:00","slug":"o-empenho-ecumenico-da-igreja-catolica-no-brasil-1","status":"publish","type":"post","link":"https:\/\/www.cnbb.org.br\/o-empenho-ecumenico-da-igreja-catolica-no-brasil-1\/","title":{"rendered":"O empenho ecum\u00eanico da Igreja Cat\u00f3lica no Brasil"},"content":{"rendered":"<p style=\"text-align: justify\">A Comiss\u00e3o Episcopal para o Ecumenismo e o Di\u00e1logo Interreligioso da CNBB apresentou aos bispos reunidos em Assembleia, em Bras\u00edlia, um texto relatando o empenho ecum\u00eanico da Igreja Cat\u00f3lica no Brasil. O texto foi explicado, na sexta-feira, 7, pelo assessor da Comiss\u00e3o, padre Elias Wolff.<\/p>\n<p><!--more--><\/p>\n<p style=\"text-align: justify\">Segundo o texto, os caminhos ecum\u00eanicos no Brasil \u201cn\u00e3o s\u00e3o ainda consistentes\u201d. S\u00e3o indicados como desafios a serem superados \u201ca perda do sentido da perten\u00e7a eclesial\u201d; \u201co limitado n\u00famero de pessoas e Igrejas que aderem ao ecumenismo\u201d; a fragilidade das motiva\u00e7\u00f5es para o di\u00e1logo\u201d; \u201co fr\u00e1gil compromisso ecum\u00eanico por parte das lideran\u00e7as eclesi\u00e1sticas\u201d; \u201ca dissocia\u00e7\u00e3o entre miss\u00e3o\u201d.<\/p>\n<h4 style=\"text-align: justify\"><a href=\"http:\/\/cnbbjoomla.sitesparresia.com\/wp-content\/uploads\/sites\/85\/2010\/05\/48agdocecumenismo.doc\" target=\"_blank\" rel=\"noopener\">Leia a \u00edntegra do texto, que n\u00e3o \u00e9 documento da CNBB.<\/a><\/h4>\n<h4 style=\"text-align: justify\"><a href=\"http:\/\/www.flickr.com\/photos\/cnbbnacional\/collections\/72157623813423955\/\" target=\"_blank\" rel=\"noopener noreferrer\">Veja fotos do evento no <span style=\"font-size: 18pt\"><strong><span style=\"color: #ff0000\">F<\/span><span style=\"color: #000080\">lickr<\/span><\/strong><\/span>.<\/a><\/h4>\n<p><em><strong>Fotos: Pe. Altevir, CSSp<\/strong><\/em><\/p>\n","protected":false},"excerpt":{"rendered":"<p>A Comiss\u00e3o Episcopal para o Ecumenismo e o Di\u00e1logo Interreligioso da CNBB apresentou aos bispos reunidos em Assembleia, em Bras\u00edlia, um texto relatando o empenho ecum\u00eanico da Igreja Cat\u00f3lica no Brasil. O texto foi explicado, na sexta-feira, 7, pelo assessor da Comiss\u00e3o, padre Elias Wolff.<\/p>\n","protected":false},"author":83,"featured_media":15726,"comment_status":"open","ping_status":"open","sticky":false,"template":"","format":"standard","meta":{"site-sidebar-layout":"default","site-content-layout":"default","ast-global-header-display":"","ast-banner-title-visibility":"","ast-main-header-display":"","ast-hfb-above-header-display":"","ast-hfb-below-header-display":"","ast-hfb-mobile-header-display":"","site-post-title":"","ast-breadcrumbs-content":"","ast-featured-img":"","footer-sml-layout":"","theme-transparent-header-meta":"","adv-header-id-meta":"","stick-header-meta":"","header-above-stick-meta":"","header-main-stick-meta":"","header-below-stick-meta":""},"categories":[748,852],"tags":[],"acf":[],"_links":{"self":[{"href":"https:\/\/www.cnbb.org.br\/cnbb-app\/wp\/v2\/posts\/15727"}],"collection":[{"href":"https:\/\/www.cnbb.org.br\/cnbb-app\/wp\/v2\/posts"}],"about":[{"href":"https:\/\/www.cnbb.org.br\/cnbb-app\/wp\/v2\/types\/post"}],"author":[{"embeddable":true,"href":"https:\/\/www.cnbb.org.br\/cnbb-app\/wp\/v2\/users\/83"}],"replies":[{"embeddable":true,"href":"https:\/\/www.cnbb.org.br\/cnbb-app\/wp\/v2\/comments?post=15727"}],"version-history":[{"count":0,"href":"https:\/\/www.cnbb.org.br\/cnbb-app\/wp\/v2\/posts\/15727\/revisions"}],"wp:featuredmedia":[{"embeddable":true,"href":"https:\/\/www.cnbb.org.br\/cnbb-app\/wp\/v2\/media\/15726"}],"wp:attachment":[{"href":"https:\/\/www.cnbb.org.br\/cnbb-app\/wp\/v2\/media?parent=15727"}],"wp:term":[{"taxonomy":"category","embeddable":true,"href":"https:\/\/www.cnbb.org.br\/cnbb-app\/wp\/v2\/categories?post=15727"},{"taxonomy":"post_tag","embeddable":true,"href":"https:\/\/www.cnbb.org.br\/cnbb-app\/wp\/v2\/tags?post=15727"}],"curies":[{"name":"wp","href":"https:\/\/api.w.org\/{rel}","templated":true}]}}