{"id":15738,"date":"2010-09-23T00:00:00","date_gmt":"2010-09-23T03:00:00","guid":{"rendered":"https:\/\/www.cnbb.org.br\/seminario-catolico-luterano-sobre-eclesiologia-ecumenica-no-rio-grande-do-sul\/"},"modified":"2010-09-23T00:00:00","modified_gmt":"2010-09-23T03:00:00","slug":"seminario-catolico-luterano-sobre-eclesiologia-ecumenica-no-rio-grande-do-sul","status":"publish","type":"post","link":"https:\/\/www.cnbb.org.br\/seminario-catolico-luterano-sobre-eclesiologia-ecumenica-no-rio-grande-do-sul\/","title":{"rendered":"Semin\u00e1rio cat\u00f3lico-luterano sobre eclesiologia ecum\u00eanica no Rio Grande do Sul"},"content":{"rendered":"<p style=\"text-align: justify\">Teve in\u00edcio nesta tarde de ter\u00e7a-feira, 21, em S\u00e3o Leopoldo (RS), o Semin\u00e1rio de Estudos da Comiss\u00e3o de Di\u00e1logo Bilateral Cat\u00f3lica-Luterana (ICAR-IECLB). O Semin\u00e1rio \u00e9 realizado na Casa das Diaconisas da Igreja Evang\u00e9lica de Confiss\u00e3o Luterana no Brasil, e conta com 30 participantes, entre bispos, pastores sinodais, padres e pastores.<\/p>\n<p><!--more--><\/p>\n<p style=\"text-align: justify\">Segundo o assessor da Comiss\u00e3o Episcopal Pastoral paro o Di\u00e1logo Ecum\u00eanico e Interreligioso da CNBB, padre Elias Wolf, o evento acontece num clima de esp\u00edrito de comunh\u00e3o fraterna, de estudo e de ora\u00e7\u00e3o. O tema abordado \u00e9 \u201cPor uma eclesiologia ecum\u00eanica\u201d.<\/p>\n<p style=\"text-align: justify\">Na coordena\u00e7\u00e3o do Semin\u00e1rio est\u00e1 o pastor Manfredo Ziegel, por parte da IECLB, e dom Rem\u00eddio Bohn, bispo auxiliar de Porto Alegre.<\/p>\n<p style=\"text-align: justify\">O Semin\u00e1rio acaba hoje, 23, quando se publicar\u00e1 uma carta a todas as comunidades cat\u00f3licas e luteranas do Brasil, sintetizando as conclus\u00f5es dos estudos e apresentando indica\u00e7\u00f5es sobre como fortalecer as rela\u00e7\u00f5es ecum\u00eanicas entre as duas Igrejas no contexto brasileiro.<\/p>\n","protected":false},"excerpt":{"rendered":"<p>Teve in\u00edcio nesta tarde de ter\u00e7a-feira, 21, em S\u00e3o Leopoldo (RS), o Semin\u00e1rio de Estudos da Comiss\u00e3o de Di\u00e1logo Bilateral Cat\u00f3lica-Luterana (ICAR-IECLB). O Semin\u00e1rio \u00e9 realizado na Casa das Diaconisas da Igreja Evang\u00e9lica de Confiss\u00e3o Luterana no Brasil, e conta com 30 participantes, entre bispos, pastores sinodais, padres e pastores.<\/p>\n","protected":false},"author":83,"featured_media":15739,"comment_status":"open","ping_status":"open","sticky":false,"template":"","format":"standard","meta":{"site-sidebar-layout":"default","site-content-layout":"default","ast-global-header-display":"","ast-banner-title-visibility":"","ast-main-header-display":"","ast-hfb-above-header-display":"","ast-hfb-below-header-display":"","ast-hfb-mobile-header-display":"","site-post-title":"","ast-breadcrumbs-content":"","ast-featured-img":"","footer-sml-layout":"","theme-transparent-header-meta":"","adv-header-id-meta":"","stick-header-meta":"","header-above-stick-meta":"","header-main-stick-meta":"","header-below-stick-meta":""},"categories":[748,852],"tags":[],"acf":[],"_links":{"self":[{"href":"https:\/\/www.cnbb.org.br\/cnbb-app\/wp\/v2\/posts\/15738"}],"collection":[{"href":"https:\/\/www.cnbb.org.br\/cnbb-app\/wp\/v2\/posts"}],"about":[{"href":"https:\/\/www.cnbb.org.br\/cnbb-app\/wp\/v2\/types\/post"}],"author":[{"embeddable":true,"href":"https:\/\/www.cnbb.org.br\/cnbb-app\/wp\/v2\/users\/83"}],"replies":[{"embeddable":true,"href":"https:\/\/www.cnbb.org.br\/cnbb-app\/wp\/v2\/comments?post=15738"}],"version-history":[{"count":0,"href":"https:\/\/www.cnbb.org.br\/cnbb-app\/wp\/v2\/posts\/15738\/revisions"}],"wp:featuredmedia":[{"embeddable":true,"href":"https:\/\/www.cnbb.org.br\/cnbb-app\/wp\/v2\/media\/15739"}],"wp:attachment":[{"href":"https:\/\/www.cnbb.org.br\/cnbb-app\/wp\/v2\/media?parent=15738"}],"wp:term":[{"taxonomy":"category","embeddable":true,"href":"https:\/\/www.cnbb.org.br\/cnbb-app\/wp\/v2\/categories?post=15738"},{"taxonomy":"post_tag","embeddable":true,"href":"https:\/\/www.cnbb.org.br\/cnbb-app\/wp\/v2\/tags?post=15738"}],"curies":[{"name":"wp","href":"https:\/\/api.w.org\/{rel}","templated":true}]}}