{"id":15750,"date":"2011-05-31T00:00:00","date_gmt":"2011-05-31T03:00:00","guid":{"rendered":"https:\/\/www.cnbb.org.br\/igrejas-cristas-refletem-dialogo-ecumenico-em-sao-paulo\/"},"modified":"2011-05-31T00:00:00","modified_gmt":"2011-05-31T03:00:00","slug":"igrejas-cristas-refletem-dialogo-ecumenico-em-sao-paulo","status":"publish","type":"post","link":"https:\/\/www.cnbb.org.br\/igrejas-cristas-refletem-dialogo-ecumenico-em-sao-paulo\/","title":{"rendered":"Igrejas crist\u00e3s refletem di\u00e1logo ecum\u00eanico em S\u00e3o Paulo"},"content":{"rendered":"<p style=\"text-align: justify\">Dirigentes das Igrejas-membro do Movimento de Fraternidade de Igrejas Crist\u00e3s (Mofic) se reuniram na manh\u00e3 desta quarta-feira, 25, para refletirem sobre a caminhada do movimento na promo\u00e7\u00e3o do di\u00e1logo ecum\u00eanico. O encontro aconteceu na Casa da Reconcilia\u00e7\u00e3o, na zona sul da capital paulista. O arcebispo de S\u00e3o Paulo, cardeal dom Odilo Scherer, participou da reuni\u00e3o.<\/p>\n<p><!--more--><\/p>\n<p style=\"text-align: justify\">As Igrejas-membro do Mofic s\u00e3o: Apost\u00f3lica Arm\u00eania, Episcopal Anglicana, Cat\u00f3lica Apost\u00f3lica Romana, Evang\u00e9lica de Confiss\u00e3o Luterana no Brasil, Presbiteriana Unida e Ortodoxa Antioquina. A Igreja Presbiteriana Independente tamb\u00e9m marcou presen\u00e7a no encontro, al\u00e9m da participa\u00e7\u00e3o de representantes das diferentes Igrejas-membro e colaboradores do Mofic.<\/p>\n<p style=\"text-align: justify\">No in\u00edcio do encontro houve um momento de ora\u00e7\u00e3o em comum. Em seguida, a partir de perguntas propostas, os participantes partilharam como cada Igreja est\u00e1 envolvida no movimento ecum\u00eanico, como lidam com os poss\u00edveis \u201cpreconceitos\u201d religiosos existentes nas comunidades crist\u00e3s e quais projetos poderiam ser realizados em conjunto em prol da unidade dos crist\u00e3os para os pr\u00f3ximos anos.<\/p>\n<p style=\"text-align: justify\">Praticamente todos os l\u00edderes religiosos destacaram que um dos principais desafios existentes \u00e9 como conscientizar os fi\u00e9is sobre a import\u00e2ncia ecumenismo, uma vez que na maioria dos casos esse di\u00e1logo fica restrito apenas aos l\u00edderes das comunidades e os representantes das comiss\u00f5es destinadas ao di\u00e1logo ecum\u00eanico.<\/p>\n<p style=\"text-align: justify\">\u201cA impress\u00e3o que muitas pessoas t\u00eam \u00e9 que na sua Igreja s\u00f3 basta um grupo que se dedique ao di\u00e1logo ecum\u00eanico. \u00c9 dif\u00edcil as pessoas entenderem que ecumenismo \u00e9 um valor evang\u00e9lico a ser traduzido na vida da comunidade e de cada crist\u00e3o em particular\u201d, ressaltou o padre Greg\u00f3rio Teodoro, da Igreja Ortodoxa Antioquina.<\/p>\n<p>De acordo com o padre Yezlig Guzelian, da Igreja Apost\u00f3lica Arm\u00eania, \u00e9 preciso motivar os paroquianos explicando a eles o valor do di\u00e1logo ecum\u00eanico, a fim de acabar com os preconceitos que possam existir nessas comunidades.<\/p>\n<p style=\"text-align: justify\">Dom Odilo refor\u00e7ou que o ecumenismo \u00e9 uma necessidade e deve continuar firme em seus prop\u00f3sitos. Ele destacou, ainda, que nos \u00faltimos anos a Igreja Cat\u00f3lica tem avan\u00e7ado no di\u00e1logo ecum\u00eanico, lembrando as recentes iniciativas de aproxima\u00e7\u00e3o com as Igrejas Ortodoxas Russa e Grega. Ele recordou que papa Bento 16 ressalta que o ecumenismo \u00e9 uma urg\u00eancia em vista da miss\u00e3o comum de anunciar o Evangelho. \u201c\u00c9 um caminho longo e dif\u00edcil. Mas esperamos que os muitos frutos apare\u00e7am\u201d, disse.<\/p>\n<p style=\"text-align: justify\">Outro desafio apresentado pelos l\u00edderes \u00e9 o surgimento de \u201cnovas denomina\u00e7\u00f5es\u201d que muitas vezes se apropriam da identidade das igrejas hist\u00f3ricas, confundindo o povo e, em muitos casos, sem comprometimento com o di\u00e1logo ecum\u00eanico.<\/p>\n<p style=\"text-align: justify\">Os l\u00edderes chamaram a aten\u00e7\u00e3o para uma \u201ccompreens\u00e3o equivocada\u201d do princ\u00edpio liberdade religiosa garantida pela constitui\u00e7\u00e3o, que acaba favorecendo a funda\u00e7\u00e3o de religi\u00f5es sem nenhum crit\u00e9rio \u00e9tico.<\/p>\n<p>\u201cInfelizmente existem pessoas que usam os s\u00edmbolos, liturgias e at\u00e9 o pr\u00f3prio nome de outras igrejas com a inten\u00e7\u00e3o de confundir e de levar pessoas desinformadas para suas comunidades se maneira proselitista, sem comprometimento com a unidade\u201d, apontou o reverendo Cezar Fernandes Alves, da Igreja Episcopal Anglicana, cujo l\u00edder, bispo Roger Bird, tamb\u00e9m participou da reuni\u00e3o.<\/p>\n<p style=\"text-align: justify\">Os representantes das Igrejas-membro do Mofic foram convidados a estimular a participa\u00e7\u00e3o dos fi\u00e9is e o envolvimento das comunidades nessas iniciativas, uma vez que o ecumenismo se d\u00e1 nas a\u00e7\u00f5es sociais em comum, al\u00e9m das dimens\u00f5es da ora\u00e7\u00e3o e do estudo.<\/p>\n<p style=\"text-align: justify\">\u201cFoi um encontro de conviv\u00eancia de reflex\u00e3o e tamb\u00e9m de perspectiva de proje\u00e7\u00e3o. A conviv\u00eancia fraterna entre os membros produz efeitos positivos para que possamos enfrentar os desafios, dificuldades e diferen\u00e7as que o dia-a-dia nos apresenta\u201d, afirmou o coordenador da Casa da Reconcilia\u00e7\u00e3o padre Jos\u00e9 Bizon. Ele tamb\u00e9m chamou a aten\u00e7\u00e3o para a Semana de Ora\u00e7\u00e3o pela Unidade dos Crist\u00e3os, que acontece entre os dias 6 e 10 de junho.<\/p>\n","protected":false},"excerpt":{"rendered":"<p>Dirigentes das Igrejas-membro do Movimento de Fraternidade de Igrejas Crist\u00e3s (Mofic) se reuniram na manh\u00e3 desta quarta-feira, 25, para refletirem sobre a caminhada do movimento na promo\u00e7\u00e3o do di\u00e1logo ecum\u00eanico. O encontro aconteceu na Casa da Reconcilia\u00e7\u00e3o, na zona sul da capital paulista. O arcebispo de S\u00e3o Paulo, cardeal dom Odilo Scherer, participou da reuni\u00e3o.<\/p>\n","protected":false},"author":83,"featured_media":15751,"comment_status":"open","ping_status":"open","sticky":false,"template":"","format":"standard","meta":{"site-sidebar-layout":"default","site-content-layout":"default","ast-global-header-display":"","ast-banner-title-visibility":"","ast-main-header-display":"","ast-hfb-above-header-display":"","ast-hfb-below-header-display":"","ast-hfb-mobile-header-display":"","site-post-title":"","ast-breadcrumbs-content":"","ast-featured-img":"","footer-sml-layout":"","theme-transparent-header-meta":"","adv-header-id-meta":"","stick-header-meta":"","header-above-stick-meta":"","header-main-stick-meta":"","header-below-stick-meta":""},"categories":[748,852],"tags":[],"acf":[],"_links":{"self":[{"href":"https:\/\/www.cnbb.org.br\/cnbb-app\/wp\/v2\/posts\/15750"}],"collection":[{"href":"https:\/\/www.cnbb.org.br\/cnbb-app\/wp\/v2\/posts"}],"about":[{"href":"https:\/\/www.cnbb.org.br\/cnbb-app\/wp\/v2\/types\/post"}],"author":[{"embeddable":true,"href":"https:\/\/www.cnbb.org.br\/cnbb-app\/wp\/v2\/users\/83"}],"replies":[{"embeddable":true,"href":"https:\/\/www.cnbb.org.br\/cnbb-app\/wp\/v2\/comments?post=15750"}],"version-history":[{"count":0,"href":"https:\/\/www.cnbb.org.br\/cnbb-app\/wp\/v2\/posts\/15750\/revisions"}],"wp:featuredmedia":[{"embeddable":true,"href":"https:\/\/www.cnbb.org.br\/cnbb-app\/wp\/v2\/media\/15751"}],"wp:attachment":[{"href":"https:\/\/www.cnbb.org.br\/cnbb-app\/wp\/v2\/media?parent=15750"}],"wp:term":[{"taxonomy":"category","embeddable":true,"href":"https:\/\/www.cnbb.org.br\/cnbb-app\/wp\/v2\/categories?post=15750"},{"taxonomy":"post_tag","embeddable":true,"href":"https:\/\/www.cnbb.org.br\/cnbb-app\/wp\/v2\/tags?post=15750"}],"curies":[{"name":"wp","href":"https:\/\/api.w.org\/{rel}","templated":true}]}}