{"id":15752,"date":"2011-06-06T00:00:00","date_gmt":"2011-06-06T03:00:00","guid":{"rendered":"https:\/\/www.cnbb.org.br\/comeca-a-semana-de-oracao-pela-unidade-dos-cristaos-2011\/"},"modified":"2011-06-06T00:00:00","modified_gmt":"2011-06-06T03:00:00","slug":"comeca-a-semana-de-oracao-pela-unidade-dos-cristaos-2011","status":"publish","type":"post","link":"https:\/\/www.cnbb.org.br\/comeca-a-semana-de-oracao-pela-unidade-dos-cristaos-2011\/","title":{"rendered":"Come\u00e7a a Semana de Ora\u00e7\u00e3o pela Unidade dos Crist\u00e3os 2011"},"content":{"rendered":"<p style=\"text-align: justify\">A Semana de Ora\u00e7\u00e3o pela Unidade dos Crist\u00e3os (SOUC) come\u00e7ou no \u00faltimo domingo, dia 5. A iniciativa, que tem como principal objetivo reunir irm\u00e3os de f\u00e9 em prol da unidade crist\u00e3 deve movimentar igrejas em todo o Brasil. O Conselho Nacional de Igrejas Crist\u00e3s do Brasil (CONIC), <a href=\"http:\/\/www.conic.org.br\/pub\/anima.doc\" target=\"_blank\" rel=\"noopener\">em nota assinada pelo seu presidente<\/a>, o bispo de Chapec\u00f3 (SC), dom Manoel Jo\u00e3o Francisco, e pelo secret\u00e1rio geral, reverendo Luiz Alberto Barbosa, anima o engajamento de todas as comunidades na SOUC.<\/p>\n<p><!--more--><\/p>\n<p style=\"text-align: justify\">\u201cQueremos convid\u00e1-lo, juntamente com a sua Comunidade Eclesial, a realizar conosco a Semana de Ora\u00e7\u00e3o pela Unidade dos Crist\u00e3os 2011. Como \u00e9 costume no hemisf\u00e9rio sul, ela vai ser celebrada entre as festas de Ascens\u00e3o e Pentecostes, um per\u00edodo bem simb\u00f3lico para as comunidades crist\u00e3s e, neste ano, ocorrer\u00e1 do dia 5 ao dia 12, com o tema \u201cUnidos no ensinamento dos ap\u00f3stolos, na comunh\u00e3o fraterna, na fra\u00e7\u00e3o do p\u00e3o e nas ora\u00e7\u00f5es\u201d (Cf. Atos 2,42). Somos motivados a fazer desta Semana de Ora\u00e7\u00e3o pela Unidade dos Crist\u00e3os mais um momento importante na vida do movimento ecum\u00eanico brasileiro\u201d, destacou a nota assinada pela presid\u00eancia do CONIC.<\/p>\n<p style=\"text-align: justify\">Na opini\u00e3o do secret\u00e1rio geral, reverendo Luiz Alberto, a SOUC 2011 promete ser um marco. \u201cEstou muito esperan\u00e7oso de que a Semana de Ora\u00e7\u00e3o pela Unidade dos Crist\u00e3os deste ano ser\u00e1 muito positiva. Temos recebido liga\u00e7\u00f5es de todas as partes para a obten\u00e7\u00e3o de informa\u00e7\u00f5es acerca da comemora\u00e7\u00e3o. Percebo que o interesse das comunidades em celebrar a SOUC tem crescido ano a ano, fato que nos deixa muito contentes e, ao mesmo tempo esperan\u00e7osos de, um dia, ver a unidade reinar suprema diante de todo o povo crist\u00e3o\u201d, afirmou.<\/p>\n<p style=\"text-align: justify\">\u201cA Semana de Ora\u00e7\u00e3o 2011, que termina no dia 12, demonstra a unidade, apontando que a f\u00e9 crist\u00e3 possui centros comuns como, por exemplo, os Ap\u00f3stolos, que foram respons\u00e1veis por compilar os ensinamentos de Jesus Cristo. Vale lembrar que cada par\u00f3quia, regi\u00e3o, s\u00ednodo, diocese e afins possuem programa\u00e7\u00f5es espec\u00edficas para a comemora\u00e7\u00e3o da SOUC\u201d, destacou o presidente do CONIC, dom Manoel Jo\u00e3o Francisco.<\/p>\n<p style=\"text-align: justify\">No site da Santa S\u00e9, na parte do Pontif\u00edcio Conselho para a Promo\u00e7\u00e3o da Unidade dos Crist\u00e3os, h\u00e1 um <a href=\"http:\/\/www.vatican.va\/roman_curia\/pontifical_councils\/chrstuni\/weeks-prayer-doc\/rc_pc_chrstuni_doc_20100526_week-prayer-2011_po.html\" target=\"_blank\" rel=\"noopener\">subs\u00eddio<\/a> preparado para a Semana 2011, e nele [<a href=\"http:\/\/www.vatican.va\/roman_curia\/pontifical_councils\/chrstuni\/weeks-prayer-doc\/rc_pc_chrstuni_doc_20100526_week-prayer-2011_po.html\" target=\"_blank\" rel=\"noopener\">subs\u00eddio<\/a>] constam textos b\u00edblicos; introdu\u00e7\u00e3o \u00e0 celebra\u00e7\u00e3o ecum\u00eanica; roteiro de celebra\u00e7\u00e3o; reflex\u00f5es b\u00edblicas e ora\u00e7\u00f5es para os oito dias; textos hist\u00f3ricos; cronologia dos temas das SOUC e outros materiais.<\/p>\n<p style=\"text-align: justify\">Os primeiros passos para que come\u00e7asse a ocorrer anualmente a Semana de Ora\u00e7\u00e3o foi dado h\u00e1 exatamente 101 anos, na cidade escocesa de Edimburgo, quando teve in\u00edcio a Confer\u00eancia Mission\u00e1ria Mundial, um encontro que tinha como objetivo propor a unidade dos crist\u00e3os para a miss\u00e3o. Para povos n\u00e3o cristianizados, era dif\u00edcil compreender diverg\u00eancias doutrinais entre pessoas que seguiam um mesmo credo religioso, sob a \u00e9gide de um s\u00f3 Cristo. Da\u00ed a proposta de criar uma unidade dialogal entre comunidades crist\u00e3s de diferentes tradi\u00e7\u00f5es teol\u00f3gicas.<\/p>\n<p style=\"text-align: justify\">O princ\u00edpio que regia essa ideia, em \u00faltima an\u00e1lise, era simples: muito mais \u00e9 o que nos une do que aquilo que nos separa (Mc 9,40). A partir de ent\u00e3o, houve um esfor\u00e7o coletivo das igrejas presentes nesta confer\u00eancia de exaltar o di\u00e1logo e minimizar o confronto, pois todos levavam a mesma cruz, o mesmo amor e, consequentemente, compartilhavam um s\u00f3 objetivo: anunciar as boas novas do Salvador (Mt 10,7).<\/p>\n","protected":false},"excerpt":{"rendered":"<p>A Semana de Ora\u00e7\u00e3o pela Unidade dos Crist\u00e3os (SOUC) come\u00e7ou no \u00faltimo domingo, dia 5. A iniciativa, que tem como principal objetivo reunir irm\u00e3os de f\u00e9 em prol da unidade crist\u00e3 deve movimentar igrejas em todo o Brasil. O Conselho Nacional de Igrejas Crist\u00e3s do Brasil (CONIC), em nota assinada pelo seu presidente, o bispo &hellip;<\/p>\n<p class=\"read-more\"> <a class=\"\" href=\"https:\/\/www.cnbb.org.br\/comeca-a-semana-de-oracao-pela-unidade-dos-cristaos-2011\/\"> <span class=\"screen-reader-text\">Come\u00e7a a Semana de Ora\u00e7\u00e3o pela Unidade dos Crist\u00e3os 2011<\/span> Leia mais &raquo;<\/a><\/p>\n","protected":false},"author":83,"featured_media":15753,"comment_status":"open","ping_status":"open","sticky":false,"template":"","format":"standard","meta":{"site-sidebar-layout":"default","site-content-layout":"default","ast-global-header-display":"","ast-banner-title-visibility":"","ast-main-header-display":"","ast-hfb-above-header-display":"","ast-hfb-below-header-display":"","ast-hfb-mobile-header-display":"","site-post-title":"","ast-breadcrumbs-content":"","ast-featured-img":"","footer-sml-layout":"","theme-transparent-header-meta":"","adv-header-id-meta":"","stick-header-meta":"","header-above-stick-meta":"","header-main-stick-meta":"","header-below-stick-meta":""},"categories":[748,852],"tags":[],"acf":[],"_links":{"self":[{"href":"https:\/\/www.cnbb.org.br\/cnbb-app\/wp\/v2\/posts\/15752"}],"collection":[{"href":"https:\/\/www.cnbb.org.br\/cnbb-app\/wp\/v2\/posts"}],"about":[{"href":"https:\/\/www.cnbb.org.br\/cnbb-app\/wp\/v2\/types\/post"}],"author":[{"embeddable":true,"href":"https:\/\/www.cnbb.org.br\/cnbb-app\/wp\/v2\/users\/83"}],"replies":[{"embeddable":true,"href":"https:\/\/www.cnbb.org.br\/cnbb-app\/wp\/v2\/comments?post=15752"}],"version-history":[{"count":0,"href":"https:\/\/www.cnbb.org.br\/cnbb-app\/wp\/v2\/posts\/15752\/revisions"}],"wp:featuredmedia":[{"embeddable":true,"href":"https:\/\/www.cnbb.org.br\/cnbb-app\/wp\/v2\/media\/15753"}],"wp:attachment":[{"href":"https:\/\/www.cnbb.org.br\/cnbb-app\/wp\/v2\/media?parent=15752"}],"wp:term":[{"taxonomy":"category","embeddable":true,"href":"https:\/\/www.cnbb.org.br\/cnbb-app\/wp\/v2\/categories?post=15752"},{"taxonomy":"post_tag","embeddable":true,"href":"https:\/\/www.cnbb.org.br\/cnbb-app\/wp\/v2\/tags?post=15752"}],"curies":[{"name":"wp","href":"https:\/\/api.w.org\/{rel}","templated":true}]}}