{"id":15762,"date":"2011-11-11T00:00:00","date_gmt":"2011-11-11T02:00:00","guid":{"rendered":"https:\/\/www.cnbb.org.br\/dialogo-interreligioso-de-maringa-avalia-noite-de-oracao-pela-paz\/"},"modified":"2011-11-11T00:00:00","modified_gmt":"2011-11-11T02:00:00","slug":"dialogo-interreligioso-de-maringa-avalia-noite-de-oracao-pela-paz","status":"publish","type":"post","link":"https:\/\/www.cnbb.org.br\/dialogo-interreligioso-de-maringa-avalia-noite-de-oracao-pela-paz\/","title":{"rendered":"Di\u00e1logo Interreligioso de Maring\u00e1 avalia Noite de Ora\u00e7\u00e3o pela Paz"},"content":{"rendered":"<p style=\"text-align: justify\">Nesta quinta-feira, 10, o Grupo de Di\u00e1logo Interreligioso (GDI) de Maring\u00e1 (PR) se reuniu para avaliar e comemorar o \u00eaxito da 8\u00aa Noite de Ora\u00e7\u00e3o pela Paz, que aconteceu no dia 21 de setembro e contou com a participa\u00e7\u00e3o de aproximadamente 500 perseguidores da paz.<\/p>\n<p><!--more--><\/p>\n<p style=\"text-align: justify\">A 8\u00aa Noite de Ora\u00e7\u00e3o pela Paz, foi ainda, abrilhantada por crian\u00e7as e jovens que, atrav\u00e9s de encena\u00e7\u00f5es art\u00edsticas, entraram em conson\u00e2ncia com os seguintes\u00a0 temas de ora\u00e7\u00e3o de cada l\u00edder religioso: paz interior, paz na fam\u00edlia, paz na escola, paz no trabalho, paz entre as religi\u00f5es, paz no tr\u00e2nsito, paz e meio ambiente e paz Mundial. O Coral da arquidiocese de Maring\u00e1, o Grupo de Dan\u00e7a do Col\u00e9gio Estadual Jo\u00e3o de Faria Pioli e o Bal\u00e9 do Col\u00e9gio Regina Mundi, iluminaram a noite e tamb\u00e9m deixaram a mensagem aos l\u00edderes religiosos: \u201c\u00c9 preciso investir nas novas gera\u00e7\u00f5es para garantir um futuro de paz\u201d.<\/p>\n<p style=\"text-align: justify\">Tr\u00eas momentos marcaram a noite: o compromisso dos presentes em n\u00e3o praticar atos violentos; carta enviada \u00e0 ONU, assinada pelos l\u00edderes e um grande e emocionante abra\u00e7o da paz, sob as vozes dos adolescentes e jovens do coral arquidiocesano.<\/p>\n<p style=\"text-align: justify\">O GDI \u00e9 coordenado pelo Dr. Irivaldo Joaquim de Souza e \u00e9 composto por integrantes da F\u00e9 Bah\u00e1\u2019\u00ed, Budista, Candombl\u00e9, Cat\u00f3lica, Esp\u00edrita, Protestante, Isl\u00e2mica e da Umbanda.<\/p>\n","protected":false},"excerpt":{"rendered":"<p>Nesta quinta-feira, 10, o Grupo de Di\u00e1logo Interreligioso (GDI) de Maring\u00e1 (PR) se reuniu para avaliar e comemorar o \u00eaxito da 8\u00aa Noite de Ora\u00e7\u00e3o pela Paz, que aconteceu no dia 21 de setembro e contou com a participa\u00e7\u00e3o de aproximadamente 500 perseguidores da paz.<\/p>\n","protected":false},"author":83,"featured_media":15763,"comment_status":"open","ping_status":"open","sticky":false,"template":"","format":"standard","meta":{"site-sidebar-layout":"default","site-content-layout":"default","ast-global-header-display":"","ast-banner-title-visibility":"","ast-main-header-display":"","ast-hfb-above-header-display":"","ast-hfb-below-header-display":"","ast-hfb-mobile-header-display":"","site-post-title":"","ast-breadcrumbs-content":"","ast-featured-img":"","footer-sml-layout":"","theme-transparent-header-meta":"","adv-header-id-meta":"","stick-header-meta":"","header-above-stick-meta":"","header-main-stick-meta":"","header-below-stick-meta":""},"categories":[748,852],"tags":[],"acf":[],"_links":{"self":[{"href":"https:\/\/www.cnbb.org.br\/cnbb-app\/wp\/v2\/posts\/15762"}],"collection":[{"href":"https:\/\/www.cnbb.org.br\/cnbb-app\/wp\/v2\/posts"}],"about":[{"href":"https:\/\/www.cnbb.org.br\/cnbb-app\/wp\/v2\/types\/post"}],"author":[{"embeddable":true,"href":"https:\/\/www.cnbb.org.br\/cnbb-app\/wp\/v2\/users\/83"}],"replies":[{"embeddable":true,"href":"https:\/\/www.cnbb.org.br\/cnbb-app\/wp\/v2\/comments?post=15762"}],"version-history":[{"count":0,"href":"https:\/\/www.cnbb.org.br\/cnbb-app\/wp\/v2\/posts\/15762\/revisions"}],"wp:featuredmedia":[{"embeddable":true,"href":"https:\/\/www.cnbb.org.br\/cnbb-app\/wp\/v2\/media\/15763"}],"wp:attachment":[{"href":"https:\/\/www.cnbb.org.br\/cnbb-app\/wp\/v2\/media?parent=15762"}],"wp:term":[{"taxonomy":"category","embeddable":true,"href":"https:\/\/www.cnbb.org.br\/cnbb-app\/wp\/v2\/categories?post=15762"},{"taxonomy":"post_tag","embeddable":true,"href":"https:\/\/www.cnbb.org.br\/cnbb-app\/wp\/v2\/tags?post=15762"}],"curies":[{"name":"wp","href":"https:\/\/api.w.org\/{rel}","templated":true}]}}