{"id":15764,"date":"2012-04-20T00:00:00","date_gmt":"2012-04-20T03:00:00","guid":{"rendered":"https:\/\/www.cnbb.org.br\/dom-francesco-biasin-fala-sobre-a-necessidade-de-dialogo-inter-religioso\/"},"modified":"2012-04-20T00:00:00","modified_gmt":"2012-04-20T03:00:00","slug":"dom-francesco-biasin-fala-sobre-a-necessidade-de-dialogo-inter-religioso","status":"publish","type":"post","link":"https:\/\/www.cnbb.org.br\/dom-francesco-biasin-fala-sobre-a-necessidade-de-dialogo-inter-religioso\/","title":{"rendered":"Dom Francesco Biasin fala sobre a necessidade de di\u00e1logo inter-religioso"},"content":{"rendered":"<p style=\"text-align: justify\">Esteve presente, hoje (20), na coletiva de imprensa da 50\u00aa AG, o presidente da Comiss\u00e3o Episcopal Pastoral para o Ecumenismo e o Di\u00e1logo Inter-religioso, dom Francesco Biasin, bispo de Barra do Pira\u00ed &#8211; Volta Redonda (RJ). O religioso aproveitou a ocasi\u00e3o para falar sobre o di\u00e1logo que vem sendo alcan\u00e7ado, por meio da comiss\u00e3o, entre distintas igrejas e religi\u00f5es, e falou, tamb\u00e9m, sobre a celebra\u00e7\u00e3o ecum\u00eanica que ser\u00e1 realizada hoje na AG.<\/p>\n<p><!--more--><\/p>\n<p style=\"text-align: justify\">O tema da celebra\u00e7\u00e3o ser\u00e1 \u201cO Conc\u00edlio Ecum\u00eanico Vaticano II\u201d, que estimulou, a partir da Igreja Cat\u00f3lica, o di\u00e1logo com todas as igrejas. \u201cUma das finalidades, do papa Jo\u00e3o XXIII, que convocou o conc\u00edlio, foi promover a unidade dos crist\u00e3os. O convite \u00e0 outras igrejas, como observadoras do Conc\u00edlio Vaticano II, foi de grande import\u00e2ncia hist\u00f3rica\u201d, lembrou o bispo.<\/p>\n<p style=\"text-align: justify\">Para a celebra\u00e7\u00e3o ecum\u00eanica organizada para hoje, \u00e0s 17h50, foram convidados representantes de diversas igrejas. O evento, aberto \u00e0 imprensa, ser\u00e1 realizado no Centro de Eventos Padre V\u00edtor Coelho de Almeida, e contar\u00e1 com a presen\u00e7a da Igreja Episcopal Anglicana do Brasil, representada por dom Francisco Assis. Da Igreja Evang\u00e9lica Confiss\u00e3o Luterana, foi convidado o pastor Guilherme Lieven. Da Comunidade Pentecostal Carisma, o pastor \u00c1lvaro Palucci; da Igreja Presbiteriana Unida, o reverendo Altamiro Carlos; e por fim, da Igreja Apost\u00f3lica Arm\u00eania da Brasil, os arciprestes Yezmig Guzelian e Boghos Baronzan.<\/p>\n","protected":false},"excerpt":{"rendered":"<p>Esteve presente, hoje (20), na coletiva de imprensa da 50\u00aa AG, o presidente da Comiss\u00e3o Episcopal Pastoral para o Ecumenismo e o Di\u00e1logo Inter-religioso, dom Francesco Biasin, bispo de Barra do Pira\u00ed &#8211; Volta Redonda (RJ). O religioso aproveitou a ocasi\u00e3o para falar sobre o di\u00e1logo que vem sendo alcan\u00e7ado, por meio da comiss\u00e3o, entre &hellip;<\/p>\n<p class=\"read-more\"> <a class=\"\" href=\"https:\/\/www.cnbb.org.br\/dom-francesco-biasin-fala-sobre-a-necessidade-de-dialogo-inter-religioso\/\"> <span class=\"screen-reader-text\">Dom Francesco Biasin fala sobre a necessidade de di\u00e1logo inter-religioso<\/span> Leia mais &raquo;<\/a><\/p>\n","protected":false},"author":83,"featured_media":6771,"comment_status":"open","ping_status":"open","sticky":false,"template":"","format":"standard","meta":{"site-sidebar-layout":"default","site-content-layout":"default","ast-global-header-display":"","ast-banner-title-visibility":"","ast-main-header-display":"","ast-hfb-above-header-display":"","ast-hfb-below-header-display":"","ast-hfb-mobile-header-display":"","site-post-title":"","ast-breadcrumbs-content":"","ast-featured-img":"","footer-sml-layout":"","theme-transparent-header-meta":"","adv-header-id-meta":"","stick-header-meta":"","header-above-stick-meta":"","header-main-stick-meta":"","header-below-stick-meta":""},"categories":[748,852],"tags":[],"acf":[],"_links":{"self":[{"href":"https:\/\/www.cnbb.org.br\/cnbb-app\/wp\/v2\/posts\/15764"}],"collection":[{"href":"https:\/\/www.cnbb.org.br\/cnbb-app\/wp\/v2\/posts"}],"about":[{"href":"https:\/\/www.cnbb.org.br\/cnbb-app\/wp\/v2\/types\/post"}],"author":[{"embeddable":true,"href":"https:\/\/www.cnbb.org.br\/cnbb-app\/wp\/v2\/users\/83"}],"replies":[{"embeddable":true,"href":"https:\/\/www.cnbb.org.br\/cnbb-app\/wp\/v2\/comments?post=15764"}],"version-history":[{"count":0,"href":"https:\/\/www.cnbb.org.br\/cnbb-app\/wp\/v2\/posts\/15764\/revisions"}],"wp:featuredmedia":[{"embeddable":true,"href":"https:\/\/www.cnbb.org.br\/cnbb-app\/wp\/v2\/media\/6771"}],"wp:attachment":[{"href":"https:\/\/www.cnbb.org.br\/cnbb-app\/wp\/v2\/media?parent=15764"}],"wp:term":[{"taxonomy":"category","embeddable":true,"href":"https:\/\/www.cnbb.org.br\/cnbb-app\/wp\/v2\/categories?post=15764"},{"taxonomy":"post_tag","embeddable":true,"href":"https:\/\/www.cnbb.org.br\/cnbb-app\/wp\/v2\/tags?post=15764"}],"curies":[{"name":"wp","href":"https:\/\/api.w.org\/{rel}","templated":true}]}}