{"id":15765,"date":"2012-04-30T00:00:00","date_gmt":"2012-04-30T03:00:00","guid":{"rendered":"https:\/\/www.cnbb.org.br\/mensagem-do-pontificio-conselho-para-o-dialogo-inter-religioso\/"},"modified":"2012-04-30T00:00:00","modified_gmt":"2012-04-30T03:00:00","slug":"mensagem-do-pontificio-conselho-para-o-dialogo-inter-religioso","status":"publish","type":"post","link":"https:\/\/www.cnbb.org.br\/mensagem-do-pontificio-conselho-para-o-dialogo-inter-religioso\/","title":{"rendered":"Mensagem do Pontif\u00edcio Conselho para o Di\u00e1logo Inter-religioso"},"content":{"rendered":"<p style=\"text-align: justify\">Mensagem enviada pelo Pontif\u00edcio Conselho para o Di\u00e1logo Inter-religioso em ocasi\u00e3o da Festa do Vesakh\/Hanamatsuri 2012, o acontecimento mais importante no calend\u00e1rio religioso budista. O texto \u00e9 assinado pelo cardeal Jean-Louis Tauran e pelo arcebispo P\u00eder Luigi Celata, respectivamente presidente e secret\u00e1rio do Pontif\u00edcio Conselho.<\/p>\n<p><!--more--><\/p>\n<p style=\"text-align: justify\">leia abaixo a \u00edntegra da mensagem.<\/p>\n<p style=\"text-align: justify\"><strong><em>&#8220;Crist\u00e3os e Budistas: partilhar a responsabilidade de educar as jovens gera\u00e7\u00f5es para a justi\u00e7a e a paz atrav\u00e9s do di\u00e1logo interreligioso&#8221;<\/em><\/strong><\/p>\n<p style=\"text-align: justify\"><em>Caros amigos budistas<\/em><\/p>\n<p style=\"text-align: justify\"><em>1. Em nome do Conselho Pontif\u00edcio para o Di\u00e1logo Interreligioso, tenho a alegria de vos apresentar uma vez mais este ano, os bons votos muito cordiais por ocasi\u00e3o do Vesakh\/Hanamatsuri. \u00c9 meu desejo que esta festa anual traga serenidade e alegria ao cora\u00e7\u00e3o de cada um de v\u00f3s em todas as partes do mundo.<\/em><\/p>\n<p style=\"text-align: justify\"><em>2. Hoje, cada vez mais, nas aulas do mundo inteiro, estudantes pertencentes a v\u00e1rias religi\u00f5es e cren\u00e7as sentam-se lado a lado, aprendendo uns com os outros e uns dos outros. Esta diversidade lan\u00e7a desafios e suscita uma reflex\u00e3o mais profunda sobre a necessidade de educar os jovens ao respeito e \u00e1 compreens\u00e3o das cren\u00e7as e das praticas religiosas dos outros, a aumentar o conhecimento acerca da pr\u00f3pria, a avan\u00e7ar juntos como seres humanos respons\u00e1veis e a estar prontos para se unir \u00e0queles que pertencem a outras religi\u00f5es para resolver os conflitos e promover amizade, justi\u00e7a, paz e um desenvolvimento humano autentico.<\/em><\/p>\n<p style=\"text-align: justify\"><em>3. Com Sua Santidade o Papa Bento XVI, reconhecemos que a verdadeira educa\u00e7\u00e3o pode favorecer uma abertura ao transcendente e \u00e0queles que nos circundam. L\u00e1 onde a educa\u00e7\u00e3o \u00e9 uma realidade, existe uma oportunidade de di\u00e1logo, de inter-rela\u00e7\u00e3o e de escuta receptiva dos outros.Neste clima, os jovens sentem-se apreciados por aquilo que s\u00e3o e por aquilo que pode ser o seu contributo; aprendem a crescer na estima pelos seus irm\u00e3os e irm\u00e3s cujas cren\u00e7as e pratica religiosa diferem da pr\u00f3pria. Quando isto se verifica, da\u00ed deriva a alegria de ser pessoas solid\u00e1rias e cheias de compaix\u00e3o, chamadas a construir uma sociedade justa e fraterna dando assim esperan\u00e7a ao futuro (cfr. Mensagem para o Dia Mundial da Paz, 1 de Janeiro de 2012).<\/em><\/p>\n<p style=\"text-align: justify\"><em>4. Como budistas, v\u00f3s transmitis aos jovens a necess\u00e1ria sabedoria de abster-se de prejudicar os outros e de viver uma vida de generosidade e compaix\u00e3o, uma pr\u00e1tica que deve ser apreciada e reconhecida como um dom precioso para a sociedade. Esta \u00e9 uma maneira concreta com a qual a religi\u00e3o contribui para educar as jovens gera\u00e7\u00f5es a partilhar a responsabilidade e cooperar com os outros.<\/em><\/p>\n<p style=\"text-align: justify\"><em>5. \u00c9 um dado de fato que os jovens s\u00e3o um recurso para cada sociedade. Com a sua autenticidade, encorajam-nos a encontrar uma resposta \u00e0s perguntas fundamentais sobre a vida e a morte, a justi\u00e7a e a paz, o sentido do sofrimento e as raz\u00f5es da esperan\u00e7a. Desta maneira ajudam-nos a progredir na nossa peregrina\u00e7\u00e3o para a Verdade. Com o seu dinamismo, enquanto art\u00edfices do futuro, eles impulsionam-nos a destruir todos os muros que infelizmente ainda nos separam. Com as suas perguntas alimentam o di\u00e1logo entre religi\u00f5es e culturas.<\/em><\/p>\n<p style=\"text-align: justify\"><em>6. Caros amigos, unimos os nossos cora\u00e7\u00f5es aos vossos e rezamos para que juntos possamos guiar os jovens, com o nosso exemplo e ensinamento a tornarem-se instrumentos de justi\u00e7a e paz. Partilhamos a responsabilidade comum que temos em rela\u00e7\u00e3o \u00e1 gera\u00e7\u00f5es futuras, educando-as a crescer como seres pac\u00edficos e obreiros de paz.<\/em><\/p>\n<p style=\"text-align: justify\"><em>Felice Vesakh\/Hanamatsuri.<\/em><\/p>\n<p style=\"text-align: center\"><em><strong>Jean-Louis Cardinal Tauran<br \/>\nPresidente do Pontif\u00edcio Conselho para o Di\u00e1logo Inter-religioso<\/strong><\/em><\/p>\n<p style=\"text-align: center\"><em><strong>Arcebispo Pier Luigi Celata<br \/>\nSecret\u00e1rio Geral<\/strong><\/em><\/p>\n","protected":false},"excerpt":{"rendered":"<p>Mensagem enviada pelo Pontif\u00edcio Conselho para o Di\u00e1logo Inter-religioso em ocasi\u00e3o da Festa do Vesakh\/Hanamatsuri 2012, o acontecimento mais importante no calend\u00e1rio religioso budista. O texto \u00e9 assinado pelo cardeal Jean-Louis Tauran e pelo arcebispo P\u00eder Luigi Celata, respectivamente presidente e secret\u00e1rio do Pontif\u00edcio Conselho.<\/p>\n","protected":false},"author":83,"featured_media":0,"comment_status":"open","ping_status":"open","sticky":false,"template":"","format":"standard","meta":{"site-sidebar-layout":"default","site-content-layout":"default","ast-global-header-display":"","ast-banner-title-visibility":"","ast-main-header-display":"","ast-hfb-above-header-display":"","ast-hfb-below-header-display":"","ast-hfb-mobile-header-display":"","site-post-title":"","ast-breadcrumbs-content":"","ast-featured-img":"","footer-sml-layout":"","theme-transparent-header-meta":"","adv-header-id-meta":"","stick-header-meta":"","header-above-stick-meta":"","header-main-stick-meta":"","header-below-stick-meta":""},"categories":[748,852],"tags":[],"acf":[],"_links":{"self":[{"href":"https:\/\/www.cnbb.org.br\/cnbb-app\/wp\/v2\/posts\/15765"}],"collection":[{"href":"https:\/\/www.cnbb.org.br\/cnbb-app\/wp\/v2\/posts"}],"about":[{"href":"https:\/\/www.cnbb.org.br\/cnbb-app\/wp\/v2\/types\/post"}],"author":[{"embeddable":true,"href":"https:\/\/www.cnbb.org.br\/cnbb-app\/wp\/v2\/users\/83"}],"replies":[{"embeddable":true,"href":"https:\/\/www.cnbb.org.br\/cnbb-app\/wp\/v2\/comments?post=15765"}],"version-history":[{"count":0,"href":"https:\/\/www.cnbb.org.br\/cnbb-app\/wp\/v2\/posts\/15765\/revisions"}],"wp:attachment":[{"href":"https:\/\/www.cnbb.org.br\/cnbb-app\/wp\/v2\/media?parent=15765"}],"wp:term":[{"taxonomy":"category","embeddable":true,"href":"https:\/\/www.cnbb.org.br\/cnbb-app\/wp\/v2\/categories?post=15765"},{"taxonomy":"post_tag","embeddable":true,"href":"https:\/\/www.cnbb.org.br\/cnbb-app\/wp\/v2\/tags?post=15765"}],"curies":[{"name":"wp","href":"https:\/\/api.w.org\/{rel}","templated":true}]}}