{"id":15802,"date":"2015-02-04T00:00:00","date_gmt":"2015-02-04T02:00:00","guid":{"rendered":"https:\/\/www.cnbb.org.br\/semana-de-oracao-pela-unidade-dos-cristaos-propoe-dialogo-e-acolhida\/"},"modified":"2015-02-04T00:00:00","modified_gmt":"2015-02-04T02:00:00","slug":"semana-de-oracao-pela-unidade-dos-cristaos-propoe-dialogo-e-acolhida","status":"publish","type":"post","link":"https:\/\/www.cnbb.org.br\/semana-de-oracao-pela-unidade-dos-cristaos-propoe-dialogo-e-acolhida\/","title":{"rendered":"Semana de Ora\u00e7\u00e3o pela Unidade dos Crist\u00e3os prop\u00f5e di\u00e1logo entre religi\u00f5es"},"content":{"rendered":"<p style=\"text-align: justify\"><span style=\"font-size: 12.1599998474121px;line-height: 1.3em\">\u201cD\u00e1-nos um pouco da tua \u00e1gua\u201d. Este \u00e9 o tema da Semana Nacional de Ora\u00e7\u00e3o pela Unidade dos Crist\u00e3os e Crist\u00e3s (SOUC), inspirado no Evangelho de S\u00e3o Jo\u00e3o e que retrata o encontro de Jesus com a mulher samaritana. O evento ocorre de 17 e 24 de maio e busca refletir sobre a unidade crist\u00e3 e o di\u00e1logo entre as religi\u00f5es.\u00a0<\/span><\/p>\n<p><!--more--><\/p>\n<p style=\"text-align: justify\"><span style=\"font-size: 12.1599998474121px;line-height: 1.3em\">Ainda, dentro da perspectiva do tema deste ano, a Semana prop\u00f5e o debate sobre os diferentes contextos religiosos do pa\u00eds, abordando, principalmente, a intoler\u00e2ncia religiosa.<\/span><\/p>\n<p style=\"text-align: justify\">Baixe o <span style=\"text-decoration: underline\"><strong><a href=\"http:\/\/www.vatican.va\/roman_curia\/pontifical_councils\/chrstuni\/weeks-prayer-doc\/rc_pc_chrstuni_doc_20140611_week-prayer-2015_po.html#INTRODU\u00c7\u00c3O_AO_TEMA__PARA_O_ANO_DE_2015_\" target=\"_blank\" rel=\"noopener noreferrer\">texto de introdu\u00e7\u00e3o ao tema da Semana de Ora\u00e7\u00e3o<\/a><\/strong><\/span> traduzido pela Comiss\u00e3o Episcopal Pastoral para o Ecumenismo e o Di\u00e1logo Inter-religioso da Confer\u00eancia Nacional dos Bispos do Brasil (CNBB).<\/p>\n<p style=\"text-align: justify\">O subs\u00eddio foi preparado pelo Pontif\u00edcio Conselho para a Promo\u00e7\u00e3o da Unidade dos Crist\u00e3os e pela Comiss\u00e3o F\u00e9 e Constitui\u00e7\u00e3o do Conselho Mundial de Igrejas (CCMI)<\/p>\n<p style=\"text-align: justify\"><strong>Celebra\u00e7\u00e3o nacional<\/strong><\/p>\n<p style=\"text-align: justify\">No hemisf\u00e9rio norte, o per\u00edodo tradicional para a Semana de Ora\u00e7\u00e3o pela Unidade dos Crist\u00e3os ocorreu de 18 a 25 de janeiro. A data foi proposta em 1908, pelo sacerdote, padre Paul Watson, por ocasi\u00e3o das festas lit\u00fargicas de S\u00e3o Pedro e S\u00e3o Paulo. J\u00e1 no hemisf\u00e9rio Sul, no entanto, as igrejas celebram a Semana de Ora\u00e7\u00e3o durante o Pentecostes, que \u00e9 um momento simb\u00f3lico para a unidade da Igreja. No Brasil, o Conic coordena as celebra\u00e7\u00f5es da Semana de Ora\u00e7\u00e3o em diversas regi\u00f5es do pa\u00eds.<\/p>\n<p style=\"text-align: justify\">O Conic foi fundado em 1982, com participa\u00e7\u00e3o de membros das igrejas Cat\u00f3lica Apost\u00f3lica Romana, Evang\u00e9lica de Confiss\u00e3o Luterana no Brasil (IECLB), Anglicana do Brasil (IEAB), Presbiteriana Unida (IPU) e a Igreja Sirian Ortodoxa de Antioquia (ISOA). Tem como miss\u00e3o promover e estimular rela\u00e7\u00f5es ecum\u00eanicas entre Igrejas crist\u00e3s e o fortalecimento do testemunho em favor dos Direitos Humanos.<\/p>\n<p style=\"text-align: justify\"><em>CNBB com informa\u00e7\u00f5es do Conic.\u00a0<\/em><\/p>\n","protected":false},"excerpt":{"rendered":"<p>\u201cD\u00e1-nos um pouco da tua \u00e1gua\u201d. Este \u00e9 o tema da Semana Nacional de Ora\u00e7\u00e3o pela Unidade dos Crist\u00e3os e Crist\u00e3s (SOUC), inspirado no Evangelho de S\u00e3o Jo\u00e3o e que retrata o encontro de Jesus com a mulher samaritana. O evento ocorre de 17 e 24 de maio e busca refletir sobre a unidade crist\u00e3 &hellip;<\/p>\n<p class=\"read-more\"> <a class=\"\" href=\"https:\/\/www.cnbb.org.br\/semana-de-oracao-pela-unidade-dos-cristaos-propoe-dialogo-e-acolhida\/\"> <span class=\"screen-reader-text\">Semana de Ora\u00e7\u00e3o pela Unidade dos Crist\u00e3os prop\u00f5e di\u00e1logo entre religi\u00f5es<\/span> Leia mais &raquo;<\/a><\/p>\n","protected":false},"author":83,"featured_media":15803,"comment_status":"open","ping_status":"open","sticky":false,"template":"","format":"standard","meta":{"site-sidebar-layout":"default","site-content-layout":"default","ast-global-header-display":"","ast-banner-title-visibility":"","ast-main-header-display":"","ast-hfb-above-header-display":"","ast-hfb-below-header-display":"","ast-hfb-mobile-header-display":"","site-post-title":"","ast-breadcrumbs-content":"","ast-featured-img":"","footer-sml-layout":"","theme-transparent-header-meta":"","adv-header-id-meta":"","stick-header-meta":"","header-above-stick-meta":"","header-main-stick-meta":"","header-below-stick-meta":""},"categories":[748,852],"tags":[],"acf":[],"_links":{"self":[{"href":"https:\/\/www.cnbb.org.br\/cnbb-app\/wp\/v2\/posts\/15802"}],"collection":[{"href":"https:\/\/www.cnbb.org.br\/cnbb-app\/wp\/v2\/posts"}],"about":[{"href":"https:\/\/www.cnbb.org.br\/cnbb-app\/wp\/v2\/types\/post"}],"author":[{"embeddable":true,"href":"https:\/\/www.cnbb.org.br\/cnbb-app\/wp\/v2\/users\/83"}],"replies":[{"embeddable":true,"href":"https:\/\/www.cnbb.org.br\/cnbb-app\/wp\/v2\/comments?post=15802"}],"version-history":[{"count":0,"href":"https:\/\/www.cnbb.org.br\/cnbb-app\/wp\/v2\/posts\/15802\/revisions"}],"wp:featuredmedia":[{"embeddable":true,"href":"https:\/\/www.cnbb.org.br\/cnbb-app\/wp\/v2\/media\/15803"}],"wp:attachment":[{"href":"https:\/\/www.cnbb.org.br\/cnbb-app\/wp\/v2\/media?parent=15802"}],"wp:term":[{"taxonomy":"category","embeddable":true,"href":"https:\/\/www.cnbb.org.br\/cnbb-app\/wp\/v2\/categories?post=15802"},{"taxonomy":"post_tag","embeddable":true,"href":"https:\/\/www.cnbb.org.br\/cnbb-app\/wp\/v2\/tags?post=15802"}],"curies":[{"name":"wp","href":"https:\/\/api.w.org\/{rel}","templated":true}]}}