{"id":15852,"date":"2017-01-30T00:00:00","date_gmt":"2017-01-30T02:00:00","guid":{"rendered":"https:\/\/www.cnbb.org.br\/cristaos-leigos-e-leigas-finalizam-segunda-etapa-do-curso-de-formacao-politica-do-cefep\/"},"modified":"2017-01-30T00:00:00","modified_gmt":"2017-01-30T02:00:00","slug":"cristaos-leigos-e-leigas-finalizam-segunda-etapa-do-curso-de-formacao-politica-do-cefep","status":"publish","type":"post","link":"https:\/\/www.cnbb.org.br\/cristaos-leigos-e-leigas-finalizam-segunda-etapa-do-curso-de-formacao-politica-do-cefep\/","title":{"rendered":"Crist\u00e3os leigos e leigas finalizam segunda etapa do curso de forma\u00e7\u00e3o pol\u00edtica do Cefep"},"content":{"rendered":"<p style=\"text-align: justify\">Ao todo, 47 alunos de 16 estados brasileiros foram formados<\/p>\n<p><!--more--><\/p>\n<p style=\"text-align: justify\">Crist\u00e3o leigos e leigas de 16 estados brasileiros terminaram no s\u00e1bado, 28, a segunda etapa presencial da sexta turma do Curso de Forma\u00e7\u00e3o Pol\u00edtica promovido pelo Centro Nacional de F\u00e9 e Pol\u00edtica Dom H\u00e9lder C\u00e2mara (Cefep), em parceria com a Pontif\u00edcia Universidade Cat\u00f3lica do Rio de Janeiro (PUC-Rio). A forma\u00e7\u00e3o dos 47 alunos iniciou no dia 15 de janeiro com aulas te\u00f3ricas e partilhas das experi\u00eancias das escolas locais de F\u00e9 e Pol\u00edtica, tanto as de car\u00e1ter diocesano, quanto as de car\u00e1ter regional.<\/p>\n<p style=\"text-align: justify\">Nesta segunda etapa, os alunos tiveram a oportunidade de aprofundar conhecimentos, j\u00e1 adquiridos durante o ano de 2016, al\u00e9m de estreitar os la\u00e7os de irmandade com troca de experi\u00eancias durante todo o per\u00edodo da forma\u00e7\u00e3o. O curso, estruturado em duas etapas presenciais e em m\u00f3dulos \u00e0 dist\u00e2ncia, conta com participantes das cinco regi\u00f5es brasileiras, desde o Alto Solim\u00f5es, na Amaz\u00f4nia, at\u00e9 Curitiba, no Paran\u00e1.<\/p>\n<p style=\"text-align: justify\">O bispo de Ca\u00e7ador (SC) e presidente da Comiss\u00e3o Episcopal Pastoral para o Laicato da Confer\u00eancia Nacional dos Bispos do Brasil (CNBB), dom Severino Clasen, esteve com os cursistas nas duas etapas presenciais. \u201cO Centro Nacional Dom Helder C\u00e2mara tem buscado contribuir para constru\u00e7\u00e3o de uma sociedade mais justa e solid\u00e1ria, na medida em que oportuniza a conviv\u00eancia harm\u00f4nica e reflex\u00e3o com participantes de diversas regi\u00f5es e realidades socioculturais do pa\u00eds\u201d, destaca o bispo.<\/p>\n<p style=\"text-align: justify\">Essa etapa presencial contou, ainda, com an\u00e1lises de conjuntura e um debate com alunos que se candidataram ou foram eleitos no \u00faltimo pleito eleitoral de 2016. V\u00e1rios deles explicitaram tamb\u00e9m experi\u00eancias como secret\u00e1rios em encargos executivos como secret\u00e1rios de planejamento, educa\u00e7\u00e3o, cultura, secretaria da mulher.<\/p>\n<p style=\"text-align: justify\">O secret\u00e1rio executivo do Cefep, padre Jos\u00e9 Ernanne Pinheiro, debateu com a turma documentos e pronunciamentos do papa Francisco. Entre elas, a carta apost\u00f3lica\u00a0<em>Misericordia et Misera<\/em>\u00a0e a mensagem do pont\u00edfice por ocasi\u00e3o do 3\u00ba Encontro com os Movimentos Populares.<\/p>\n<p style=\"text-align: justify\">O curso contou, ainda, com a participa\u00e7\u00e3o de irm\u00e3os de denomina\u00e7\u00f5es evang\u00e9licas, ensejando, dessa maneira, a frutifica\u00e7\u00e3o de um di\u00e1logo ecum\u00eanico pela viv\u00eancia, reflex\u00e3o e ora\u00e7\u00e3o em conjunto. Os 500 anos da reforma protestante foi tema de palestra, precedido por um culto Ecum\u00eanico, com a participa\u00e7\u00e3o da secret\u00e1ria do Conselho Nacional das Igrejas Crist\u00e3s (Conic), pastora Romi M\u00e1rcia Bencke. \u201cComo nos fala S\u00e3o Paulo em sua segunda Carta aos Cor\u00edntios: &#8216;O amor de Cristo \u00e9 que nos impulsiona&#8217; (II Cor 5, 14)\u201d, ressalta o dom Severino.<\/p>\n<p style=\"text-align: justify\">Para os participantes desta segunda etapa, o Cefep\u00a0consolida-se na busca da constru\u00e7\u00e3o de uma sociedade calcada no respeito m\u00fatuo e nos ideais do Evangelho de Jesus Cristo. &#8220;Como afirmou dom Helder, o Cefep\u00a0instiga aos alunos que n\u00e3o deixem morrer a profecia, concretizando no mundo uma a\u00e7\u00e3o prof\u00e9tica verdadeira e centrada no Cristo Senhor&#8221;, avaliam.<\/p>\n<p style=\"text-align: justify\">De acordo com as regras do edital, para receberem o certificado de Extens\u00e3o Universit\u00e1ria e de Especializa\u00e7\u00e3o PUC-Rio, os participantes ter\u00e3o de elaborar uma monografia.<\/p>\n<h5 style=\"text-align: justify\">Com informa\u00e7\u00f5es e fotos do Cefep<\/h5>\n<p style=\"text-align: justify\">\n","protected":false},"excerpt":{"rendered":"<p>Ao todo, 47 alunos de 16 estados brasileiros foram formados<\/p>\n","protected":false},"author":83,"featured_media":15853,"comment_status":"open","ping_status":"open","sticky":false,"template":"","format":"standard","meta":{"site-sidebar-layout":"default","site-content-layout":"default","ast-global-header-display":"","ast-banner-title-visibility":"","ast-main-header-display":"","ast-hfb-above-header-display":"","ast-hfb-below-header-display":"","ast-hfb-mobile-header-display":"","site-post-title":"","ast-breadcrumbs-content":"","ast-featured-img":"","footer-sml-layout":"","theme-transparent-header-meta":"","adv-header-id-meta":"","stick-header-meta":"","header-above-stick-meta":"","header-main-stick-meta":"","header-below-stick-meta":""},"categories":[748,852],"tags":[],"acf":[],"_links":{"self":[{"href":"https:\/\/www.cnbb.org.br\/cnbb-app\/wp\/v2\/posts\/15852"}],"collection":[{"href":"https:\/\/www.cnbb.org.br\/cnbb-app\/wp\/v2\/posts"}],"about":[{"href":"https:\/\/www.cnbb.org.br\/cnbb-app\/wp\/v2\/types\/post"}],"author":[{"embeddable":true,"href":"https:\/\/www.cnbb.org.br\/cnbb-app\/wp\/v2\/users\/83"}],"replies":[{"embeddable":true,"href":"https:\/\/www.cnbb.org.br\/cnbb-app\/wp\/v2\/comments?post=15852"}],"version-history":[{"count":0,"href":"https:\/\/www.cnbb.org.br\/cnbb-app\/wp\/v2\/posts\/15852\/revisions"}],"wp:featuredmedia":[{"embeddable":true,"href":"https:\/\/www.cnbb.org.br\/cnbb-app\/wp\/v2\/media\/15853"}],"wp:attachment":[{"href":"https:\/\/www.cnbb.org.br\/cnbb-app\/wp\/v2\/media?parent=15852"}],"wp:term":[{"taxonomy":"category","embeddable":true,"href":"https:\/\/www.cnbb.org.br\/cnbb-app\/wp\/v2\/categories?post=15852"},{"taxonomy":"post_tag","embeddable":true,"href":"https:\/\/www.cnbb.org.br\/cnbb-app\/wp\/v2\/tags?post=15852"}],"curies":[{"name":"wp","href":"https:\/\/api.w.org\/{rel}","templated":true}]}}