{"id":15856,"date":"2010-02-05T00:00:00","date_gmt":"2010-02-05T02:00:00","guid":{"rendered":"https:\/\/www.cnbb.org.br\/documentos-e-referencias-bibliograficas-1\/"},"modified":"2010-02-05T00:00:00","modified_gmt":"2010-02-05T02:00:00","slug":"documentos-e-referencias-bibliograficas-1","status":"publish","type":"post","link":"https:\/\/www.cnbb.org.br\/documentos-e-referencias-bibliograficas-1\/","title":{"rendered":"Documentos e Refer\u00eancias Bibliogr\u00e1ficas"},"content":{"rendered":"<table style=\"border-collapse: collapse;width: 550px\" border=\"0\" cellspacing=\"0\" cellpadding=\"0\">\n<tbody>\n<tr align=\"left\">\n<td style=\"padding: 0cm 5.4pt;background: #dbe5f1 none repeat scroll 0% 0%;width: 460.55pt\" valign=\"top\" width=\"614\">\n<p class=\"MsoNormal\" style=\"margin: 0cm 0cm 3pt;line-height: 16pt\"><strong><span style=\"font-size: 8pt;font-family: 'Verdana','sans-serif';color: black\">a) Da S\u00e9 Apost\u00f3lica (Roma)<\/span><\/strong><\/p>\n<\/td>\n<\/tr>\n<tr align=\"left\">\n<td style=\"padding: 0cm 5.4pt;width: 460.55pt\" valign=\"top\" width=\"614\">\n<p class=\"MsoNormal\" style=\"margin: 0cm 0cm 3pt 1cm;line-height: 16pt\"><span style=\"font-size: 8pt;font-family: 'Verdana','sans-serif';color: black\">PIO X, Motu Proprio \u201cTra le sollicitudine\u201d sobre a m\u00fasica sacra (1903). <\/span><\/p>\n<\/td>\n<\/tr>\n<tr align=\"left\">\n<td style=\"padding: 0cm 5.4pt;width: 460.55pt\" valign=\"top\" width=\"614\">\n<p class=\"MsoNormal\" style=\"margin: 0cm 0cm 3pt 1cm;line-height: 16pt\"><span style=\"font-size: 8pt;font-family: 'Verdana','sans-serif';color: black;letter-spacing: -0.5pt\">PIO XI, Constitui\u00e7\u00e3o Apost\u00f3lica \u201cDivini Cultus\u201d sobre liturgia, canto gregoriano e m\u00fasica sacra (1928). <\/span><\/p>\n<\/td>\n<\/tr>\n<tr align=\"left\">\n<td style=\"padding: 0cm 5.4pt;width: 460.55pt\" valign=\"top\" width=\"614\">\n<p class=\"MsoNormal\" style=\"margin: 0cm 0cm 3pt 1cm;line-height: 16pt\"><span style=\"font-size: 8pt;font-family: 'Verdana','sans-serif';color: black\">PIO XII, Enc\u00edclica \u201cMusicae Sacrae Disciplina\u201d sobre a m\u00fasica sacra (1955). <\/span><\/p>\n<\/td>\n<\/tr>\n<\/tbody>\n<\/table>\n<p><!--more--><\/p>\n<table style=\"border-collapse: collapse;width: 550px\" border=\"0\" cellspacing=\"0\" cellpadding=\"0\">\n<tbody>\n<tr align=\"left\">\n<td style=\"padding: 0cm 5.4pt;width: 460.55pt\" valign=\"top\" width=\"614\">\n<p class=\"MsoNormal\" style=\"margin: 0cm 0cm 3pt 1cm;line-height: 16pt\"><span style=\"font-size: 8pt;font-family: 'Verdana','sans-serif';color: black;letter-spacing: -0.5pt\">SAGRADA CONGREGA\u00c7\u00c3O DOS RITOS, Instru\u00e7\u00e3o sobre a m\u00fasica sacra e a sagrada liturgia (1958). <\/span><\/p>\n<\/td>\n<\/tr>\n<tr align=\"left\">\n<td style=\"padding: 0cm 5.4pt;width: 460.55pt\" valign=\"top\" width=\"614\">\n<p class=\"MsoNormal\" style=\"margin: 0cm 0cm 3pt 1cm;line-height: 16pt\"><span style=\"font-size: 8pt;font-family: 'Verdana','sans-serif';color: black\">CONC\u00cdLIO VATICANO II, Constitui\u00e7\u00e3o sobre a Sagrada Liturgia (1963). <\/span><\/p>\n<\/td>\n<\/tr>\n<tr align=\"left\">\n<td style=\"padding: 0cm 5.4pt;width: 460.55pt\" valign=\"top\" width=\"614\">\n<p class=\"MsoNormal\" style=\"margin: 0cm 0cm 3pt 1cm;line-height: 16pt\"><span style=\"font-size: 8pt;font-family: 'Verdana','sans-serif';color: black;letter-spacing: -0.3pt\">SAGRADA CONGREGA\u00c7\u00c3O DOS RITOS, Instru\u00e7\u00e3o sobre a m\u00fasica na sagrada liturgia (1967). <\/span><\/p>\n<\/td>\n<\/tr>\n<tr align=\"left\">\n<td style=\"padding: 0cm 5.4pt;width: 460.55pt\" valign=\"top\" width=\"614\">\n<p class=\"MsoNormal\" style=\"margin: 0cm 0cm 3pt 1cm;line-height: 16pt\"><span style=\"font-size: 8pt;font-family: 'Verdana','sans-serif';color: black\">JO\u00c3O PAULO II, Quir\u00f3grafo sobre a m\u00fasica lit\u00fargica (2003). <\/span><\/p>\n<\/td>\n<\/tr>\n<tr>\n<td style=\"padding: 0cm 5.4pt;width: 460.55pt\" valign=\"top\" width=\"614\">\n<div align=\"left\"><\/div>\n<p class=\"MsoNormal\" style=\"margin: 0cm 0cm 3pt 1cm;line-height: 16pt\" align=\"left\"><span style=\"font-size: 8pt;font-family: 'Verdana','sans-serif';color: black\">INSTRU\u00c7\u00c3O GERAL DO MISSAL ROMANO E INTRODU\u00c7\u00c3O AO LECION\u00c1RIO, <\/span>Edi\u00e7\u00f5es CNBB (2008).<\/p>\n<\/td>\n<\/tr>\n<tr>\n<td style=\"padding: 0cm 5.4pt;width: 460.55pt\" valign=\"top\" width=\"614\">\n<p class=\"MsoNormal\" style=\"margin: 0cm 0cm 3pt;line-height: 16pt\">\n<\/td>\n<\/tr>\n<tr align=\"left\">\n<td style=\"padding: 0cm 5.4pt;background: #dbe5f1 none repeat scroll 0% 0%;width: 460.55pt\" valign=\"top\" width=\"614\">\n<p class=\"MsoNormal\" style=\"margin: 0cm 0cm 3pt;line-height: 16pt\"><strong><span style=\"font-size: 8pt;font-family: 'Verdana','sans-serif';color: black\">b) Da CNBB<\/span><\/strong><\/p>\n<\/td>\n<\/tr>\n<tr align=\"left\">\n<td style=\"padding: 0cm 5.4pt;width: 460.55pt\" valign=\"top\" width=\"614\">\n<p class=\"MsoNormal\" style=\"margin: 0cm 0cm 3pt 1cm;line-height: 16pt\"><span style=\"font-size: 8pt;font-family: 'Verdana','sans-serif';color: black;letter-spacing: -0.3pt\">CNBB, Pastoral da m\u00fasica lit\u00fargica no Brasil, (Documentos da CNBB, n. 7), S\u00e3o Paulo, Paulinas.<\/span><\/p>\n<\/td>\n<\/tr>\n<tr align=\"left\">\n<td style=\"padding: 0cm 5.4pt;width: 460.55pt\" valign=\"top\" width=\"614\">\n<p class=\"MsoNormal\" style=\"margin: 0cm 0cm 3pt 1cm;line-height: 16pt\"><span style=\"font-size: 8pt;font-family: 'Verdana','sans-serif';color: black;letter-spacing: -0.2pt\">CNBB, A m\u00fasica lit\u00fargica no Brasil (Estudos da CNBB, n. 79), 6. ed., S\u00e3o Paulo, Paulus, 2004.<\/span><\/p>\n<\/td>\n<\/tr>\n<tr align=\"left\">\n<td style=\"padding: 0cm 5.4pt;width: 460.55pt\" valign=\"top\" width=\"614\">\n<p class=\"MsoNormal\" style=\"margin: 0cm 0cm 3pt 1cm;line-height: 16pt\"><span style=\"font-size: 8pt;font-family: 'Verdana','sans-serif';color: black\">N.B.: Todos estes documentos (da S\u00e9 Apost\u00f3lica e da CNBB) poder\u00e3o ser encontrados, <span style=\"letter-spacing: -0.3pt\">num \u00fanico volume: Documentos da Igreja sobre a m\u00fasica lit\u00fargica, S\u00e3o Paulo, Paulus, 2005<\/span>.<\/span><\/p>\n<\/td>\n<\/tr>\n<tr>\n<td style=\"padding: 0cm 5.4pt;width: 460.55pt\" valign=\"top\" width=\"614\">\n<p class=\"MsoNormal\" style=\"margin: 0cm 0cm 3pt;line-height: 16pt\">\n<\/td>\n<\/tr>\n<tr>\n<td style=\"padding: 0cm 5.4pt;background: #dbe5f1 none repeat scroll 0% 0%;width: 460.55pt\" valign=\"top\" width=\"614\">\n<div align=\"left\"><\/div>\n<p class=\"MsoNormal\" style=\"margin-left: 0cm\" align=\"left\"><strong><span style=\"font-size: 8pt;font-family: 'Verdana','sans-serif'\">c) Cole\u00e7\u00e3o Liturgia e m\u00fasica \u2013 editora Paulus<\/span><\/strong><\/p>\n<\/td>\n<\/tr>\n<tr align=\"left\">\n<td style=\"padding: 0cm 5.4pt;width: 460.55pt\" valign=\"top\" width=\"614\">\n<p class=\"MsoNormal\" style=\"margin: 0cm 0cm 3pt 1cm;line-height: 16pt\"><span style=\"font-size: 8pt;font-family: 'Verdana','sans-serif'\">Volume I: Cantando a missa e o of\u00edcio divino. Joaquim Fonseca.<\/span><\/p>\n<\/td>\n<\/tr>\n<tr align=\"left\">\n<td style=\"padding: 0cm 5.4pt;width: 460.55pt\" valign=\"top\" width=\"614\">\n<p class=\"MsoNormal\" style=\"margin: 0cm 0cm 3pt 1cm;line-height: 16pt\"><span style=\"font-size: 8pt;font-family: 'Verdana','sans-serif'\">Volume II: M\u00fasica brasileira na liturgia. Diversos autores.<\/span><\/p>\n<\/td>\n<\/tr>\n<tr align=\"left\">\n<td style=\"padding: 0cm 5.4pt;width: 460.55pt\" valign=\"top\" width=\"614\">\n<p class=\"MsoNormal\" style=\"margin: 0cm 0cm 3pt 1cm;line-height: 16pt\"><span style=\"font-size: 8pt;font-family: 'Verdana','sans-serif'\">Volume III: O canto crist\u00e3o na tradi\u00e7\u00e3o primitiva. Xabier Basurko.<\/span><\/p>\n<\/td>\n<\/tr>\n<tr align=\"left\">\n<td style=\"padding: 0cm 5.4pt;width: 460.55pt\" valign=\"top\" width=\"614\">\n<p class=\"MsoNormal\" style=\"margin: 0cm 0cm 3pt 1cm;line-height: 16pt\"><span style=\"font-size: 8pt;font-family: 'Verdana','sans-serif'\">Volume IV: M\u00fasica, dan\u00e7a e poesia na B\u00edblia. Mar\u00eda Victoria Trivi\u00f1o Monrabal.<\/span><\/p>\n<\/td>\n<\/tr>\n<tr align=\"left\">\n<td style=\"padding: 0cm 5.4pt;width: 460.55pt\" valign=\"top\" width=\"614\">\n<p class=\"MsoNormal\" style=\"margin: 0cm 0cm 3pt 1cm;line-height: 16pt\"><span style=\"font-size: 8pt;font-family: 'Verdana','sans-serif'\">Volume V: T\u00e9cnica vocal: Princ\u00edpios para o cantor lit\u00fargico. Paulo Molinari.<\/span><\/p>\n<\/td>\n<\/tr>\n<tr align=\"left\">\n<td style=\"padding: 0cm 5.4pt;width: 460.55pt\" valign=\"top\" width=\"614\">\n<p class=\"MsoNormal\" style=\"margin: 0cm 0cm 3pt 1cm;line-height: 16pt\"><span style=\"font-size: 8pt;font-family: 'Verdana','sans-serif'\">Volume VI: Quem canta? O que cantar na liturgia? Joaquim Fonseca.<\/span><\/p>\n<\/td>\n<\/tr>\n<tr align=\"left\">\n<td style=\"padding: 0cm 5.4pt;width: 460.55pt\" valign=\"top\" width=\"614\">\n<p class=\"MsoNormal\" style=\"margin: 0cm 0cm 3pt 1cm;line-height: 16pt\"><span style=\"font-size: 8pt;font-family: 'Verdana','sans-serif'\">Volume VII: M\u00fasica ritual e mistagogia. Ione Buyst, Joaquim Fonseca.<\/span><\/p>\n<\/td>\n<\/tr>\n<tr align=\"left\">\n<td style=\"padding: 0cm 5.4pt;width: 460.55pt\" valign=\"top\" width=\"614\">\n<p class=\"MsoNormal\" style=\"margin: 0cm 0cm 3pt 1cm;line-height: 16pt\"><span style=\"font-size: 8pt;font-family: 'Verdana','sans-serif'\">Volume VIII: M\u00fasica brasileira na liturgia II<\/span>, Paula Molinari (org.)<\/p>\n<\/td>\n<\/tr>\n<tr>\n<td style=\"padding: 0cm 5.4pt;width: 460.55pt\" valign=\"top\" width=\"614\">\n<p class=\"MsoNormal\" style=\"margin: 0cm 0cm 3pt;line-height: 16pt\">\n<\/td>\n<\/tr>\n<tr>\n<td style=\"padding: 0cm 5.4pt;background: #dbe5f1 none repeat scroll 0% 0%;width: 460.55pt\" valign=\"top\" width=\"614\">\n<div align=\"left\"><\/div>\n<div align=\"left\"><strong><span style=\"font-size: 8pt;font-family: 'Verdana','sans-serif'\">d) Documentos da S\u00e9 Apost\u00f3lica a partir do Vaticano II<\/span><\/strong><\/div>\n<p class=\"MsoNormal\" style=\"margin-left: 0cm\">\n<\/td>\n<\/tr>\n<\/tbody>\n<\/table>\n<table class=\"MsoTableGrid\" style=\"border-collapse: collapse\" border=\"0\" cellspacing=\"0\" cellpadding=\"0\">\n<tbody>\n<tr align=\"left\">\n<td style=\"padding: 0cm 5.4pt;width: 460.55pt\" valign=\"top\" width=\"614\">\n<p class=\"MsoNormal\" style=\"margin: 0cm 0cm 3pt 1cm;line-height: 16pt\"><span style=\"font-size: 8pt;font-family: 'Verdana','sans-serif';color: black\">Sacrosanctun Concilium 1963 Cap.VII <\/span><\/p>\n<\/td>\n<\/tr>\n<tr align=\"left\">\n<td style=\"padding: 0cm 5.4pt;width: 460.55pt\" valign=\"top\" width=\"614\">\n<p class=\"MsoNormal\" style=\"margin: 0cm 0cm 3pt 1cm;line-height: 16pt\"><span style=\"font-size: 8pt;font-family: 'Verdana','sans-serif';color: black\">Inter Oecumenici 1964 <\/span><\/p>\n<\/td>\n<\/tr>\n<tr align=\"left\">\n<td style=\"padding: 0cm 5.4pt;width: 460.55pt\" valign=\"top\" width=\"614\">\n<p class=\"MsoNormal\" style=\"margin: 0cm 0cm 3pt 1cm;line-height: 16pt\"><span style=\"font-size: 8pt;font-family: 'Verdana','sans-serif';color: black\">Instru\u00e7\u00e3o geral do Missal Romano 1979-2002 cap.V <\/span><\/p>\n<\/td>\n<\/tr>\n<tr align=\"left\">\n<td style=\"padding: 0cm 5.4pt;width: 460.55pt\" valign=\"top\" width=\"614\">\n<p class=\"MsoNormal\" style=\"margin: 0cm 0cm 3pt 1cm;line-height: 16pt\"><span style=\"font-size: 8pt;font-family: 'Verdana','sans-serif';color: black\">De cura patrimoni historici-artistici ecclesie 1971 <\/span><\/p>\n<\/td>\n<\/tr>\n<tr align=\"left\">\n<td style=\"padding: 0cm 5.4pt;width: 460.55pt\" valign=\"top\" width=\"614\">\n<p class=\"MsoNormal\" style=\"margin: 0cm 0cm 3pt 1cm;line-height: 16pt\"><span style=\"font-size: 8pt;font-family: 'Verdana','sans-serif';color: black\">C\u00f3digo de Direito Can\u00f4nico <\/span><\/p>\n<\/td>\n<\/tr>\n<tr align=\"left\">\n<td style=\"padding: 0cm 5.4pt;width: 460.55pt\" valign=\"top\" width=\"614\">\n<p class=\"MsoNormal\" style=\"margin: 0cm 0cm 3pt 1cm;line-height: 16pt\"><span style=\"font-size: 8pt;font-family: 'Verdana','sans-serif';color: black\">Pontif\u00edcia Comiss\u00e3o para o patrim\u00f4nio Hist\u00f3rico e Art\u00edstico 1988 <\/span><\/p>\n<\/td>\n<\/tr>\n<tr align=\"left\">\n<td style=\"padding: 0cm 5.4pt;width: 460.55pt\" valign=\"top\" width=\"614\">\n<p class=\"MsoNormal\" style=\"margin: 0cm 0cm 3pt 1cm;line-height: 16pt\"><span style=\"font-size: 8pt;font-family: 'Verdana','sans-serif';color: black\">A forma\u00e7\u00e3o dos futuros presb\u00edteros e os bens culturais 1992 <\/span><\/p>\n<\/td>\n<\/tr>\n<tr align=\"left\">\n<td style=\"padding: 0cm 5.4pt;width: 460.55pt\" valign=\"top\" width=\"614\">\n<p class=\"MsoNormal\" style=\"margin: 0cm 0cm 3pt 1cm;line-height: 16pt\"><span style=\"font-size: 8pt;font-family: 'Verdana','sans-serif';color: black\">Pontif\u00edcia Comiss\u00e3o para os Bens Culturais da Igreja 1993 <\/span><\/p>\n<\/td>\n<\/tr>\n<tr align=\"left\">\n<td style=\"padding: 0cm 5.4pt;width: 460.55pt\" valign=\"top\" width=\"614\">\n<p class=\"MsoNormal\" style=\"margin: 0cm 0cm 3pt 1cm;line-height: 16pt\"><span style=\"font-size: 8pt;font-family: 'Verdana','sans-serif';color: black\">As Bibliotecas Eclesi\u00e1sticas na miss\u00e3o da Igreja 1994 <\/span><\/p>\n<\/td>\n<\/tr>\n<tr align=\"left\">\n<td style=\"padding: 0cm 5.4pt;width: 460.55pt\" valign=\"top\" width=\"614\">\n<p class=\"MsoNormal\" style=\"margin: 0cm 0cm 3pt 1cm;line-height: 16pt\"><span style=\"font-size: 8pt;font-family: 'Verdana','sans-serif';color: black\">Para uma pastoral da Cultura 1999 <\/span><\/p>\n<\/td>\n<\/tr>\n<tr align=\"left\">\n<td style=\"padding: 0cm 5.4pt;width: 460.55pt\" valign=\"top\" width=\"614\">\n<p class=\"MsoNormal\" style=\"margin: 0cm 0cm 3pt 1cm;line-height: 16pt\"><span style=\"font-size: 8pt;font-family: 'Verdana','sans-serif';color: black\">Necessidade e urg\u00eancia da inventaria\u00e7\u00e3o e cataloga\u00e7\u00e3o do Patrim\u00f4nio Cultural da Igreja 1999<\/span><\/p>\n<\/td>\n<\/tr>\n<tr align=\"left\">\n<td style=\"padding: 0cm 5.4pt;width: 460.55pt\" valign=\"top\" width=\"614\">\n<p class=\"MsoNormal\" style=\"margin: 0cm 0cm 3pt 1cm;line-height: 16pt\"><span style=\"font-size: 8pt;font-family: 'Verdana','sans-serif';color: black\">A fun\u00e7\u00e3o pastoral dos museus eclesi\u00e1sticos 2001<\/span><\/p>\n<\/td>\n<\/tr>\n<tr>\n<td style=\"padding: 0cm 5.4pt;width: 460.55pt\" valign=\"top\" width=\"614\">\n<p class=\"MsoNormal\" style=\"margin: 0cm 0cm 3pt 1cm;line-height: 16pt\">\n<\/td>\n<\/tr>\n<\/tbody>\n<\/table>\n<table class=\"MsoNormalTable\" style=\"border-collapse: collapse\" border=\"0\" cellspacing=\"0\" cellpadding=\"0\">\n<tbody>\n<tr align=\"left\">\n<td style=\"padding: 0cm 5.4pt;background: #dbe5f1 none repeat scroll 0% 0%;width: 460.55pt\" valign=\"top\" width=\"614\">\n<p class=\"MsoNormal\" style=\"margin: 0cm 0cm 3pt;line-height: 16pt\"><strong><span style=\"font-size: 8pt;font-family: 'Verdana','sans-serif';color: black\">d) Outras refer\u00eancias bibliogr\u00e1ficas<\/span><\/strong><\/p>\n<\/td>\n<\/tr>\n<tr align=\"left\">\n<td style=\"padding: 0cm 5.4pt;width: 460.55pt\" valign=\"top\" width=\"614\">\n<p class=\"MsoNormal\" style=\"margin: 0cm 0cm 3pt;line-height: 16pt\">\n<\/td>\n<\/tr>\n<tr>\n<td style=\"padding: 0cm 5.4pt;width: 460.55pt\" valign=\"top\" width=\"614\"><\/td>\n<\/tr>\n<tr align=\"left\">\n<td style=\"padding: 0cm 5.4pt;background: white none repeat scroll 0% 0%;width: 460.55pt\" valign=\"top\" width=\"614\">\n<p class=\"MsoNormal\" style=\"margin: 0cm 0cm 3pt;line-height: 16pt\"><strong><span style=\"font-size: 8pt;font-family: 'Verdana','sans-serif';color: black\">BABUR\u00c9S, J.<\/span><\/strong><\/p>\n<\/td>\n<\/tr>\n<tr>\n<td valign=\"top\" width=\"614\">\n<div align=\"left\"><\/div>\n<p class=\"MsoNormal\" style=\"margin: 0cm 0cm 3pt 1cm;line-height: 16pt\" align=\"left\"><span style=\"font-size: 8pt;font-family: 'Verdana','sans-serif';color: black\">La m\u00fasica lit\u00fargica. Situaci\u00f3n presente y retos para el futuro. Phase, Barcelona, 258: 531-41, nov.\/dec. 2003.<\/span><\/p>\n<\/td>\n<\/tr>\n<tr align=\"left\">\n<td style=\"padding: 0cm 5.4pt;width: 460.55pt\" valign=\"top\" width=\"614\">\n<p class=\"MsoNormal\" style=\"margin: 0cm 0cm 3pt;line-height: 16pt\">\n<\/td>\n<\/tr>\n<tr align=\"left\">\n<td style=\"padding: 0cm 5.4pt;background: white none repeat scroll 0% 0%;width: 460.55pt\" valign=\"top\" width=\"614\">\n<p class=\"MsoNormal\" style=\"margin: 0cm 0cm 3pt;line-height: 16pt\"><strong><span style=\"font-size: 8pt;font-family: 'Verdana','sans-serif';color: black\">BECKH\u00c4USER, A. <\/span><\/strong><\/p>\n<\/td>\n<\/tr>\n<tr align=\"left\">\n<td style=\"padding: 0cm 5.4pt;width: 460.55pt\" valign=\"top\" width=\"614\">\n<p class=\"MsoNormal\" style=\"margin: 0cm 0cm 3pt 1cm;line-height: 16pt\"><span style=\"font-size: 8pt;font-family: 'Verdana','sans-serif';color: black\">Cantar a liturgia. Petr\u00f3polis, Vozes, 2004.<\/span><\/p>\n<\/td>\n<\/tr>\n<tr align=\"left\">\n<td style=\"padding: 0cm 5.4pt;width: 460.55pt\" valign=\"top\" width=\"614\">\n<p class=\"MsoNormal\" style=\"margin: 0cm 0cm 3pt;line-height: 16pt\">\n<\/td>\n<\/tr>\n<tr align=\"left\">\n<td style=\"padding: 0cm 5.4pt;background: white none repeat scroll 0% 0%;width: 460.55pt\" valign=\"top\" width=\"614\">\n<p class=\"MsoNormal\" style=\"margin: 0cm 0cm 3pt;line-height: 16pt\"><strong><span style=\"font-size: 8pt;font-family: 'Verdana','sans-serif';color: black\">BUYST, Ione. <\/span><\/strong><\/p>\n<\/td>\n<\/tr>\n<tr align=\"left\">\n<td style=\"padding: 0cm 5.4pt;width: 460.55pt\" valign=\"top\" width=\"614\">\n<p class=\"MsoNormal\" style=\"margin: 0cm 0cm 3pt 1cm;line-height: 16pt\"><span style=\"font-size: 8pt;font-family: 'Verdana','sans-serif';color: black\">M\u00fasica Ritual. In: Revista de Liturgia, S\u00e3o Paulo, 93: 88, maio\/jun. 1989.<\/span><\/p>\n<\/td>\n<\/tr>\n<tr align=\"left\">\n<td style=\"padding: 0cm 5.4pt;width: 460.55pt\" valign=\"top\" width=\"614\">\n<p class=\"MsoNormal\" style=\"margin: 0cm 0cm 3pt 1cm;line-height: 16pt\"><span style=\"font-size: 8pt;font-family: 'Verdana','sans-serif';color: black\">M\u00fasica Ritual. In: Revista de Liturgia, S\u00e3o Paulo, 94: 124, jul.\/ago. 1989.<\/span><\/p>\n<\/td>\n<\/tr>\n<tr align=\"left\">\n<td style=\"padding: 0cm 5.4pt;width: 460.55pt\" valign=\"top\" width=\"614\">\n<p class=\"MsoNormal\" style=\"margin: 0cm 0cm 3pt 1cm;line-height: 16pt\"><span style=\"font-size: 8pt;font-family: 'Verdana','sans-serif';color: black\">M\u00fasica Ritual. In: Revista de Liturgia, S\u00e3o Paulo, 98: 61, mar.\/abr. 1990.<\/span><\/p>\n<\/td>\n<\/tr>\n<tr align=\"left\">\n<td style=\"padding: 0cm 5.4pt;width: 460.55pt\" valign=\"top\" width=\"614\">\n<p class=\"MsoNormal\" style=\"margin: 0cm 0cm 3pt 1cm;line-height: 16pt\"><span style=\"font-size: 8pt;font-family: 'Verdana','sans-serif';color: black\">Cristo ressuscitou; medita\u00e7\u00e3o lit\u00fargica com um hino pascal, Paulus, 1995.<\/span><\/p>\n<\/td>\n<\/tr>\n<tr align=\"left\">\n<td style=\"padding: 0cm 5.4pt;width: 460.55pt\" valign=\"top\" width=\"614\">\n<p class=\"MsoNormal\" style=\"margin: 0cm 0cm 3pt 1cm;line-height: 16pt\"><span style=\"font-size: 8pt;font-family: 'Verdana','sans-serif';color: black\">M\u00fasica na liturgia. In: Revista de Liturgia, S\u00e3o Paulo, 17: 1-8, set.\/out. 1976.<\/span><\/p>\n<\/td>\n<\/tr>\n<tr align=\"left\">\n<td style=\"padding: 0cm 5.4pt;width: 460.55pt\" valign=\"top\" width=\"614\">\n<p class=\"MsoNormal\" style=\"margin: 0cm 0cm 3pt;line-height: 16pt\">\n<\/td>\n<\/tr>\n<tr align=\"left\">\n<td style=\"padding: 0cm 5.4pt;background: white none repeat scroll 0% 0%;width: 460.55pt\" valign=\"top\" width=\"614\">\n<p class=\"MsoNormal\" style=\"margin: 0cm 0cm 3pt;line-height: 16pt\"><strong><span style=\"font-size: 8pt;font-family: 'Verdana','sans-serif';color: black\">FONSECA, Joaquim. <\/span><\/strong><\/p>\n<\/td>\n<\/tr>\n<tr align=\"left\">\n<td style=\"padding: 0cm 5.4pt;width: 460.55pt\" valign=\"top\" width=\"614\">\n<p class=\"MsoNormal\" style=\"margin: 0cm 0cm 3pt 1cm;line-height: 16pt\"><span style=\"font-size: 8pt;font-family: 'Verdana','sans-serif';color: black\">O canto novo da na\u00e7\u00e3o do Divino. S\u00e3o Paulo, Paulinas, 2000.<\/span><\/p>\n<\/td>\n<\/tr>\n<tr align=\"left\">\n<td style=\"padding: 0cm 5.4pt;width: 460.55pt\" valign=\"top\" width=\"614\">\n<p class=\"MsoNormal\" style=\"margin: 0cm 0cm 3pt 1cm;line-height: 16pt\"><span style=\"font-size: 8pt;font-family: 'Verdana','sans-serif';color: black\">Cantando a missa e o Of\u00edcio divino. S\u00e3o Paulo, Paulus, 2004<\/span><\/p>\n<\/td>\n<\/tr>\n<tr align=\"left\">\n<td style=\"padding: 0cm 5.4pt;width: 460.55pt\" valign=\"top\" width=\"614\">\n<p class=\"MsoNormal\" style=\"margin: 0cm 0cm 3pt 1cm;line-height: 16pt\"><span style=\"font-size: 8pt;font-family: 'Verdana','sans-serif';color: black\">O que cantamos na liturgia durante a Quaresma? Revista de Liturgia, 181: 25-28, jan.\/fev. 2004.<\/span><\/p>\n<\/td>\n<\/tr>\n<tr align=\"left\">\n<td style=\"padding: 0cm 5.4pt;width: 460.55pt\" valign=\"top\" width=\"614\">\n<p class=\"MsoNormal\" style=\"margin: 0cm 0cm 3pt 1cm;line-height: 16pt\"><span style=\"font-size: 8pt;font-family: 'Verdana','sans-serif';color: black\">O que cantamos na liturgia durante o tempo pascal? Revista de Liturgia, 182: 26-27, jan.\/fev. 2004.<\/span><\/p>\n<\/td>\n<\/tr>\n<tr align=\"left\">\n<td style=\"padding: 0cm 5.4pt;width: 460.55pt\" valign=\"top\" width=\"614\">\n<p class=\"MsoNormal\" style=\"margin: 0cm 0cm 3pt 1cm;line-height: 16pt\"><span style=\"font-size: 8pt;font-family: 'Verdana','sans-serif';color: black\">O que cantamos na liturgia dos domingos do tempo comum? Revista de Liturgia, 183: 27-28, maio.\/jun. 2004.<\/span><\/p>\n<\/td>\n<\/tr>\n<tr align=\"left\">\n<td style=\"padding: 0cm 5.4pt;width: 460.55pt\" valign=\"top\" width=\"614\">\n<p class=\"MsoNormal\" style=\"margin: 0cm 0cm 3pt 1cm;line-height: 16pt\"><span style=\"font-size: 8pt;font-family: 'Verdana','sans-serif';color: black\">O que cantamos na liturgia nas festas do Senhor e dos seus santos?\u2013 1 Revista de Liturgia, 184:23-25, jul.\/ago. 2004.<\/span><\/p>\n<\/td>\n<\/tr>\n<tr align=\"left\">\n<td style=\"padding: 0cm 5.4pt;width: 460.55pt\" valign=\"top\" width=\"614\">\n<p class=\"MsoNormal\" style=\"margin: 0cm 0cm 3pt 1cm;line-height: 16pt\"><span style=\"font-size: 8pt;font-family: 'Verdana','sans-serif';color: black\">O que cantamos na liturgia nas festas do Senhor e dos seus santos?\u2013 2 Revista de Liturgia, 185:21-24, set.\/out. 2004.<\/span><\/p>\n<\/td>\n<\/tr>\n<tr align=\"left\">\n<td style=\"padding: 0cm 5.4pt;width: 460.55pt\" valign=\"top\" width=\"614\">\n<p class=\"MsoNormal\" style=\"margin: 0cm 0cm 3pt 1cm;line-height: 16pt\"><span style=\"font-size: 8pt;font-family: 'Verdana','sans-serif';color: black\">O que cantamos na liturgia durante o ciclo do natal? Revista de Liturgia, 186: 13-15.<\/span><\/p>\n<\/td>\n<\/tr>\n<tr align=\"left\">\n<td style=\"padding: 0cm 5.4pt;width: 460.55pt\" valign=\"top\" width=\"614\">\n<p class=\"MsoNormal\" style=\"margin: 0cm 0cm 3pt 1cm;line-height: 16pt\"><span style=\"font-size: 8pt;font-family: 'Verdana','sans-serif';color: black\">Minist\u00e9rios lit\u00fargicos-musicais. Revista de Liturgia, 187: 13-14, jan.\/fev. 2005<\/span><\/p>\n<\/td>\n<\/tr>\n<tr align=\"left\">\n<td style=\"padding: 0cm 5.4pt;width: 460.55pt\" valign=\"top\" width=\"614\">\n<p class=\"MsoNormal\" style=\"margin: 0cm 0cm 3pt 1cm;line-height: 16pt\"><span style=\"font-size: 8pt;font-family: 'Verdana','sans-serif';color: black\">Minist\u00e9rio do(a) regente ou animador(a) do canto e da m\u00fasica na liturgia. Revista de Liturgia, 188: 27-28, mar.\/abr. 2005.<\/span><\/p>\n<\/td>\n<\/tr>\n<tr align=\"left\">\n<td style=\"padding: 0cm 5.4pt;width: 460.55pt\" valign=\"top\" width=\"614\">\n<p class=\"MsoNormal\" style=\"margin: 0cm 0cm 3pt 1cm;line-height: 16pt\"><span style=\"font-size: 8pt;font-family: 'Verdana','sans-serif';color: black\">Minist\u00e9rio do coral ou grupo de cantores. Revista de Liturgia, 189, maio\/jun. 2005.<\/span><\/p>\n<\/td>\n<\/tr>\n<tr align=\"left\">\n<td style=\"padding: 0cm 5.4pt;width: 460.55pt\" valign=\"top\" width=\"614\">\n<p class=\"MsoNormal\" style=\"margin: 0cm 0cm 3pt;line-height: 16pt\">\n<\/td>\n<\/tr>\n<tr align=\"left\">\n<td style=\"padding: 0cm 5.4pt;background: white none repeat scroll 0% 0%;width: 460.55pt\" valign=\"top\" width=\"614\">\n<p class=\"MsoNormal\" style=\"margin: 0cm 0cm 3pt;line-height: 16pt\"><strong><span style=\"font-size: 8pt;font-family: 'Verdana','sans-serif';color: black\">GELINEAU, Joseph. <\/span><\/strong><\/p>\n<\/td>\n<\/tr>\n<tr align=\"left\">\n<td style=\"padding: 0cm 5.4pt;width: 460.55pt\" valign=\"top\" width=\"614\">\n<p class=\"MsoNormal\" style=\"margin: 0cm 0cm 3pt 1cm;line-height: 16pt\"><span style=\"font-size: 8pt;font-family: 'Verdana','sans-serif';color: black\">Canto e m\u00fasica no culto crist\u00e3o. Petr\u00f3polis, Vozes, 1968.<\/span><\/p>\n<\/td>\n<\/tr>\n<tr align=\"left\">\n<td style=\"padding: 0cm 5.4pt;width: 460.55pt\" valign=\"top\" width=\"614\">\n<p class=\"MsoNormal\" style=\"margin: 0cm 0cm 3pt 1cm;line-height: 16pt\"><span style=\"font-size: 8pt;font-family: 'Verdana','sans-serif';color: black\">Canto e m\u00fasica. In: O amanh\u00e3 da liturgia. S. Paulo, Paulinas, 1977, p. 107-23.<\/span><\/p>\n<\/td>\n<\/tr>\n<tr align=\"left\">\n<td style=\"padding: 0cm 5.4pt;width: 460.55pt\" valign=\"top\" width=\"614\">\n<p class=\"MsoNormal\" style=\"margin: 0cm 0cm 3pt;line-height: 16pt\">\n<\/td>\n<\/tr>\n<tr align=\"left\">\n<td style=\"padding: 0cm 5.4pt;background: white none repeat scroll 0% 0%;width: 460.55pt\" valign=\"top\" width=\"614\">\n<p class=\"MsoNormal\" style=\"margin: 0cm 0cm 3pt;line-height: 16pt\"><strong><span style=\"font-size: 8pt;font-family: 'Verdana','sans-serif';color: black\">MART\u00cdN, Julian Lopez. <\/span><\/strong><\/p>\n<\/td>\n<\/tr>\n<tr align=\"left\">\n<td style=\"padding: 0cm 5.4pt;width: 460.55pt\" valign=\"top\" width=\"614\">\n<p class=\"MsoNormal\" style=\"margin: 0cm 0cm 3pt 1cm;line-height: 16pt\"><span style=\"font-size: 8pt;font-family: 'Verdana','sans-serif';color: black\">Canto y m\u00fasica en la liturgia; punto de vista teol\u00f3gico. In: VV.AA. La m\u00fasica en la Iglesia de ayer a hoy. Salamanca, publicaci\u00f3nes Universidad Pontificia, s.d. (Biblioteca Salmanticensis, Estudios, 151), p.195-220.<\/span><\/p>\n<\/td>\n<\/tr>\n<tr align=\"left\">\n<td style=\"padding: 0cm 5.4pt;width: 460.55pt\" valign=\"top\" width=\"614\">\n<p class=\"MsoNormal\" style=\"margin: 0cm 0cm 3pt 1cm;line-height: 16pt\"><span style=\"font-size: 8pt;font-family: 'Verdana','sans-serif';color: black\">La musica lit\u00fargica cien a\u00f1os despu\u00e9s de la reforma de san Pio X. Phase, Barcelona, 259: 29-43, ene.\/feb. 2004.<\/span><\/p>\n<\/td>\n<\/tr>\n<tr align=\"left\">\n<td style=\"padding: 0cm 5.4pt;width: 460.55pt\" valign=\"top\" width=\"614\">\n<p class=\"MsoNormal\" style=\"margin: 0cm 0cm 3pt;line-height: 16pt\">\n<\/td>\n<\/tr>\n<tr align=\"left\">\n<td style=\"padding: 0cm 5.4pt;background: white none repeat scroll 0% 0%;width: 460.55pt\" valign=\"top\" width=\"614\">\n<p class=\"MsoNormal\" style=\"margin: 0cm 0cm 3pt;line-height: 16pt\"><strong><span style=\"font-size: 8pt;font-family: 'Verdana','sans-serif';color: black\">MISERACHS, Valent\u00ed. <\/span><\/strong><\/p>\n<\/td>\n<\/tr>\n<tr align=\"left\">\n<td style=\"padding: 0cm 5.4pt;width: 460.55pt\" valign=\"top\" width=\"614\">\n<p class=\"MsoNormal\" style=\"margin: 0cm 0cm 3pt 1cm;line-height: 16pt\"><span style=\"font-size: 8pt;font-family: 'Verdana','sans-serif';color: black\">El Motu proprio \u201cTra le sollicitudini\u201d sw san Pio X. Historia y contenido. Phase, Barcelona, 259: 9-28, ene.\/feb. 2004.<\/span><\/p>\n<\/td>\n<\/tr>\n<tr align=\"left\">\n<td style=\"padding: 0cm 5.4pt;width: 460.55pt\" valign=\"top\" width=\"614\">\n<p class=\"MsoNormal\" style=\"margin: 0cm 0cm 3pt 1cm;line-height: 16pt\"><span style=\"font-size: 8pt;font-family: 'Verdana','sans-serif';color: black\">PIQU\u00c9, Jardi Agust\u00ed. <\/span><\/p>\n<\/td>\n<\/tr>\n<tr align=\"left\">\n<td style=\"padding: 0cm 5.4pt;width: 460.55pt\" valign=\"top\" width=\"614\">\n<p class=\"MsoNormal\" style=\"margin: 0cm 0cm 3pt 1cm;line-height: 16pt\"><span style=\"font-size: 8pt;font-family: 'Verdana','sans-serif';color: black\">\u201cTra le sollecitudini\u201d: lectura teol\u00f3gica desde la perspectiva de la sacramentalidad de la m\u00fasica en la liturgia. Phase, Barcelona, 258: 501-16, nov.\/dec. 2003.<\/span><\/p>\n<\/td>\n<\/tr>\n<tr align=\"left\">\n<td style=\"padding: 0cm 5.4pt;width: 460.55pt\" valign=\"top\" width=\"614\">\n<p class=\"MsoNormal\" style=\"margin: 0cm 0cm 3pt;line-height: 16pt\">\n<\/td>\n<\/tr>\n<tr align=\"left\">\n<td style=\"padding: 0cm 5.4pt;background: white none repeat scroll 0% 0%;width: 460.55pt\" valign=\"top\" width=\"614\">\n<p class=\"MsoNormal\" style=\"margin: 0cm 0cm 3pt;line-height: 16pt\"><strong><span style=\"font-size: 8pt;font-family: 'Verdana','sans-serif';color: black\">RAINOLDI, F. &amp; COSTA JR., E. <\/span><\/strong><\/p>\n<\/td>\n<\/tr>\n<tr align=\"left\">\n<td style=\"padding: 0cm 5.4pt;width: 460.55pt\" valign=\"top\" width=\"614\">\n<p class=\"MsoNormal\" style=\"margin: 0cm 0cm 3pt 1cm;line-height: 16pt\"><span style=\"font-size: 8pt;font-family: 'Verdana','sans-serif';color: black\">Canto<\/span><span style=\"font-size: 8pt;font-family: 'Verdana','sans-serif';color: black\"> e m\u00fasica. In: SARTORE, D. &amp; TRIACCA, A. M. (org.). Dicion\u00e1rio de liturgia. S\u00e3o Paulo\/Lisboa, Paulinas\/Paulistas, 1992, p. 158-75.<\/span><\/p>\n<\/td>\n<\/tr>\n<tr align=\"left\">\n<td style=\"padding: 0cm 5.4pt;width: 460.55pt\" valign=\"top\" width=\"614\">\n<p class=\"MsoNormal\" style=\"margin: 0cm 0cm 3pt;line-height: 16pt\">\n<\/td>\n<\/tr>\n<tr>\n<td style=\"padding: 0cm 5.4pt;background: white none repeat scroll 0% 0%;width: 460.55pt\" valign=\"top\" width=\"614\">\n<div align=\"left\"><\/div>\n<div align=\"left\"><strong><span style=\"font-size: 8pt;font-family: 'Verdana','sans-serif';color: black\">STEFANI, Gino. O canto. In: GELINEAU, Joseph. <\/span><\/strong><\/div>\n<p class=\"MsoNormal\" style=\"margin: 0cm 0cm 3pt;line-height: 16pt\">\n<\/td>\n<\/tr>\n<tr align=\"left\">\n<td style=\"padding: 0cm 5.4pt;width: 460.55pt\" valign=\"top\" width=\"614\">\n<p class=\"MsoNormal\" style=\"margin: 0cm 0cm 3pt 1cm;line-height: 16pt\"><span style=\"font-size: 8pt;font-family: 'Verdana','sans-serif';color: black\">Em vossas assembl\u00e9ias -1; sentido e pr\u00e1tica da celebra\u00e7\u00e3o lit\u00fargica. S\u00e3o Paulo, Paulinas, 1973, v.1, p. 217-34.<\/span><\/p>\n<\/td>\n<\/tr>\n<tr align=\"left\">\n<td style=\"padding: 0cm 5.4pt;width: 460.55pt\" valign=\"top\" width=\"614\">\n<p class=\"MsoNormal\" style=\"margin: 0cm 0cm 3pt 1cm;line-height: 16pt\"><span style=\"font-size: 8pt;font-family: 'Verdana','sans-serif';color: black\">Ter\u00e1 ainda a liturgia necessidade de m\u00fasica? Concilium, Petr\u00f3polis, 42: 62-74, fev. 1969.<\/span><\/p>\n<\/td>\n<\/tr>\n<tr align=\"left\">\n<td style=\"padding: 0cm 5.4pt;width: 460.55pt\" valign=\"top\" width=\"614\">\n<p class=\"MsoNormal\" style=\"margin: 0cm 0cm 3pt 1cm;line-height: 16pt\"><span style=\"font-size: 8pt;font-family: 'Verdana','sans-serif';color: black\">Aclama\u00e7\u00e3o de todo um povo. Petr\u00f3polis, Vozes, 1969, (M\u00fasica Sacra, 4)<\/span><\/p>\n<\/td>\n<\/tr>\n<tr>\n<td style=\"padding: 0cm 5.4pt;width: 460.55pt\" valign=\"top\" width=\"614\">\n<p class=\"MsoNormal\" style=\"margin: 0cm 0cm 3pt;line-height: 16pt\">\n<\/td>\n<\/tr>\n<tr align=\"left\">\n<td style=\"padding: 0cm 5.4pt;background: white none repeat scroll 0% 0%;width: 460.55pt\" valign=\"top\" width=\"614\">\n<p class=\"MsoNormal\" style=\"margin: 0cm 0cm 3pt;line-height: 16pt\"><strong><span style=\"font-size: 8pt;font-family: 'Verdana','sans-serif';color: black\">TAUL\u00c9, Albert. <\/span><\/strong><\/p>\n<\/td>\n<\/tr>\n<tr>\n<td style=\"padding: 0cm 5.4pt;width: 460.55pt\" valign=\"top\" width=\"614\">\n<div align=\"left\"><\/div>\n<p class=\"MsoNormal\" style=\"margin: 0cm 0cm 3pt 1cm;line-height: 16pt\" align=\"left\"><span style=\"font-size: 8pt;font-family: 'Verdana','sans-serif';color: black\">San <\/span><span style=\"font-size: 8pt;font-family: 'Verdana','sans-serif';color: black\">Pio<\/span><span style=\"font-size: 8pt;font-family: 'Verdana','sans-serif';color: black\"> X y la m\u00fasica sagrada. Iniciativas pastorales e celebrativas, Phase, Barcelona, 258: 517-29, nov.\/dec. 2003.<\/span><\/p>\n<\/td>\n<\/tr>\n<tr>\n<td style=\"padding: 0cm 5.4pt;width: 460.55pt\" valign=\"top\" width=\"614\">\n<p class=\"MsoNormal\" style=\"margin: 0cm 0cm 3pt;line-height: 16pt\">\n<\/td>\n<\/tr>\n<tr align=\"left\">\n<td style=\"padding: 0cm 5.4pt;background: white none repeat scroll 0% 0%;width: 460.55pt\" valign=\"top\" width=\"614\">\n<p class=\"MsoNormal\" style=\"margin: 0cm 0cm 3pt;line-height: 16pt\"><strong><span style=\"font-size: 8pt;font-family: 'Verdana','sans-serif';color: black\">TENA, Pere. <\/span><\/strong><\/p>\n<\/td>\n<\/tr>\n<tr align=\"left\">\n<td style=\"padding: 0cm 5.4pt;width: 460.55pt\" valign=\"top\" width=\"614\">\n<p class=\"MsoNormal\" style=\"margin: 0cm 0cm 3pt 1cm;line-height: 16pt\"><span style=\"font-size: 8pt;font-family: 'Verdana','sans-serif';color: black\">El <\/span><span style=\"font-size: 8pt;font-family: 'Verdana','sans-serif';color: black\">canto<\/span><span style=\"font-size: 8pt;font-family: 'Verdana','sans-serif';color: black\"> y la musica lit\u00fargica. Phase, 182: 95-100, mar.\/ abr. <\/span><\/p>\n<\/td>\n<\/tr>\n<tr>\n<td style=\"padding: 0cm 5.4pt;width: 460.55pt\" valign=\"top\" width=\"614\">\n<p class=\"MsoNormal\" style=\"margin: 0cm 0cm 3pt;line-height: 16pt\">\n<\/td>\n<\/tr>\n<tr align=\"left\">\n<td style=\"padding: 0cm 5.4pt;background: white none repeat scroll 0% 0%;width: 460.55pt\" valign=\"top\" width=\"614\">\n<p class=\"MsoNormal\" style=\"margin: 0cm 0cm 3pt;line-height: 16pt\"><strong><span style=\"font-size: 8pt;font-family: 'Verdana','sans-serif';color: black\">UNIVERSA LAUS. <\/span><\/strong><\/p>\n<\/td>\n<\/tr>\n<tr align=\"left\">\n<td style=\"padding: 0cm 5.4pt;width: 460.55pt\" valign=\"top\" width=\"614\">\n<p class=\"MsoNormal\" style=\"margin: 0cm 0cm 3pt 1cm;line-height: 16pt\"><span style=\"font-size: 8pt;font-family: 'Verdana','sans-serif';color: black\">A m\u00fasica nas liturgias crist\u00e3s. SEDOC, Petr\u00f3polis, 305: 78, jul.\/ago. 2004.<\/span><\/p>\n<\/td>\n<\/tr>\n<tr>\n<td style=\"padding: 0cm 5.4pt;width: 460.55pt\" valign=\"top\" width=\"614\">\n<p class=\"MsoNormal\" style=\"margin: 0cm 0cm 3pt;line-height: 16pt\">\n<\/td>\n<\/tr>\n<tr align=\"left\">\n<td style=\"padding: 0cm 5.4pt;background: white none repeat scroll 0% 0%;width: 460.55pt\" valign=\"top\" width=\"614\">\n<p class=\"MsoNormal\" style=\"margin: 0cm 0cm 3pt;line-height: 16pt\"><strong><span style=\"font-size: 8pt;font-family: 'Verdana','sans-serif';color: black\">VV.AA. <\/span><\/strong><\/p>\n<\/td>\n<\/tr>\n<tr>\n<td style=\"padding: 0cm 5.4pt;width: 460.55pt\" valign=\"top\" width=\"614\">\n<p class=\"MsoNormal\" style=\"margin: 0cm 0cm 3pt 1cm;line-height: 16pt\"><span style=\"font-size: 8pt;font-family: 'Verdana','sans-serif';color: black\">Of\u00edcio Divino das Comunidades. 10. ed., S\u00e3o Paulo, Paulus, 1994.<\/span><\/p>\n<\/td>\n<\/tr>\n<tr>\n<td style=\"padding: 0cm 5.4pt;width: 460.55pt\" valign=\"top\" width=\"614\">\n<p class=\"MsoNormal\" style=\"margin: 0cm 0cm 3pt;line-height: 16pt\">\n<\/td>\n<\/tr>\n<tr align=\"left\">\n<td style=\"padding: 0cm 5.4pt;background: white none repeat scroll 0% 0%;width: 460.55pt\" valign=\"top\" width=\"614\">\n<p class=\"MsoNormal\" style=\"margin: 0cm 0cm 3pt;line-height: 16pt\"><strong><span style=\"font-size: 8pt;font-family: 'Verdana','sans-serif';color: black\">VELOSO, Reginaldo. <\/span><\/strong><\/p>\n<\/td>\n<\/tr>\n<tr align=\"left\">\n<td style=\"padding: 0cm 5.4pt;width: 460.55pt\" valign=\"top\" width=\"614\">\n<p class=\"MsoNormal\" style=\"margin: 0cm 0cm 3pt 1cm;line-height: 16pt\"><span style=\"font-size: 8pt;font-family: 'Verdana','sans-serif';color: black\">M\u00fasica ritual. Revista de Liturgia, S\u00e3o Paulo, 99: 92, maio\/jun. 1990.<\/span><\/p>\n<\/td>\n<\/tr>\n<tr align=\"left\">\n<td style=\"padding: 0cm 5.4pt;width: 460.55pt\" valign=\"top\" width=\"614\">\n<p class=\"MsoNormal\" style=\"margin: 0cm 0cm 3pt 1cm;line-height: 16pt\"><span style=\"font-size: 8pt;font-family: 'Verdana','sans-serif';color: black\">O canto do \u201cExulte\u201d. Revista de Liturgia, S\u00e3o Paulo, 92: 62, mar.\/abr. 1989.<\/span><\/p>\n<\/td>\n<\/tr>\n<tr align=\"left\">\n<td style=\"padding: 0cm 5.4pt;width: 460.55pt\" valign=\"top\" width=\"614\">\n<p class=\"MsoNormal\" style=\"margin: 0cm 0cm 3pt 1cm;line-height: 16pt\"><span style=\"font-size: 8pt;font-family: 'Verdana','sans-serif';color: black\">\u00c0s margens do Rio da Babil\u00f4nia; 1\u00aa parte. Revista de Liturgia, S\u00e3o Paulo, 137: 28-34, set.\/out. 1996.<\/span><\/p>\n<\/td>\n<\/tr>\n<tr align=\"left\">\n<td style=\"padding: 0cm 5.4pt;width: 460.55pt\" valign=\"top\" width=\"614\">\n<p class=\"MsoNormal\" style=\"margin: 0cm 0cm 3pt 1cm;line-height: 16pt\"><span style=\"font-size: 8pt;font-family: 'Verdana','sans-serif';color: black\">\u00c0s margens do Rio da Babil\u00f4nia; 2\u00aa parte. Revista de Liturgia, S\u00e3o Paulo, 137: 29-35, nov.\/dez. 1996.<\/span><\/p>\n<\/td>\n<\/tr>\n<tr>\n<td style=\"padding: 0cm 5.4pt;width: 460.55pt\" valign=\"top\" width=\"614\">\n<p class=\"MsoNormal\" style=\"margin: 0cm 0cm 3pt;line-height: 16pt\">\n<\/td>\n<\/tr>\n<tr align=\"left\">\n<td style=\"padding: 0cm 5.4pt;background: white none repeat scroll 0% 0%;width: 460.55pt\" valign=\"top\" width=\"614\">\n<p class=\"MsoNormal\" style=\"margin: 0cm 0cm 3pt;line-height: 16pt\"><strong><span style=\"font-size: 8pt;font-family: 'Verdana','sans-serif';color: black\">WEBER, Jos\u00e9. <\/span><\/strong><\/p>\n<\/td>\n<\/tr>\n<tr align=\"left\">\n<td style=\"padding: 0cm 5.4pt;width: 460.55pt\" valign=\"top\" width=\"614\">\n<p class=\"MsoNormal\" style=\"margin: 0cm 0cm 3pt 1cm;line-height: 16pt\"><span style=\"font-size: 8pt;font-family: 'Verdana','sans-serif';color: black\">Fun\u00e7\u00e3o ministerial da m\u00fasica lit\u00fargica (Ap\u00eandice I). In.: Estudo sobre os cantos da missa. 2. ed., S\u00e3o Paulo, Paulinas, 1978 (Estudos da CNBB, 12), p. 117-28.<\/span><\/p>\n<\/td>\n<\/tr>\n<tr align=\"left\">\n<td style=\"padding: 0cm 5.4pt;width: 460.55pt\" valign=\"top\" width=\"614\">\n<p class=\"MsoNormal\" style=\"margin: 0cm 0cm 3pt 1cm;line-height: 16pt\"><span style=\"font-size: 8pt;font-family: 'Verdana','sans-serif';color: black\">Os instrumentos no culto crist\u00e3o. In.: Ibid., p. 177-207.<\/span><\/p>\n<\/td>\n<\/tr>\n<\/tbody>\n<\/table>\n<p class=\"MsoNormal\" style=\"margin: 0cm 0cm 0.0001pt;text-align: left;line-height: 16pt\" align=\"left\">\n<table class=\"MsoTableGrid\" style=\"border-collapse: collapse\" border=\"0\" cellspacing=\"0\" cellpadding=\"0\">\n<tbody>\n<tr align=\"left\">\n<td style=\"padding: 0cm 5.4pt;width: 460.55pt\" valign=\"top\" width=\"614\">\n<p class=\"MsoNormal\" style=\"margin: 0cm 0cm 3pt 1cm;line-height: 16pt\"><span style=\"font-size: 8pt;font-family: 'Verdana','sans-serif';color: black\">Sacrosanctun Concilium 1963 Cap.VII <\/span><\/p>\n<\/td>\n<\/tr>\n<tr align=\"left\">\n<td style=\"padding: 0cm 5.4pt;width: 460.55pt\" valign=\"top\" width=\"614\">\n<p class=\"MsoNormal\" style=\"margin: 0cm 0cm 3pt 1cm;line-height: 16pt\"><span style=\"font-size: 8pt;font-family: 'Verdana','sans-serif';color: black\">Inter Oecumenici 1964 <\/span><\/p>\n<\/td>\n<\/tr>\n<tr align=\"left\">\n<td style=\"padding: 0cm 5.4pt;width: 460.55pt\" valign=\"top\" width=\"614\">\n<p class=\"MsoNormal\" style=\"margin: 0cm 0cm 3pt 1cm;line-height: 16pt\"><span style=\"font-size: 8pt;font-family: 'Verdana','sans-serif';color: black\">Instru\u00e7\u00e3o geral do Missal Romano 1979-2002 cap.V <\/span><\/p>\n<\/td>\n<\/tr>\n<tr align=\"left\">\n<td style=\"padding: 0cm 5.4pt;width: 460.55pt\" valign=\"top\" width=\"614\">\n<p class=\"MsoNormal\" style=\"margin: 0cm 0cm 3pt 1cm;line-height: 16pt\"><span style=\"font-size: 8pt;font-family: 'Verdana','sans-serif';color: black\">De cura patrimoni historici-artistici ecclesie 1971 <\/span><\/p>\n<\/td>\n<\/tr>\n<tr align=\"left\">\n<td style=\"padding: 0cm 5.4pt;width: 460.55pt\" valign=\"top\" width=\"614\">\n<p class=\"MsoNormal\" style=\"margin: 0cm 0cm 3pt 1cm;line-height: 16pt\"><span style=\"font-size: 8pt;font-family: 'Verdana','sans-serif';color: black\">C\u00f3digo de Direito Can\u00f4nico <\/span><\/p>\n<\/td>\n<\/tr>\n<tr align=\"left\">\n<td style=\"padding: 0cm 5.4pt;width: 460.55pt\" valign=\"top\" width=\"614\">\n<p class=\"MsoNormal\" style=\"margin: 0cm 0cm 3pt 1cm;line-height: 16pt\"><span style=\"font-size: 8pt;font-family: 'Verdana','sans-serif';color: black\">Pontif\u00edcia Comiss\u00e3o para o patrim\u00f4nio Hist\u00f3rico e Art\u00edstico 1988 <\/span><\/p>\n<\/td>\n<\/tr>\n<tr align=\"left\">\n<td style=\"padding: 0cm 5.4pt;width: 460.55pt\" valign=\"top\" width=\"614\">\n<p class=\"MsoNormal\" style=\"margin: 0cm 0cm 3pt 1cm;line-height: 16pt\"><span style=\"font-size: 8pt;font-family: 'Verdana','sans-serif';color: black\">A forma\u00e7\u00e3o dos futuros presb\u00edteros e os bens culturais 1992 <\/span><\/p>\n<\/td>\n<\/tr>\n<tr align=\"left\">\n<td style=\"padding: 0cm 5.4pt;width: 460.55pt\" valign=\"top\" width=\"614\">\n<p class=\"MsoNormal\" style=\"margin: 0cm 0cm 3pt 1cm;line-height: 16pt\"><span style=\"font-size: 8pt;font-family: 'Verdana','sans-serif';color: black\">Pontif\u00edcia Comiss\u00e3o para os Bens Culturais da Igreja 1993 <\/span><\/p>\n<\/td>\n<\/tr>\n<tr align=\"left\">\n<td style=\"padding: 0cm 5.4pt;width: 460.55pt\" valign=\"top\" width=\"614\">\n<p class=\"MsoNormal\" style=\"margin: 0cm 0cm 3pt 1cm;line-height: 16pt\"><span style=\"font-size: 8pt;font-family: 'Verdana','sans-serif';color: black\">As Bibliotecas Eclesi\u00e1sticas na miss\u00e3o da Igreja 1994 <\/span><\/p>\n<\/td>\n<\/tr>\n<tr align=\"left\">\n<td style=\"padding: 0cm 5.4pt;width: 460.55pt\" valign=\"top\" width=\"614\">\n<p class=\"MsoNormal\" style=\"margin: 0cm 0cm 3pt 1cm;line-height: 16pt\"><span style=\"font-size: 8pt;font-family: 'Verdana','sans-serif';color: black\">Para uma pastoral da Cultura 1999 <\/span><\/p>\n<\/td>\n<\/tr>\n<tr align=\"left\">\n<td style=\"padding: 0cm 5.4pt;width: 460.55pt\" valign=\"top\" width=\"614\">\n<p class=\"MsoNormal\" style=\"margin: 0cm 0cm 3pt 1cm;line-height: 16pt\"><span style=\"font-size: 8pt;font-family: 'Verdana','sans-serif';color: black\">Necessidade e urg\u00eancia da inventaria\u00e7\u00e3o e cataloga\u00e7\u00e3o do Patrim\u00f4nio Cultural da Igreja 1999<\/span><\/p>\n<\/td>\n<\/tr>\n<tr align=\"left\">\n<td style=\"padding: 0cm 5.4pt;width: 460.55pt\" valign=\"top\" width=\"614\">\n<p class=\"MsoNormal\" style=\"margin: 0cm 0cm 3pt 1cm;line-height: 16pt\"><span style=\"font-size: 8pt;font-family: 'Verdana','sans-serif';color: black\">A fun\u00e7\u00e3o pastoral dos museus eclesi\u00e1sticos 2001<\/span><\/p>\n<\/td>\n<\/tr>\n<\/tbody>\n<\/table>\n","protected":false},"excerpt":{"rendered":"<p>a) Da S\u00e9 Apost\u00f3lica (Roma) PIO X, Motu Proprio \u201cTra le sollicitudine\u201d sobre a m\u00fasica sacra (1903). PIO XI, Constitui\u00e7\u00e3o Apost\u00f3lica \u201cDivini Cultus\u201d sobre liturgia, canto gregoriano e m\u00fasica sacra (1928). PIO XII, Enc\u00edclica \u201cMusicae Sacrae Disciplina\u201d sobre a m\u00fasica sacra (1955).<\/p>\n","protected":false},"author":83,"featured_media":0,"comment_status":"open","ping_status":"open","sticky":false,"template":"","format":"standard","meta":{"site-sidebar-layout":"default","site-content-layout":"default","ast-global-header-display":"","ast-banner-title-visibility":"","ast-main-header-display":"","ast-hfb-above-header-display":"","ast-hfb-below-header-display":"","ast-hfb-mobile-header-display":"","site-post-title":"","ast-breadcrumbs-content":"","ast-featured-img":"","footer-sml-layout":"","theme-transparent-header-meta":"","adv-header-id-meta":"","stick-header-meta":"","header-above-stick-meta":"","header-main-stick-meta":"","header-below-stick-meta":""},"categories":[748,910],"tags":[],"acf":[],"_links":{"self":[{"href":"https:\/\/www.cnbb.org.br\/cnbb-app\/wp\/v2\/posts\/15856"}],"collection":[{"href":"https:\/\/www.cnbb.org.br\/cnbb-app\/wp\/v2\/posts"}],"about":[{"href":"https:\/\/www.cnbb.org.br\/cnbb-app\/wp\/v2\/types\/post"}],"author":[{"embeddable":true,"href":"https:\/\/www.cnbb.org.br\/cnbb-app\/wp\/v2\/users\/83"}],"replies":[{"embeddable":true,"href":"https:\/\/www.cnbb.org.br\/cnbb-app\/wp\/v2\/comments?post=15856"}],"version-history":[{"count":0,"href":"https:\/\/www.cnbb.org.br\/cnbb-app\/wp\/v2\/posts\/15856\/revisions"}],"wp:attachment":[{"href":"https:\/\/www.cnbb.org.br\/cnbb-app\/wp\/v2\/media?parent=15856"}],"wp:term":[{"taxonomy":"category","embeddable":true,"href":"https:\/\/www.cnbb.org.br\/cnbb-app\/wp\/v2\/categories?post=15856"},{"taxonomy":"post_tag","embeddable":true,"href":"https:\/\/www.cnbb.org.br\/cnbb-app\/wp\/v2\/tags?post=15856"}],"curies":[{"name":"wp","href":"https:\/\/api.w.org\/{rel}","templated":true}]}}