{"id":15893,"date":"2011-09-01T00:00:00","date_gmt":"2011-09-01T03:00:00","guid":{"rendered":"https:\/\/www.cnbb.org.br\/manifestacao-em-brasilia-pede-a-aprovacao-do-estatuto-do-nascituro-1\/"},"modified":"2011-09-01T00:00:00","modified_gmt":"2011-09-01T03:00:00","slug":"manifestacao-em-brasilia-pede-a-aprovacao-do-estatuto-do-nascituro-1","status":"publish","type":"post","link":"https:\/\/www.cnbb.org.br\/manifestacao-em-brasilia-pede-a-aprovacao-do-estatuto-do-nascituro-1\/","title":{"rendered":"Manifesta\u00e7\u00e3o em Bras\u00edlia pede a aprova\u00e7\u00e3o do Estatuto do Nascituro"},"content":{"rendered":"<p style=\"text-align: justify\">Debaixo de um sol de 33 graus e com a umidade relativa do ar em 20%, mais de mil pessoas se reuniram em frente \u00e0 Biblioteca Nacional, na Esplanada dos Minist\u00e9rios, em Bras\u00edlia (DF), para participar da 4\u00aa Marcha Nacional da Cidadania pela Vida, que neste ano teve como tema \u201cQuero viver! Voc\u00ea me ajuda?\u201d. A marcha \u00e9 uma iniciativa do Movimento Nacional da Cidadania pela Vida \u2013 Brasil sem Aborto.<\/p>\n<p>  <!--more-->  <\/p>\n<p style=\"text-align: justify\">A todo o momento os manifestantes, que ocuparam ordenadamente duas faixas da Esplanada dos Minist\u00e9rios, gritavam palavras de ordem pedindo o fim do aborto no pa\u00eds e a aprova\u00e7\u00e3o do Projeto de Lei 478\/2007, conhecido como Estatuto do Nascituro, dos ex-deputados federais Luiz Bassuma e Miguel Martini, que tramita no Congresso Nacional.<\/p>\n<p style=\"text-align: justify\"><img decoding=\"async\" loading=\"lazy\" class=\" alignleft size-full wp-image-11513\" style=\"float: left\" title=\"Lenise Garcia (foto Rodrigo Eneas)\" alt=\"organizadoramarchacontraaborto\" src=\"https:\/\/www.cnbb.org.br\/wp-content\/uploads\/2020\/03\/organizadoramarchacontraaborto.jpg\" height=\"289\" width=\"300\" \/>Segundo a presidente do Movimento Nacional da Cidadania pela Vida \u2013 Brasil sem Aborto, doutora Lenise Garcia, o objetivo da manifesta\u00e7\u00e3o foi pleitear junto ao Congresso Nacional a aprova\u00e7\u00e3o do Estatuto do Nascituro. \u201cViemos hoje a Bras\u00edlia pedir a aprova\u00e7\u00e3o imediata da PL 478\/2007. Este estatuto garante uma s\u00e9rie de direitos \u00e0 crian\u00e7a, desde a concep\u00e7\u00e3o ao t\u00e9rmino natural da vida, estipula garantias para a m\u00e3e gr\u00e1vida, e outras medidas de prote\u00e7\u00e3o da sociedade\u201d.<\/p>\n<p style=\"text-align: justify\">Mar\u00edlia de Castro, coordenadora do Movimento em S\u00e3o Paulo (SP), falou da import\u00e2ncia que o movimento tem alcan\u00e7ado e destacou a experi\u00eancia bem sucedida das manifesta\u00e7\u00f5es no estado. \u201cO primeiro ato p\u00fablico em defesa da vida da crian\u00e7a aconteceu na S\u00e9, em S\u00e3o Paulo, \u00e0 \u00e9poca reunimos mais de 15 mil pessoas. Uma verdadeira demonstra\u00e7\u00e3o de amor a vida e de indigna\u00e7\u00e3o com quem pratica o aborto. Desde ent\u00e3o, as manifesta\u00e7\u00e3o recebem cada vez mais pessoas. O que devemos destacar \u00e9 que \u00e9 um movimento suprareligioso e suprapartid\u00e1rio, ou seja, \u00e9 um movimento da sociedade brasileira\u201d.<\/p>\n<p style=\"text-align: justify\"><img decoding=\"async\" loading=\"lazy\" class=\" alignright size-full wp-image-11514\" style=\"float: right\" title=\"Pe. Rafael Fornasier (foto: Rodrigo Eneas)\" alt=\"padrerafaelfornasiermarcha\" src=\"https:\/\/www.cnbb.org.br\/wp-content\/uploads\/2020\/03\/padrerafaelfornasiermarcha.jpg\" height=\"199\" width=\"300\" \/>O assessor da Comiss\u00e3o Episcopal Pastoral para a Vida e a Fam\u00edlia, da CNBB, padre Rafael Fornasier, explicou que a import\u00e2ncia desse ato por ser ecum\u00eanico, reunindo cat\u00f3licos, esp\u00edritas, evang\u00e9licos e at\u00e9 ateus. \u201c\u00c9 significante socialmente essa manifesta\u00e7\u00e3o, pois re\u00fane diversas denomina\u00e7\u00f5es, que defendem a vida, desde o seio materno, at\u00e9 o seu termino natural; \u00e9 uma mensagem para a sociedade brasileira. N\u00e3o \u00e9 uma quest\u00e3o apenas de religi\u00e3o, mas uma quest\u00e3o moral, \u00e9tica e que envolvem todos os cidad\u00e3os, todas as classes, principalmente os pol\u00edticos. A nossa luta, enquanto Igreja \u00e9 propor a vida, a beleza da vida e levar essa mensagem para todo o mundo\u201d, destacou.<\/p>\n<p style=\"text-align: justify\">\u201cO Brasil j\u00e1 tem leis aprovadas como o Estatuto da Crian\u00e7a e do Adolescente, o Estatuto do Idoso e j\u00e1 existe proposta para aprovar o Estatuto da Juventude. Chegou a hora de o pa\u00eds ter o seu Estatuto do Nascituro, que j\u00e1 foi aprovado na Comiss\u00e3o de Seguridade Social e Fam\u00edlia, mas precisa ser aprovado tamb\u00e9m por mais duas Comiss\u00f5es na C\u00e2mara dos Deputados\u201d, disse o ex-deputado, Luiz Bassuma.<\/p>\n<p style=\"text-align: justify\"><img decoding=\"async\" loading=\"lazy\" class=\" alignright size-full wp-image-11515\" style=\"float: right\" title=\"Manifestantes em Bras\u00edlia pedem o fim do aborto no pa\u00eds (foto: Rodrigo Eneas)\" alt=\"pessoascontraoaborto\" src=\"https:\/\/www.cnbb.org.br\/wp-content\/uploads\/2020\/03\/pessoascontraoaborto.jpg\" height=\"199\" width=\"300\" \/>A integrante de projetos sociais e de evangeliza\u00e7\u00e3o Jamila Macedo disse que os manifestantes querem mostrar \u00e0 popula\u00e7\u00e3o que o aborto \u00e9 um crime. \u201cSe ainda existem diverg\u00eancias quanto ao in\u00edcio da vida, n\u00e3o podemos correr o risco de deixar que centenas de crian\u00e7as morram at\u00e9 ser decidido\u201d, disse.<\/p>\n<p style=\"text-align: justify\">Os organizadores da marcha pretendem entregar ao presidente da C\u00e2mara dos Deputados, Marco Maia (PT-RS), mais de 50 mil assinaturas pedindo a aprova\u00e7\u00e3o do Estatuto.<\/p>\n","protected":false},"excerpt":{"rendered":"<p>Debaixo de um sol de 33 graus e com a umidade relativa do ar em 20%, mais de mil pessoas se reuniram em frente \u00e0 Biblioteca Nacional, na Esplanada dos Minist\u00e9rios, em Bras\u00edlia (DF), para participar da 4\u00aa Marcha Nacional da Cidadania pela Vida, que neste ano teve como tema \u201cQuero viver! Voc\u00ea me ajuda?\u201d. &hellip;<\/p>\n<p class=\"read-more\"> <a class=\"\" href=\"https:\/\/www.cnbb.org.br\/manifestacao-em-brasilia-pede-a-aprovacao-do-estatuto-do-nascituro-1\/\"> <span class=\"screen-reader-text\">Manifesta\u00e7\u00e3o em Bras\u00edlia pede a aprova\u00e7\u00e3o do Estatuto do Nascituro<\/span> Leia mais &raquo;<\/a><\/p>\n","protected":false},"author":83,"featured_media":15894,"comment_status":"open","ping_status":"open","sticky":false,"template":"","format":"standard","meta":{"site-sidebar-layout":"default","site-content-layout":"default","ast-global-header-display":"","ast-banner-title-visibility":"","ast-main-header-display":"","ast-hfb-above-header-display":"","ast-hfb-below-header-display":"","ast-hfb-mobile-header-display":"","site-post-title":"","ast-breadcrumbs-content":"","ast-featured-img":"","footer-sml-layout":"","theme-transparent-header-meta":"","adv-header-id-meta":"","stick-header-meta":"","header-above-stick-meta":"","header-main-stick-meta":"","header-below-stick-meta":""},"categories":[748,777],"tags":[],"acf":[],"_links":{"self":[{"href":"https:\/\/www.cnbb.org.br\/cnbb-app\/wp\/v2\/posts\/15893"}],"collection":[{"href":"https:\/\/www.cnbb.org.br\/cnbb-app\/wp\/v2\/posts"}],"about":[{"href":"https:\/\/www.cnbb.org.br\/cnbb-app\/wp\/v2\/types\/post"}],"author":[{"embeddable":true,"href":"https:\/\/www.cnbb.org.br\/cnbb-app\/wp\/v2\/users\/83"}],"replies":[{"embeddable":true,"href":"https:\/\/www.cnbb.org.br\/cnbb-app\/wp\/v2\/comments?post=15893"}],"version-history":[{"count":0,"href":"https:\/\/www.cnbb.org.br\/cnbb-app\/wp\/v2\/posts\/15893\/revisions"}],"wp:featuredmedia":[{"embeddable":true,"href":"https:\/\/www.cnbb.org.br\/cnbb-app\/wp\/v2\/media\/15894"}],"wp:attachment":[{"href":"https:\/\/www.cnbb.org.br\/cnbb-app\/wp\/v2\/media?parent=15893"}],"wp:term":[{"taxonomy":"category","embeddable":true,"href":"https:\/\/www.cnbb.org.br\/cnbb-app\/wp\/v2\/categories?post=15893"},{"taxonomy":"post_tag","embeddable":true,"href":"https:\/\/www.cnbb.org.br\/cnbb-app\/wp\/v2\/tags?post=15893"}],"curies":[{"name":"wp","href":"https:\/\/api.w.org\/{rel}","templated":true}]}}