{"id":15897,"date":"2011-10-04T00:00:00","date_gmt":"2011-10-04T03:00:00","guid":{"rendered":"https:\/\/www.cnbb.org.br\/semana-da-vida-e-dia-do-nascituro-1\/"},"modified":"2011-10-04T00:00:00","modified_gmt":"2011-10-04T03:00:00","slug":"semana-da-vida-e-dia-do-nascituro-1","status":"publish","type":"post","link":"https:\/\/www.cnbb.org.br\/semana-da-vida-e-dia-do-nascituro-1\/","title":{"rendered":"Semana da Vida e dia do Nascituro"},"content":{"rendered":"<p style=\"text-align: justify\">A Semana Nacional da Vida, celebrada de 1 a 7 de outubro oferece um tema em sintonia com a Campanha da Fraternidade deste ano: \u201cvida, ecologia humana e meio ambiente\u201d. A Comiss\u00e3o Episcopal para a Vida e a Fam\u00edlia e a equipe da Pastoral Familiar da CNBB prepararam um subs\u00eddio distribu\u00eddo nas comunidades em todo o Brasil fornecendo um memorial das semanas anteriores, al\u00e9m de sugerir encontros de reflex\u00e3o sobre o tema e uma celebra\u00e7\u00e3o que pode ser usada na prepara\u00e7\u00e3o para o dia do nascituro, o domingo 8 de outubro.<\/p>\n<p>  <!--more-->  <\/p>\n<p style=\"text-align: justify\">Entre as afirma\u00e7\u00f5es que servem de orienta\u00e7\u00e3o para a Semana, est\u00e1 uma express\u00e3o retirada da Exorta\u00e7\u00e3o Apost\u00f3lica Familiaris Consortio, do Beato Jo\u00e3o Paulo II, na qual se verifica que Fam\u00edlia e Vida s\u00e3o os dois grandes pilares da Igreja \u201cA Igreja \u00e9 chamada a manifestar novamente a todos, com uma firme e mais clara convic\u00e7\u00e3o, a vontade de promover, com todos os meios, e de defender contra todas as ins\u00eddias a vida humana, em qualquer condi\u00e7\u00e3o e estado de desenvolvimento em que se encontre\u201d.<\/p>\n<p style=\"text-align: justify\">Padre Rafael Fornasier, assessor nacional da Comiss\u00e3o, considera que o tema da Semana, de algum modo, prepara os crist\u00e3os para o iminente debate que dever\u00e1 surgir no pa\u00eds com a retomada da discuss\u00e3o e vota\u00e7\u00e3o que ser\u00e3o realizadas no Supremo Tribunal Federal sobre o aborto de crian\u00e7as anenc\u00e9falas. \u201cH\u00e1 uma expectativa a respeito da an\u00e1lise do STF que vai fazer e que pode ser uma abertura para a legaliza\u00e7\u00e3o do aborto no Brasil\u201d, adverte Padre Rafael. Segundo ele, poder\u00e1 voltar o costumeiro embate entre a o conflito de direitos. \u201cN\u00e3o se nega o direito da mulher, mas que n\u00e3o seja em detrimento do direito da vida nascente\u201d, lembra.\u00a0 O assessor da CNBB frisa que por mais que seja uma vida curta \u2013 como ocorre com as crian\u00e7as anenec\u00e9falas \u2013 \u00e9 sempre uma vida humana e a Igreja sempre defendeu sua inviolabilidade desde a concep\u00e7\u00e3o at\u00e9 o seu termo natural.<\/p>\n<p style=\"text-align: justify\">A Semana Nacional da Vida tamb\u00e9m responde aos apelos das Diretrizes Gerais da A\u00e7\u00e3o Evangelizadoras da Igreja no Brasil aprovadas pela Assembl\u00e9ia anual da CNBB em maio deste ano quando destaca em sua quinta urg\u00eancia, a promo\u00e7\u00e3o da vida. \u201cN\u00e3o falamos mais apenas em defesa, mas em promo\u00e7\u00e3o da vida\u201d, esclarece Padre Rafael.<\/p>\n","protected":false},"excerpt":{"rendered":"<p>A Semana Nacional da Vida, celebrada de 1 a 7 de outubro oferece um tema em sintonia com a Campanha da Fraternidade deste ano: \u201cvida, ecologia humana e meio ambiente\u201d. A Comiss\u00e3o Episcopal para a Vida e a Fam\u00edlia e a equipe da Pastoral Familiar da CNBB prepararam um subs\u00eddio distribu\u00eddo nas comunidades em todo &hellip;<\/p>\n<p class=\"read-more\"> <a class=\"\" href=\"https:\/\/www.cnbb.org.br\/semana-da-vida-e-dia-do-nascituro-1\/\"> <span class=\"screen-reader-text\">Semana da Vida e dia do Nascituro<\/span> Leia mais &raquo;<\/a><\/p>\n","protected":false},"author":83,"featured_media":15898,"comment_status":"open","ping_status":"open","sticky":false,"template":"","format":"standard","meta":{"site-sidebar-layout":"default","site-content-layout":"default","ast-global-header-display":"","ast-banner-title-visibility":"","ast-main-header-display":"","ast-hfb-above-header-display":"","ast-hfb-below-header-display":"","ast-hfb-mobile-header-display":"","site-post-title":"","ast-breadcrumbs-content":"","ast-featured-img":"","footer-sml-layout":"","theme-transparent-header-meta":"","adv-header-id-meta":"","stick-header-meta":"","header-above-stick-meta":"","header-main-stick-meta":"","header-below-stick-meta":""},"categories":[748,777],"tags":[],"acf":[],"_links":{"self":[{"href":"https:\/\/www.cnbb.org.br\/cnbb-app\/wp\/v2\/posts\/15897"}],"collection":[{"href":"https:\/\/www.cnbb.org.br\/cnbb-app\/wp\/v2\/posts"}],"about":[{"href":"https:\/\/www.cnbb.org.br\/cnbb-app\/wp\/v2\/types\/post"}],"author":[{"embeddable":true,"href":"https:\/\/www.cnbb.org.br\/cnbb-app\/wp\/v2\/users\/83"}],"replies":[{"embeddable":true,"href":"https:\/\/www.cnbb.org.br\/cnbb-app\/wp\/v2\/comments?post=15897"}],"version-history":[{"count":0,"href":"https:\/\/www.cnbb.org.br\/cnbb-app\/wp\/v2\/posts\/15897\/revisions"}],"wp:featuredmedia":[{"embeddable":true,"href":"https:\/\/www.cnbb.org.br\/cnbb-app\/wp\/v2\/media\/15898"}],"wp:attachment":[{"href":"https:\/\/www.cnbb.org.br\/cnbb-app\/wp\/v2\/media?parent=15897"}],"wp:term":[{"taxonomy":"category","embeddable":true,"href":"https:\/\/www.cnbb.org.br\/cnbb-app\/wp\/v2\/categories?post=15897"},{"taxonomy":"post_tag","embeddable":true,"href":"https:\/\/www.cnbb.org.br\/cnbb-app\/wp\/v2\/tags?post=15897"}],"curies":[{"name":"wp","href":"https:\/\/api.w.org\/{rel}","templated":true}]}}