{"id":15919,"date":"2012-10-05T00:00:00","date_gmt":"2012-10-05T03:00:00","guid":{"rendered":"https:\/\/www.cnbb.org.br\/semana-nacional-da-vida-cuidar-da-vida-e-cuidar-do-desenvolvimento-da-crianca-no-ventre-da-mae\/"},"modified":"2012-10-05T00:00:00","modified_gmt":"2012-10-05T03:00:00","slug":"semana-nacional-da-vida-cuidar-da-vida-e-cuidar-do-desenvolvimento-da-crianca-no-ventre-da-mae","status":"publish","type":"post","link":"https:\/\/www.cnbb.org.br\/semana-nacional-da-vida-cuidar-da-vida-e-cuidar-do-desenvolvimento-da-crianca-no-ventre-da-mae\/","title":{"rendered":"Semana Nacional da Vida: \u201cCuidar da vida \u00e9 cuidar do desenvolvimento da crian\u00e7a, no ventre da m\u00e3e\u201d."},"content":{"rendered":"<p style=\"text-align: justify\">Em entrevista, o gestor de Rela\u00e7\u00f5es Institucionais da Pastoral da Crian\u00e7a (PR) e integrante do Conselho Nacional de Sa\u00fade, Cl\u00f3vis Boufler, trata da Semana Nacional da Vida. Como representante da Igreja Cat\u00f3lica, e dos crist\u00e3os de modo geral, Cl\u00f3vis afirma que os Conselhos de Sa\u00fade possuem uma base de trabalho que tem por alicerce: o valor da vida, a defesa dos mais pobres, e a atua\u00e7\u00e3o por princ\u00edpios \u00e9ticos.<\/p>\n<p>  <!--more-->  <\/p>\n<p style=\"text-align: justify\">\u201cO esfor\u00e7o feito no ambiente dos Conselhos de Sa\u00fade, \u00e9 para garantir que o foco das a\u00e7\u00f5es seja realmente a vida\u201d, afirmou o gestor. Cl\u00f3vis lembra que durante a \u00faltima Confer\u00eancia Nacional de Sa\u00fade, foi reafirmado o valor da vida, e, na ocasi\u00e3o, os conselheiros criaram uma proposta em defesa da vida:<\/p>\n<p style=\"text-align: justify\">\u201cA vida \u00e9 sagrada e deve ser protegida desde o seu in\u00edcio, na concep\u00e7\u00e3o. A vida do outro \u00e9 o limite de nossa liberdade. Se a mulher tem direitos e deveres, eles n\u00e3o podem interferir ou impedir o direito \u00e0 vida de outro ser humano. Somos a favor da vida em abund\u00e2ncia.\u201d, descreve um trecho do documento.<\/p>\n<p style=\"text-align: justify\">Cl\u00f3vis esclarece que o acesso \u00e0 educa\u00e7\u00e3o e informa\u00e7\u00e3o de qualidade, pode ser decisivo na qualidade da sa\u00fade de um indiv\u00edduo, logo, na qualidade de vida. \u201cS\u00e3o necess\u00e1rias medidas educativas e preventivas, pois n\u00e3o adianta ficarmos apenas na discuss\u00e3o te\u00f3rica\u201d, enfatiza.<\/p>\n<p style=\"text-align: justify\">Para exemplificar, o gestor afirma que os 1000 dias \u2013 que incluiu a gesta\u00e7\u00e3o e os dois primeiros anos de vida da crian\u00e7a \u2013 podem influenciar no estado de sa\u00fade da pessoa, na vida adulta. \u201cHoje est\u00e1 provado que press\u00e3o alta, diabetes, osteoporose, e doen\u00e7as card\u00edacas, s\u00e3o doen\u00e7as que podem ter rela\u00e7\u00e3o com o per\u00edodo de gesta\u00e7\u00e3o. Cuidar da vida \u00e9 tamb\u00e9m ter uma gesta\u00e7\u00e3o com uma alimenta\u00e7\u00e3o, nutritiva, com acompanhamento de pr\u00e9-natal\u201d, elucida. \u201cCuidar da vida \u00e9 cuidar do desenvolvimento da crian\u00e7a, no ventre da m\u00e3e, e depois quando nasce, principalmente, da amamenta\u00e7\u00e3o\u201d, completa.<\/p>\n<p style=\"text-align: justify\">A mo\u00e7\u00e3o feita durante a 14\u00aa Confer\u00eancia Nacional de Sa\u00fade, descreve que Diabetes, hipertens\u00e3o arterial e problemas card\u00edacos, \u2013 doen\u00e7as cr\u00f4nicas com significativa preval\u00eancia na popula\u00e7\u00e3o adulta em todo o mundo \u2013 podem ser prevenidas. De acordo com recentes estudos cient\u00edficos, nos primeiros mil dias \u2013 280 dias na fase da gesta\u00e7\u00e3o mais 720 dias dos dois primeiros anos de vida da crian\u00e7a.\u00a0 Avan\u00e7os importantes como esses na \u00e1rea da preven\u00e7\u00e3o s\u00e3o, no entanto, recebidos com impressionante lentid\u00e3o pelos servi\u00e7os de sa\u00fade.<\/p>\n<p style=\"text-align: justify\">\u201cNa Semana Nacional da Vida \u00e9 preciso cuidar do desenvolvimento do ser humano, al\u00e9m de defender os princ\u00edpios que previnem a morte precoce\u201d, disse Cl\u00f3vis. A pr\u00e1tica de abortos, como cita a mo\u00e7\u00e3o, como solu\u00e7\u00e3o para a gravidez indesejada, \u00e9 um retrocesso da sa\u00fade p\u00fablica, pois ao inv\u00e9s de investir na qualidade de vida da popula\u00e7\u00e3o, reproduz uma cultura de incentivo \u00e0 morte, \u00e0 viol\u00eancia. Admitir esta pr\u00e1tica \u00e9 uma derrota do poder p\u00fablico em rela\u00e7\u00e3o ao que \u00e9 realmente importante: a oferta educa\u00e7\u00e3o de qualidade, nas fam\u00edlias, nas escolas, na sociedade.<\/p>\n","protected":false},"excerpt":{"rendered":"<p>Em entrevista, o gestor de Rela\u00e7\u00f5es Institucionais da Pastoral da Crian\u00e7a (PR) e integrante do Conselho Nacional de Sa\u00fade, Cl\u00f3vis Boufler, trata da Semana Nacional da Vida. Como representante da Igreja Cat\u00f3lica, e dos crist\u00e3os de modo geral, Cl\u00f3vis afirma que os Conselhos de Sa\u00fade possuem uma base de trabalho que tem por alicerce: o &hellip;<\/p>\n<p class=\"read-more\"> <a class=\"\" href=\"https:\/\/www.cnbb.org.br\/semana-nacional-da-vida-cuidar-da-vida-e-cuidar-do-desenvolvimento-da-crianca-no-ventre-da-mae\/\"> <span class=\"screen-reader-text\">Semana Nacional da Vida: \u201cCuidar da vida \u00e9 cuidar do desenvolvimento da crian\u00e7a, no ventre da m\u00e3e\u201d.<\/span> Leia mais &raquo;<\/a><\/p>\n","protected":false},"author":83,"featured_media":15920,"comment_status":"open","ping_status":"open","sticky":false,"template":"","format":"standard","meta":{"site-sidebar-layout":"default","site-content-layout":"default","ast-global-header-display":"","ast-banner-title-visibility":"","ast-main-header-display":"","ast-hfb-above-header-display":"","ast-hfb-below-header-display":"","ast-hfb-mobile-header-display":"","site-post-title":"","ast-breadcrumbs-content":"","ast-featured-img":"","footer-sml-layout":"","theme-transparent-header-meta":"","adv-header-id-meta":"","stick-header-meta":"","header-above-stick-meta":"","header-main-stick-meta":"","header-below-stick-meta":""},"categories":[748,777],"tags":[],"acf":[],"_links":{"self":[{"href":"https:\/\/www.cnbb.org.br\/cnbb-app\/wp\/v2\/posts\/15919"}],"collection":[{"href":"https:\/\/www.cnbb.org.br\/cnbb-app\/wp\/v2\/posts"}],"about":[{"href":"https:\/\/www.cnbb.org.br\/cnbb-app\/wp\/v2\/types\/post"}],"author":[{"embeddable":true,"href":"https:\/\/www.cnbb.org.br\/cnbb-app\/wp\/v2\/users\/83"}],"replies":[{"embeddable":true,"href":"https:\/\/www.cnbb.org.br\/cnbb-app\/wp\/v2\/comments?post=15919"}],"version-history":[{"count":0,"href":"https:\/\/www.cnbb.org.br\/cnbb-app\/wp\/v2\/posts\/15919\/revisions"}],"wp:featuredmedia":[{"embeddable":true,"href":"https:\/\/www.cnbb.org.br\/cnbb-app\/wp\/v2\/media\/15920"}],"wp:attachment":[{"href":"https:\/\/www.cnbb.org.br\/cnbb-app\/wp\/v2\/media?parent=15919"}],"wp:term":[{"taxonomy":"category","embeddable":true,"href":"https:\/\/www.cnbb.org.br\/cnbb-app\/wp\/v2\/categories?post=15919"},{"taxonomy":"post_tag","embeddable":true,"href":"https:\/\/www.cnbb.org.br\/cnbb-app\/wp\/v2\/tags?post=15919"}],"curies":[{"name":"wp","href":"https:\/\/api.w.org\/{rel}","templated":true}]}}