{"id":15965,"date":"2014-11-19T00:00:00","date_gmt":"2014-11-19T02:00:00","guid":{"rendered":"https:\/\/www.cnbb.org.br\/congresso-trata-da-complementaridade-entre-homem-e-mulher\/"},"modified":"2014-11-19T00:00:00","modified_gmt":"2014-11-19T02:00:00","slug":"congresso-trata-da-complementaridade-entre-homem-e-mulher","status":"publish","type":"post","link":"https:\/\/www.cnbb.org.br\/congresso-trata-da-complementaridade-entre-homem-e-mulher\/","title":{"rendered":"Congresso trata da complementaridade entre homem e mulher"},"content":{"rendered":"<p style=\"text-align: justify\"><span>O Congresso Internacional sobre complementaridade entre homem e mulher acontece no Vaticano at\u00e9 hoje, 19 de novembro. O evento \u00e9 promovido pela Congrega\u00e7\u00e3o para a Doutrina da F\u00e9.<\/span><\/p>\n<p>  <!--more-->  <\/p>\n<p style=\"text-align: justify\"><span style=\"line-height: 1.3em\">Na segunda-feira, 17, durante a abertura do Congresso,<\/span><span style=\"line-height: 1.3em\">\u00a0o papa Francisco\u00a0<\/span><span style=\"line-height: 1.3em\">alertou para o perigo da armadilha de qualificar a fam\u00edlia com conceitos de natureza ideol\u00f3gica, que s\u00f3 t\u00eam for\u00e7a em um momento da hist\u00f3ria. Ele reiterou o valor da fam\u00edlia como fundamento social e destacou o direito da crian\u00e7a de crescer com a presen\u00e7a de um pai e de uma m\u00e3e.<\/span><\/p>\n<p style=\"text-align: justify\">&#8220;A fam\u00edlia \u00e9 um fato antropol\u00f3gico e, consequentemente, um fato social, de cultura. N\u00f3s n\u00e3o podemos qualific\u00e1-la com conceitos de natureza ideol\u00f3gica (&#8230;) N\u00e3o se pode falar hoje de fam\u00edlia conservadora ou fam\u00edlia progressista: a fam\u00edlia \u00e9 fam\u00edlia! A fam\u00edlia tem uma for\u00e7a em si&#8221;, disse o papa Francisco.<\/p>\n<p style=\"text-align: justify\"><strong><span style=\"line-height: 1.3em\">Matrim\u00f4nio<\/span><\/strong><\/p>\n<p style=\"text-align: justify\">De acordo com Francisco, a complementaridade entre o homem e a mulher est\u00e1 na base do matrim\u00f4nio e da fam\u00edlia. No contexto familiar, essa complementaridade assume v\u00e1rias formas, j\u00e1 que cada homem e cada mulher t\u00eam sua pr\u00f3pria contribui\u00e7\u00e3o para o casamento e a educa\u00e7\u00e3o dos filhos.<\/p>\n<p style=\"text-align: justify\">Citando novamente a &#8220;cultura do provis\u00f3rio&#8221;, o papa admitiu que o matrim\u00f4nio e a fam\u00edlia est\u00e3o em crise. A revolu\u00e7\u00e3o nos costumes e na moral muitas vezes abanou a &#8220;bandeira da liberdade&#8221; e acabou levando devasta\u00e7\u00e3o espiritual e material a tantas pessoas, especialmente as mais vulner\u00e1veis.<\/p>\n<p style=\"text-align: justify\">Francisco disse que a fam\u00edlia permanece no fundamento da conviv\u00eancia e da garantia contra a desintegra\u00e7\u00e3o social. Ele enfatizou que as crian\u00e7as t\u00eam o direito de crescer em uma fam\u00edlia, com um pai e uma m\u00e3e, capazes de criar um ambiente id\u00f4neo ao seu desenvolvimento.<\/p>\n<p style=\"text-align: justify\">&#8220;Possa este congresso ser fonte de inspira\u00e7\u00e3o para todos aqueles que procuram apoiar e refor\u00e7ar a uni\u00e3o do homem e da mulher no matrim\u00f4nio como um bem \u00fanico, natural, fundamental e belo para as pessoas, as fam\u00edlias, as comunidades e as sociedades&#8221;, desejou o papa.<\/p>\n<h5 style=\"text-align: justify\"><em><span style=\"line-height: 1.3em\">Com informa\u00e7\u00f5es da R\u00e1dio Vaticano e foto <span>L&#8217;Osservatore Romano.<\/span>\u00a0<\/span><\/em><\/h5>\n","protected":false},"excerpt":{"rendered":"<p>O Congresso Internacional sobre complementaridade entre homem e mulher acontece no Vaticano at\u00e9 hoje, 19 de novembro. O evento \u00e9 promovido pela Congrega\u00e7\u00e3o para a Doutrina da F\u00e9.<\/p>\n","protected":false},"author":83,"featured_media":15966,"comment_status":"open","ping_status":"open","sticky":false,"template":"","format":"standard","meta":{"site-sidebar-layout":"default","site-content-layout":"default","ast-global-header-display":"","ast-banner-title-visibility":"","ast-main-header-display":"","ast-hfb-above-header-display":"","ast-hfb-below-header-display":"","ast-hfb-mobile-header-display":"","site-post-title":"","ast-breadcrumbs-content":"","ast-featured-img":"","footer-sml-layout":"","theme-transparent-header-meta":"","adv-header-id-meta":"","stick-header-meta":"","header-above-stick-meta":"","header-main-stick-meta":"","header-below-stick-meta":""},"categories":[748,777],"tags":[],"acf":[],"_links":{"self":[{"href":"https:\/\/www.cnbb.org.br\/cnbb-app\/wp\/v2\/posts\/15965"}],"collection":[{"href":"https:\/\/www.cnbb.org.br\/cnbb-app\/wp\/v2\/posts"}],"about":[{"href":"https:\/\/www.cnbb.org.br\/cnbb-app\/wp\/v2\/types\/post"}],"author":[{"embeddable":true,"href":"https:\/\/www.cnbb.org.br\/cnbb-app\/wp\/v2\/users\/83"}],"replies":[{"embeddable":true,"href":"https:\/\/www.cnbb.org.br\/cnbb-app\/wp\/v2\/comments?post=15965"}],"version-history":[{"count":0,"href":"https:\/\/www.cnbb.org.br\/cnbb-app\/wp\/v2\/posts\/15965\/revisions"}],"wp:featuredmedia":[{"embeddable":true,"href":"https:\/\/www.cnbb.org.br\/cnbb-app\/wp\/v2\/media\/15966"}],"wp:attachment":[{"href":"https:\/\/www.cnbb.org.br\/cnbb-app\/wp\/v2\/media?parent=15965"}],"wp:term":[{"taxonomy":"category","embeddable":true,"href":"https:\/\/www.cnbb.org.br\/cnbb-app\/wp\/v2\/categories?post=15965"},{"taxonomy":"post_tag","embeddable":true,"href":"https:\/\/www.cnbb.org.br\/cnbb-app\/wp\/v2\/tags?post=15965"}],"curies":[{"name":"wp","href":"https:\/\/api.w.org\/{rel}","templated":true}]}}