{"id":15973,"date":"2015-02-26T00:00:00","date_gmt":"2015-02-26T03:00:00","guid":{"rendered":"https:\/\/www.cnbb.org.br\/comissao-da-cnbb-divulga-subsidios-da-semana-da-familia-e-da-vida\/"},"modified":"2015-02-26T00:00:00","modified_gmt":"2015-02-26T03:00:00","slug":"comissao-da-cnbb-divulga-subsidios-da-semana-da-familia-e-da-vida","status":"publish","type":"post","link":"https:\/\/www.cnbb.org.br\/comissao-da-cnbb-divulga-subsidios-da-semana-da-familia-e-da-vida\/","title":{"rendered":"Comiss\u00e3o da CNBB divulga subs\u00eddios da Semana da Fam\u00edlia e da Vida"},"content":{"rendered":"<p style=\"text-align: justify\">Os subs\u00eddios &#8220;Hora da Fam\u00edlia&#8221; e &#8220;Hora da Vida&#8221; s\u00e3o produzidos pela Comiss\u00e3o Episcopal para a Vida e a Fam\u00edlia da Confer\u00eancia Nacional dos Bispos do Brasil (CNBB) e Comiss\u00e3o Nacional da Pastoral Familiar (CNPF), com a proposta de animar as fam\u00edlias ao encontro fraterno, de partilhas e reflex\u00e3o sobre os ensinamentos e valores crist\u00e3os acerca da vida e da fam\u00edlia.<\/p>\n<p>  <!--more-->  <\/p>\n<p style=\"text-align: justify\"><span style=\"font-size: 12.1599998474121px;line-height: 1.3em\">A partir da primeira quinzena do m\u00eas de mar\u00e7o, os subs\u00eddios estar\u00e3o dispon\u00edveis para venda no site da Pastoral Familiar: <\/span><a href=\"http:\/\/www.lojacnpf.org.br\" target=\"_blank\" style=\"font-size: 12.1599998474121px;line-height: 1.3em\" rel=\"noopener noreferrer\">www.lojacnpf.org.br<\/a><span style=\"font-size: 12.1599998474121px;line-height: 1.3em\">.<\/span><\/p>\n<p style=\"text-align: justify\">O &#8220;Hora da Fam\u00edlia&#8221; e &#8220;Hora da Vida&#8221; estar\u00e3o dispon\u00edveis simultaneamente. O objetivo \u00e9 motivar as comunidades para celebrar intensamente, em todo o Brasil, a Semana Nacional da Fam\u00edlia, de 9 a 15 de agosto, e a Semana Nacional da Vida, de 1\u00ba a 7 de outubro, que culminar\u00e1 com o Dia do Nascituro, dia 8.<\/p>\n<p style=\"text-align: justify\"><strong>Encontros<\/strong><\/p>\n<p style=\"text-align: justify\">A edi\u00e7\u00e3o 2015 do &#8220;Hora da Fam\u00edlia&#8221; est\u00e1 em sintonia com o tema do Encontro Mundial das Fam\u00edlias, que ocorrer\u00e1 no m\u00eas de setembro, na Filad\u00e9lfia. Prop\u00f5e para reflex\u00e3o &#8220;O amor \u00e9 a nossa miss\u00e3o: a fam\u00edlia plenamente viva&#8221; e traz na capa do subs\u00eddio uma imagem do papa Francisco rodeado de crian\u00e7as alegres com bal\u00f5es, celebrando a fam\u00edlia.<\/p>\n<p style=\"text-align: justify\">O &#8220;Hora da Vida&#8221; traz como tema de reflex\u00e3o &#8220;O Evangelho da Vida: Anunciar, Celebrar e Servir&#8221;, propondo sete encontros, com diferentes abordagens sobre a celebra\u00e7\u00e3o da Vida. O subs\u00eddio recorda tamb\u00e9m os 20 anos da Enc\u00edclica <em>Evangelium Vitae<\/em>, de S\u00e3o Jo\u00e3o Paulo II.<\/p>\n","protected":false},"excerpt":{"rendered":"<p>Os subs\u00eddios &#8220;Hora da Fam\u00edlia&#8221; e &#8220;Hora da Vida&#8221; s\u00e3o produzidos pela Comiss\u00e3o Episcopal para a Vida e a Fam\u00edlia da Confer\u00eancia Nacional dos Bispos do Brasil (CNBB) e Comiss\u00e3o Nacional da Pastoral Familiar (CNPF), com a proposta de animar as fam\u00edlias ao encontro fraterno, de partilhas e reflex\u00e3o sobre os ensinamentos e valores crist\u00e3os &hellip;<\/p>\n<p class=\"read-more\"> <a class=\"\" href=\"https:\/\/www.cnbb.org.br\/comissao-da-cnbb-divulga-subsidios-da-semana-da-familia-e-da-vida\/\"> <span class=\"screen-reader-text\">Comiss\u00e3o da CNBB divulga subs\u00eddios da Semana da Fam\u00edlia e da Vida<\/span> Leia mais &raquo;<\/a><\/p>\n","protected":false},"author":83,"featured_media":15974,"comment_status":"open","ping_status":"open","sticky":false,"template":"","format":"standard","meta":{"site-sidebar-layout":"default","site-content-layout":"default","ast-global-header-display":"","ast-banner-title-visibility":"","ast-main-header-display":"","ast-hfb-above-header-display":"","ast-hfb-below-header-display":"","ast-hfb-mobile-header-display":"","site-post-title":"","ast-breadcrumbs-content":"","ast-featured-img":"","footer-sml-layout":"","theme-transparent-header-meta":"","adv-header-id-meta":"","stick-header-meta":"","header-above-stick-meta":"","header-main-stick-meta":"","header-below-stick-meta":""},"categories":[748,777],"tags":[],"acf":[],"_links":{"self":[{"href":"https:\/\/www.cnbb.org.br\/cnbb-app\/wp\/v2\/posts\/15973"}],"collection":[{"href":"https:\/\/www.cnbb.org.br\/cnbb-app\/wp\/v2\/posts"}],"about":[{"href":"https:\/\/www.cnbb.org.br\/cnbb-app\/wp\/v2\/types\/post"}],"author":[{"embeddable":true,"href":"https:\/\/www.cnbb.org.br\/cnbb-app\/wp\/v2\/users\/83"}],"replies":[{"embeddable":true,"href":"https:\/\/www.cnbb.org.br\/cnbb-app\/wp\/v2\/comments?post=15973"}],"version-history":[{"count":0,"href":"https:\/\/www.cnbb.org.br\/cnbb-app\/wp\/v2\/posts\/15973\/revisions"}],"wp:featuredmedia":[{"embeddable":true,"href":"https:\/\/www.cnbb.org.br\/cnbb-app\/wp\/v2\/media\/15974"}],"wp:attachment":[{"href":"https:\/\/www.cnbb.org.br\/cnbb-app\/wp\/v2\/media?parent=15973"}],"wp:term":[{"taxonomy":"category","embeddable":true,"href":"https:\/\/www.cnbb.org.br\/cnbb-app\/wp\/v2\/categories?post=15973"},{"taxonomy":"post_tag","embeddable":true,"href":"https:\/\/www.cnbb.org.br\/cnbb-app\/wp\/v2\/tags?post=15973"}],"curies":[{"name":"wp","href":"https:\/\/api.w.org\/{rel}","templated":true}]}}