{"id":15991,"date":"2016-09-20T00:00:00","date_gmt":"2016-09-20T03:00:00","guid":{"rendered":"https:\/\/www.cnbb.org.br\/o-aborto-e-a-violacao-do-direito-a-vida-do-nascituro-afirma-dom-cipollini\/"},"modified":"2016-09-20T00:00:00","modified_gmt":"2016-09-20T03:00:00","slug":"o-aborto-e-a-violacao-do-direito-a-vida-do-nascituro-afirma-dom-cipollini","status":"publish","type":"post","link":"https:\/\/www.cnbb.org.br\/o-aborto-e-a-violacao-do-direito-a-vida-do-nascituro-afirma-dom-cipollini\/","title":{"rendered":"\u201cO aborto \u00e9 a viola\u00e7\u00e3o do direito \u00e0 vida do nascituro\u201d, afirma dom Cipollini"},"content":{"rendered":"<p style=\"text-align: justify\">Artigo do bispo de Santo Andr\u00e9 (SP) aborda orienta\u00e7\u00f5es da Igreja sobre legaliza\u00e7\u00e3o do aborto<\/p>\n<p><!--more--><\/p>\n<p style=\"text-align: justify\">O debate acerca da legaliza\u00e7\u00e3o do aborto voltou \u00e0 tona nas \u00faltimas semanas por conta de uma enquete do portal e-Cidadania do Senado Federal a respeito de uma sugest\u00e3o para regular a interrup\u00e7\u00e3o volunt\u00e1ria da gravidez, dentro das doze primeiras semanas de gesta\u00e7\u00e3o, pelo Sistema \u00danico de Sa\u00fade (SUS). O bispo de Santo Andr\u00e9 (SP) e presidente da Comiss\u00e3o Episcopal Pastoral para a Doutrina da F\u00e9 da Confer\u00eancia Nacional dos Bispos do Brasil (CNBB), dom Pedro Carlos Cipollini, escreveu um artigo, que foi publicado no site da entidade, com a orienta\u00e7\u00e3o da Igreja aos cat\u00f3licos.<\/p>\n<p style=\"text-align: justify\">\u201cA orienta\u00e7\u00e3o da Igreja \u00e9 a favor da vida. H\u00e1 valores que n\u00e3o se podem desprezar sob pena de se pagar um pre\u00e7o alto\u201d, afirmou o bispo, que lembrou o mandamento de n\u00e3o matar. \u201cSe a vontade do povo, o capricho de alguns, o interesse de poucos, constitu\u00edsse o direito, poder\u00edamos ent\u00e3o criar o direito ao roubo, latroc\u00ednio, etc. Aqui \u00e9 preciso considerar que a luz de milh\u00f5es de velas n\u00e3o corresponde \u00e0 luz de um \u00fanico sol\u201d, refletiu.<\/p>\n<p style=\"text-align: justify\">A proposta apresentada no portal legislativo que permite a apresenta\u00e7\u00e3o de ideias e a vota\u00e7\u00e3o sobre as mat\u00e9rias por parte dos internautas j\u00e1 alcan\u00e7ou mais de 358 mil votos desde setembro de 2014, quando foi aberta \u2013 at\u00e9 o fim daquele ano, quando a sugest\u00e3o foi encaminhada para a Comiss\u00e3o de Direitos Humanos e Legisla\u00e7\u00e3o Participativa do Senado e come\u00e7ou a tramitar, foram contabilizados pouco mais de 20 mil votos.<\/p>\n<p style=\"text-align: justify\">Dom Cipollini afirma que o real objetivo da proposta \u00e9 legalizar o aborto, mas que isso n\u00e3o \u00e9 poss\u00edvel. \u201cO direito \u00e0 vida \u00e9 uma cl\u00e1usula p\u00e9trea da constitui\u00e7\u00e3o (Art. 5). O aborto \u00e9 a viola\u00e7\u00e3o do direito \u00e0 vida do nascituro\u201d, sustenta. O bispo ainda lembra que as campanhas em favor do aborto reduzem a quest\u00e3o somente ao aspecto da sa\u00fade. \u201cEst\u00e3o de costas para o povo, com a fal\u00e1cia de que defendem o pr\u00f3prio povo. A democracia sup\u00f5e o direito \u00e0 dignidade da pessoa humana. A pedra fundamental da dignidade humana \u00e9 o direito \u00e0 vida, sua defesa principalmente onde se encontra amea\u00e7ada, e justo ali onde n\u00e3o tem como se defender\u201d, completa.<\/p>\n<h3 style=\"text-align: justify\">Descarte<\/h3>\n<p style=\"text-align: justify\">No artigo, dom Cipollini questiona o porqu\u00ea de as solu\u00e7\u00f5es dos problemas sociais terem de passar sempre pela morte dos mais fracos e n\u00e3o pela promo\u00e7\u00e3o da vida e por que n\u00e3o usar a mesma dilig\u00eancia para promover leis que favore\u00e7am a educa\u00e7\u00e3o, saneamento b\u00e1sico e uma justa distribui\u00e7\u00e3o de renda, reafirmando um questionamento do papa Francisco a respeito.<\/p>\n<p style=\"text-align: justify\">\u201cN\u00e3o parece fact\u00edvel um caminho educativo para acolher os seres fr\u00e1geis que nos rodeiam, que de repente nos atrapalham e s\u00e3o inoportunos, se n\u00e3o protegemos um embri\u00e3o humano, embora sua chegada nos ocasione desconfortos e dificuldades\u201d, disse Francisco em junho de 2015. \u201cEm vez de resolver os problemas dos pobres e de pensar num mundo diferente, algumas pessoas prop\u00f5em a redu\u00e7\u00e3o da natalidade\u201d, lamentou o pont\u00edfice naquela ocasi\u00e3o.<\/p>\n<p style=\"text-align: justify\">O artigo de dom Cipollini segue a mesma linha de reflex\u00e3o, quando aponta para a a\u00e7\u00e3o de grupos de pa\u00edses ricos, cientistas e estudiosos motivados por institui\u00e7\u00f5es interessadas na diminui\u00e7\u00e3o da popula\u00e7\u00e3o pobre.<\/p>\n<p style=\"text-align: justify\"><a href=\"https:\/\/www.cnbb.org.br\/index.php?option=com_content&amp;view=article&amp;id=19543:sim-a-vida&amp;catid=370&amp;Itemid=204\" target=\"_blank\" rel=\"noopener noreferrer\">Leia na \u00edntegra o artigo \u201cSim \u00e0 vida\u201d de dom Pedro Carlos Cipollini<\/a><\/p>\n<p style=\"text-align: justify\"><a href=\"http:\/\/www12.senado.leg.br\/ecidadania\/visualizacaomateria?id=119431\" target=\"_blank\" rel=\"noopener noreferrer\">Vote contra a proposta de legaliza\u00e7\u00e3o do aborto<\/a><\/p>\n","protected":false},"excerpt":{"rendered":"<p>Artigo do bispo de Santo Andr\u00e9 (SP) aborda orienta\u00e7\u00f5es da Igreja sobre legaliza\u00e7\u00e3o do aborto<\/p>\n","protected":false},"author":83,"featured_media":15992,"comment_status":"open","ping_status":"open","sticky":false,"template":"","format":"standard","meta":{"site-sidebar-layout":"default","site-content-layout":"default","ast-global-header-display":"","ast-banner-title-visibility":"","ast-main-header-display":"","ast-hfb-above-header-display":"","ast-hfb-below-header-display":"","ast-hfb-mobile-header-display":"","site-post-title":"","ast-breadcrumbs-content":"","ast-featured-img":"","footer-sml-layout":"","theme-transparent-header-meta":"","adv-header-id-meta":"","stick-header-meta":"","header-above-stick-meta":"","header-main-stick-meta":"","header-below-stick-meta":""},"categories":[748,777],"tags":[],"acf":[],"_links":{"self":[{"href":"https:\/\/www.cnbb.org.br\/cnbb-app\/wp\/v2\/posts\/15991"}],"collection":[{"href":"https:\/\/www.cnbb.org.br\/cnbb-app\/wp\/v2\/posts"}],"about":[{"href":"https:\/\/www.cnbb.org.br\/cnbb-app\/wp\/v2\/types\/post"}],"author":[{"embeddable":true,"href":"https:\/\/www.cnbb.org.br\/cnbb-app\/wp\/v2\/users\/83"}],"replies":[{"embeddable":true,"href":"https:\/\/www.cnbb.org.br\/cnbb-app\/wp\/v2\/comments?post=15991"}],"version-history":[{"count":0,"href":"https:\/\/www.cnbb.org.br\/cnbb-app\/wp\/v2\/posts\/15991\/revisions"}],"wp:featuredmedia":[{"embeddable":true,"href":"https:\/\/www.cnbb.org.br\/cnbb-app\/wp\/v2\/media\/15992"}],"wp:attachment":[{"href":"https:\/\/www.cnbb.org.br\/cnbb-app\/wp\/v2\/media?parent=15991"}],"wp:term":[{"taxonomy":"category","embeddable":true,"href":"https:\/\/www.cnbb.org.br\/cnbb-app\/wp\/v2\/categories?post=15991"},{"taxonomy":"post_tag","embeddable":true,"href":"https:\/\/www.cnbb.org.br\/cnbb-app\/wp\/v2\/tags?post=15991"}],"curies":[{"name":"wp","href":"https:\/\/api.w.org\/{rel}","templated":true}]}}