{"id":15996,"date":"2008-08-25T00:00:00","date_gmt":"2008-08-25T03:00:00","guid":{"rendered":"https:\/\/www.cnbb.org.br\/tvs-de-inspiracao-catolica\/"},"modified":"2008-08-25T00:00:00","modified_gmt":"2008-08-25T03:00:00","slug":"tvs-de-inspiracao-catolica","status":"publish","type":"post","link":"https:\/\/www.cnbb.org.br\/tvs-de-inspiracao-catolica\/","title":{"rendered":"TVs de inspira\u00e7\u00e3o cat\u00f3lica"},"content":{"rendered":"<p style=\"text-align: justify\">\u201cA Igreja v\u00ea estes meios de comunica\u00e7\u00e3o social como \u201cdons de Deus\u201d, na medida em que, segundo inten\u00e7\u00e3o providencial, criam la\u00e7os de solidariedade entre os<\/p>\n<p>  <!--more-->  <\/p>\n<p>homens, pondo-se assim ao servi\u00e7o da sua vontade salv\u00edfica\u201d (Communio et progressio, p 1, Paulinas, 1971). Esta \u00e9 a compreens\u00e3o da Igreja em rela\u00e7\u00e3o aos meios de comunica\u00e7\u00e3o social, quer sejam eles comerciais ou educativos, porque s\u00e3o meios que podem favorecer uma intera\u00e7\u00e3o mais profunda da vida comunit\u00e1ria e promover a justi\u00e7a e a paz.<\/p>\n<p style=\"text-align: justify\">\u00c8 neste sentido que a comunica\u00e7\u00e3o social da CNBB realiza encontros sistem\u00e1ticos, com os Diretores, produtores e artistas das TVs de inspira\u00e7\u00e3o Cat\u00f3lica, para refletir, articular e animar a comunica\u00e7\u00e3o televisiva. Reconhece, tamb\u00e9m, todo o trabalho que vem sendo feito, por estas TVs, pela audi\u00eancia que vem aumentando significativamente e o cuidado pelos conte\u00fados e a boa programa\u00e7\u00e3o.<\/p>\n<p style=\"text-align: justify\">A seguir o nome e os endere\u00e7os eletr\u00f4nicos das TVs de inspira\u00e7\u00e3o cat\u00f3lica:<\/p>\n<ul>\n<li>Associa\u00e7\u00e3o do Senhor Jesus \u2013 TV S\u00e9culo 21<\/li>\n<li>Nova Funda\u00e7\u00e3o Nazar\u00e9 de Comunica\u00e7\u00e3o \u2013 TV Nazar\u00e9<\/li>\n<li>TV Aparecida<\/li>\n<li>TV Can\u00e7\u00e3o<\/li>\n<li>Rede Vida de Televis\u00e3o<\/li>\n<li>TV Horizonte<\/li>\n<li>TV Pato Branco<\/li>\n<li>TV Lumem \u2013 PUC Paran\u00e1<\/li>\n<li>TV Imaculada &#8211;<\/li>\n<li>Canal Comunit\u00e1rio \u2013 TV PUC \u2013 S\u00e3o Paulo<\/li>\n<li>TV Rio Claro<\/li>\n<li>TV Mil\u00edcia Imaculada<\/li>\n<li>TV 3\u00ba Mil\u00eanio<\/li>\n<\/ul>\n","protected":false},"excerpt":{"rendered":"<p>\u201cA Igreja v\u00ea estes meios de comunica\u00e7\u00e3o social como \u201cdons de Deus\u201d, na medida em que, segundo inten\u00e7\u00e3o providencial, criam la\u00e7os de solidariedade entre os<\/p>\n","protected":false},"author":83,"featured_media":0,"comment_status":"open","ping_status":"open","sticky":false,"template":"","format":"standard","meta":{"site-sidebar-layout":"default","site-content-layout":"default","ast-global-header-display":"","ast-banner-title-visibility":"","ast-main-header-display":"","ast-hfb-above-header-display":"","ast-hfb-below-header-display":"","ast-hfb-mobile-header-display":"","site-post-title":"","ast-breadcrumbs-content":"","ast-featured-img":"","footer-sml-layout":"","theme-transparent-header-meta":"","adv-header-id-meta":"","stick-header-meta":"","header-above-stick-meta":"","header-main-stick-meta":"","header-below-stick-meta":""},"categories":[748,878],"tags":[],"acf":[],"_links":{"self":[{"href":"https:\/\/www.cnbb.org.br\/cnbb-app\/wp\/v2\/posts\/15996"}],"collection":[{"href":"https:\/\/www.cnbb.org.br\/cnbb-app\/wp\/v2\/posts"}],"about":[{"href":"https:\/\/www.cnbb.org.br\/cnbb-app\/wp\/v2\/types\/post"}],"author":[{"embeddable":true,"href":"https:\/\/www.cnbb.org.br\/cnbb-app\/wp\/v2\/users\/83"}],"replies":[{"embeddable":true,"href":"https:\/\/www.cnbb.org.br\/cnbb-app\/wp\/v2\/comments?post=15996"}],"version-history":[{"count":0,"href":"https:\/\/www.cnbb.org.br\/cnbb-app\/wp\/v2\/posts\/15996\/revisions"}],"wp:attachment":[{"href":"https:\/\/www.cnbb.org.br\/cnbb-app\/wp\/v2\/media?parent=15996"}],"wp:term":[{"taxonomy":"category","embeddable":true,"href":"https:\/\/www.cnbb.org.br\/cnbb-app\/wp\/v2\/categories?post=15996"},{"taxonomy":"post_tag","embeddable":true,"href":"https:\/\/www.cnbb.org.br\/cnbb-app\/wp\/v2\/tags?post=15996"}],"curies":[{"name":"wp","href":"https:\/\/api.w.org\/{rel}","templated":true}]}}