{"id":15998,"date":"2009-12-15T00:00:00","date_gmt":"2009-12-15T02:00:00","guid":{"rendered":"https:\/\/www.cnbb.org.br\/presidente-lula-abre-a-1o-conferencia-nacional-de-comunicacao-em-brasilia-2\/"},"modified":"2009-12-15T00:00:00","modified_gmt":"2009-12-15T02:00:00","slug":"presidente-lula-abre-a-1o-conferencia-nacional-de-comunicacao-em-brasilia-2","status":"publish","type":"post","link":"https:\/\/www.cnbb.org.br\/presidente-lula-abre-a-1o-conferencia-nacional-de-comunicacao-em-brasilia-2\/","title":{"rendered":"Presidente Lula abre a 1\u00aa Confer\u00eancia Nacional de Comunica\u00e7\u00e3o, em Bras\u00edlia"},"content":{"rendered":"<p style=\"text-align: justify\">Come\u00e7ou ontem, 14, a 1\u00aa Confer\u00eancia Nacional de Comunica\u00e7\u00e3o (Confecom). O presidente Luiz In\u00e1cio Lula da Silva fez o discurso de abertura do evento. O presidente enalteceu a<\/p>\n<p><!--more--><\/p>\n<p style=\"text-align: justify\">diversidade do plen\u00e1rio e destacou a import\u00e2ncia da sociedade toda ajudar o Governo a estabelecer as pol\u00edticas de comunica\u00e7\u00e3o para o pa\u00eds.<\/p>\n<p style=\"text-align: justify\">Ao seu estilo, Lula mandou um recado \u00e0s organiza\u00e7\u00f5es empresariais que sa\u00edram da Confer\u00eancia, entre elas, a Associa\u00e7\u00e3o Brasileira de Emissoras de R\u00e1dio e Televis\u00e3o (Abert), que congrega os gigantes das comunica\u00e7\u00f5es e telecomunica\u00e7\u00f5es. \u201cLamento que alguns atores tenham preferido se ausentar da Confer\u00eancia. Perderam a oportunidade de construir pontes, mas cada um sabe onde o calo d\u00f3i\u201d, disse o presidente sob os aplausos da plat\u00e9ia.<\/p>\n<p style=\"text-align: justify\">Lula falou tamb\u00e9m das mudan\u00e7as tecnol\u00f3gicas que marcam o mundo e o Brasil. Exaltou a liberdade de imprensa sem deixar de provocar os que \u201cse excedem\u201d e divulgam \u201ccal\u00fanias e inf\u00e2mias\u201d.<\/p>\n<p style=\"text-align: justify\">O presidente explicou tamb\u00e9m sobre a converg\u00eancia de m\u00eddias, um tema forte na Confer\u00eancia. Admitiu que a lei sobre a comunica\u00e7\u00e3o no pa\u00eds \u00e9 \u201canacr\u00f4nica\u201d e n\u00e3o pode responder \u00e0s mudan\u00e7as por que passou o pa\u00eds nesta \u00e1rea. \u201cOs impactos sociais e pol\u00edticos desta converg\u00eancia devem favorecer a pluralidade\u201d, afirmou.<\/p>\n<p style=\"text-align: justify\">Mais uma vez, o presidente defendeu o debate que se estabelecer\u00e1 na Confer\u00eancia. Segundo disse, \u00e9 preciso haver, em rela\u00e7\u00e3o \u00e0 comunica\u00e7\u00e3o, \u201cum debate franco e aberto e n\u00e3o enfiar a cabe\u00e7a na areia como o avestruz\u201d.<\/p>\n<p style=\"text-align: justify\">O Presidente da Rep\u00fablica aproveitou e fez a propaganda do Plano Nacional de Banda Larga, outra reivindica\u00e7\u00e3o que vir\u00e1 com vigor na Confecom. O presidente reconheceu que \u00e9 preciso levar internet a todos a um \u201cpre\u00e7o razo\u00e1vel\u201d. \u201cInternet n\u00e3o \u00e9 luxo, mas algo de primeira necessidade, essencial para a educa\u00e7\u00e3o\u201d. Lula falou ainda que a popula\u00e7\u00e3o deve cobrar dos candidatos a presente nas elei\u00e7\u00f5es de 2010 que coloquem o tema da comunica\u00e7\u00e3o na agenda do pa\u00eds.<\/p>\n<p style=\"text-align: justify\">Terminado o discurso, Lula acrescentou de improviso algo sobre as r\u00e1dios comunit\u00e1rias, atendendo aos gritos que sa\u00edram da plateia. De fato, em nenhum momento do discurso ele havia falado das Radcom. Se n\u00e3o agradou pelo conte\u00fado, pelo menos mostrou que ouviu o grito dos que cobraram dele uma posi\u00e7\u00e3o sobre as R\u00e1dios Comunit\u00e1rias que ter\u00e3o uma luta infinda nesta Confecom para conseguir suas reivindica\u00e7\u00f5es, especialmente o fim de sua criminaliza\u00e7\u00e3o.<\/p>\n","protected":false},"excerpt":{"rendered":"<p>Come\u00e7ou ontem, 14, a 1\u00aa Confer\u00eancia Nacional de Comunica\u00e7\u00e3o (Confecom). O presidente Luiz In\u00e1cio Lula da Silva fez o discurso de abertura do evento. O presidente enalteceu a<\/p>\n","protected":false},"author":83,"featured_media":15999,"comment_status":"open","ping_status":"open","sticky":false,"template":"","format":"standard","meta":{"site-sidebar-layout":"default","site-content-layout":"default","ast-global-header-display":"","ast-banner-title-visibility":"","ast-main-header-display":"","ast-hfb-above-header-display":"","ast-hfb-below-header-display":"","ast-hfb-mobile-header-display":"","site-post-title":"","ast-breadcrumbs-content":"","ast-featured-img":"","footer-sml-layout":"","theme-transparent-header-meta":"","adv-header-id-meta":"","stick-header-meta":"","header-above-stick-meta":"","header-main-stick-meta":"","header-below-stick-meta":""},"categories":[1],"tags":[],"acf":[],"_links":{"self":[{"href":"https:\/\/www.cnbb.org.br\/cnbb-app\/wp\/v2\/posts\/15998"}],"collection":[{"href":"https:\/\/www.cnbb.org.br\/cnbb-app\/wp\/v2\/posts"}],"about":[{"href":"https:\/\/www.cnbb.org.br\/cnbb-app\/wp\/v2\/types\/post"}],"author":[{"embeddable":true,"href":"https:\/\/www.cnbb.org.br\/cnbb-app\/wp\/v2\/users\/83"}],"replies":[{"embeddable":true,"href":"https:\/\/www.cnbb.org.br\/cnbb-app\/wp\/v2\/comments?post=15998"}],"version-history":[{"count":0,"href":"https:\/\/www.cnbb.org.br\/cnbb-app\/wp\/v2\/posts\/15998\/revisions"}],"wp:featuredmedia":[{"embeddable":true,"href":"https:\/\/www.cnbb.org.br\/cnbb-app\/wp\/v2\/media\/15999"}],"wp:attachment":[{"href":"https:\/\/www.cnbb.org.br\/cnbb-app\/wp\/v2\/media?parent=15998"}],"wp:term":[{"taxonomy":"category","embeddable":true,"href":"https:\/\/www.cnbb.org.br\/cnbb-app\/wp\/v2\/categories?post=15998"},{"taxonomy":"post_tag","embeddable":true,"href":"https:\/\/www.cnbb.org.br\/cnbb-app\/wp\/v2\/tags?post=15998"}],"curies":[{"name":"wp","href":"https:\/\/api.w.org\/{rel}","templated":true}]}}