{"id":16008,"date":"2008-09-22T00:00:00","date_gmt":"2008-09-22T03:00:00","guid":{"rendered":"https:\/\/www.cnbb.org.br\/premio-clara-de-assis-para-televisao\/"},"modified":"2008-09-22T00:00:00","modified_gmt":"2008-09-22T03:00:00","slug":"premio-clara-de-assis-para-televisao","status":"publish","type":"post","link":"https:\/\/www.cnbb.org.br\/premio-clara-de-assis-para-televisao\/","title":{"rendered":"Pr\u00eamio Clara de Assis para Televis\u00e3o"},"content":{"rendered":"<h5 style=\"text-align: justify\">Hist\u00f3rico<\/h5>\n<p style=\"text-align: justify\">O &#8220;Pr\u00eamio Clara de Assis para a Televis\u00e3o&#8221; foi institu\u00eddo, em 2005, pela Confer\u00eancia Nacional dos Bispos do Brasil, CNBB, coordenado pelo Setor de Comunica\u00e7\u00e3o<\/p>\n<p>  <!--more-->  <\/p>\n<p>Social da CNBB.<\/p>\n<p style=\"text-align: justify\">Ao instituir este pr\u00eamio, a CNBB quis estabelecer um espa\u00e7o de di\u00e1logo da Igreja cat\u00f3lica no Brasil com os profissionais da televis\u00e3o brasileira e com a sociedade, bem como, favorecer a educa\u00e7\u00e3o para uma leitura cr\u00edtica da comunica\u00e7\u00e3o televisiva.<\/p>\n<p style=\"text-align: justify\">A iniciativa desta premia\u00e7\u00e3o veio ao encontro da necessidade de valorizar o trabalho de muitos diretores da televis\u00e3o brasileira e de promover novos produtores que, com seu talento, ajudam na constru\u00e7\u00e3o de uma sociedade fraterna e solid\u00e1ria.<\/p>\n<h5 style=\"text-align: justify\">Objetivos<\/h5>\n<p style=\"text-align: justify\">Premiar produ\u00e7\u00f5es nacionais que destaquem os valores humanos, sociais, pol\u00edticos, crist\u00e3os e \u00e9ticos, enquanto constru\u00e7\u00e3o da cidadania e formadores de consci\u00eancia.<\/p>\n<p style=\"text-align: justify\">Trabalhar a educa\u00e7\u00e3o cr\u00edtica da comunica\u00e7\u00e3o televisiva na fam\u00edlia e no meio acad\u00eamico, provocando uma discuss\u00e3o que reflita os ideais que promovem o ser humano e a constru\u00e7\u00e3o de uma sociedade justa e solid\u00e1ria.<\/p>\n<h5 style=\"text-align: justify\">Por que o nome Santa Clara de Assis para o Pr\u00eamio Televis\u00e3o?<\/h5>\n<p style=\"text-align: justify\">Santa Clara nasceu em Assis, It\u00e1lia, em 1193. Pertencia a uma nobre fam\u00edlia, que se distinguia pelos valores humanos e crist\u00e3os. Sua m\u00e3e, certo dia, teve uma intui\u00e7\u00e3o, que teria uma filha que iluminaria o mundo e escolheu o nome de Clara que significa luz brilhante.<\/p>\n<p style=\"text-align: justify\">Clara destacou-se, desde cedo, pela caridade e respeito para com os pequenos, tanto que ao deparar-se com a pobreza evang\u00e9lica vivida por Francisco de Assis foi tomada pelo irresist\u00edvel apelo de segui-lo.<\/p>\n<p style=\"text-align: justify\">Quando decidiu responder ao chamado de Cristo para segui-lo como op\u00e7\u00e3o fundamental de vida, dedicando-se totalmente a Deus e aos irm\u00e3os, enfrentou a oposi\u00e7\u00e3o da fam\u00edlia, que pretendia arranjar-lhe um casamento que prometia uma vida abastada. Ap\u00f3s ter refletido sobre sua op\u00e7\u00e3o de vida, aos 18 anos, Clara abandonou seus pais para seguir Jesus, radicalmente. Para isto foi ao encontro de S\u00e3o Francisco de Assis na Porci\u00fancula e fundou o ramo feminino da Ordem Franciscana, tamb\u00e9m conhecido como Damas Pobres ou Irm\u00e3s Clarissas. Clara de Assis viveu na pr\u00e1tica e no amor da\u00a0 mais estrita pobreza.<\/p>\n<p style=\"text-align: justify\">Quando aconteceu a invas\u00e3o na cidade de Assis pelos sarracenos, Santa Clara apanhou o c\u00e1lice com h\u00f3stias consagradas e enfrentou o chefe deles, dizendo que Jesus Cristo era mais forte do que eles. Os agressores, tomados por inexplic\u00e1vel p\u00e2nico, fugiram. Por este milagre \u00e9 que Santa Clara aparece nas imagens segurando o c\u00e1lice na m\u00e3o.<\/p>\n<p style=\"text-align: justify\">Um ano antes de sua morte, em 1253, impossibilitada de participar de forma presencial da Celebra\u00e7\u00e3o Eucar\u00edstica, sem sair do seu leito e sem interven\u00e7\u00e3o t\u00e9cnica, essa Celebra\u00e7\u00e3o foi projetada na parede do seu quarto. Por esse sinal miraculoso, o papa Pio XII, atrav\u00e9s de uma Carta apost\u00f3lica, de 21 de agosto de 1958, a proclamou Padroeira da Televis\u00e3o.<\/p>\n","protected":false},"excerpt":{"rendered":"<p>Hist\u00f3rico O &#8220;Pr\u00eamio Clara de Assis para a Televis\u00e3o&#8221; foi institu\u00eddo, em 2005, pela Confer\u00eancia Nacional dos Bispos do Brasil, CNBB, coordenado pelo Setor de Comunica\u00e7\u00e3o<\/p>\n","protected":false},"author":83,"featured_media":14687,"comment_status":"open","ping_status":"open","sticky":false,"template":"","format":"standard","meta":{"site-sidebar-layout":"default","site-content-layout":"default","ast-global-header-display":"","ast-banner-title-visibility":"","ast-main-header-display":"","ast-hfb-above-header-display":"","ast-hfb-below-header-display":"","ast-hfb-mobile-header-display":"","site-post-title":"","ast-breadcrumbs-content":"","ast-featured-img":"","footer-sml-layout":"","theme-transparent-header-meta":"","adv-header-id-meta":"","stick-header-meta":"","header-above-stick-meta":"","header-main-stick-meta":"","header-below-stick-meta":""},"categories":[748,878],"tags":[],"acf":[],"_links":{"self":[{"href":"https:\/\/www.cnbb.org.br\/cnbb-app\/wp\/v2\/posts\/16008"}],"collection":[{"href":"https:\/\/www.cnbb.org.br\/cnbb-app\/wp\/v2\/posts"}],"about":[{"href":"https:\/\/www.cnbb.org.br\/cnbb-app\/wp\/v2\/types\/post"}],"author":[{"embeddable":true,"href":"https:\/\/www.cnbb.org.br\/cnbb-app\/wp\/v2\/users\/83"}],"replies":[{"embeddable":true,"href":"https:\/\/www.cnbb.org.br\/cnbb-app\/wp\/v2\/comments?post=16008"}],"version-history":[{"count":0,"href":"https:\/\/www.cnbb.org.br\/cnbb-app\/wp\/v2\/posts\/16008\/revisions"}],"wp:featuredmedia":[{"embeddable":true,"href":"https:\/\/www.cnbb.org.br\/cnbb-app\/wp\/v2\/media\/14687"}],"wp:attachment":[{"href":"https:\/\/www.cnbb.org.br\/cnbb-app\/wp\/v2\/media?parent=16008"}],"wp:term":[{"taxonomy":"category","embeddable":true,"href":"https:\/\/www.cnbb.org.br\/cnbb-app\/wp\/v2\/categories?post=16008"},{"taxonomy":"post_tag","embeddable":true,"href":"https:\/\/www.cnbb.org.br\/cnbb-app\/wp\/v2\/tags?post=16008"}],"curies":[{"name":"wp","href":"https:\/\/api.w.org\/{rel}","templated":true}]}}