{"id":16016,"date":"2010-02-12T00:00:00","date_gmt":"2010-02-12T02:00:00","guid":{"rendered":"https:\/\/www.cnbb.org.br\/tudo-pronto-para-o-3o-encontro-nacional-de-jornalistas-das-dioceses-regionais-e-organismos-da-cnbb\/"},"modified":"2010-02-12T00:00:00","modified_gmt":"2010-02-12T02:00:00","slug":"tudo-pronto-para-o-3o-encontro-nacional-de-jornalistas-das-dioceses-regionais-e-organismos-da-cnbb","status":"publish","type":"post","link":"https:\/\/www.cnbb.org.br\/tudo-pronto-para-o-3o-encontro-nacional-de-jornalistas-das-dioceses-regionais-e-organismos-da-cnbb\/","title":{"rendered":"Tudo pronto para o 3\u00ba Encontro Nacional de Jornalistas das dioceses, regionais e organismos da CNBB"},"content":{"rendered":"<p style=\"text-align: justify\">Est\u00e1 tudo pronto para o 3\u00ba Encontro Nacional dos Jornalistas das dioceses, regionais e organismos vinculados \u00e0 Confer\u00eancia Nacional dos Bispos do Brasil (CNBB), que vai acontecer entre os dias 12 e 14 de mar\u00e7o. Pela terceira vez consecutiva, o evento ocorre em Bras\u00edlia.<\/p>\n<p><!--more--><\/p>\n<p style=\"text-align: justify\">A novidade do Encontro este ano \u00e9 que poder\u00e3o participar al\u00e9m dos jornalistas de dioceses, regionais e organismos, tamb\u00e9m os profissionais que trabalham em m\u00eddia impressa, r\u00e1dio e televis\u00e3o cat\u00f3licos, desde que sejam jornalistas profissionais e apresentem, no ato da inscri\u00e7\u00e3o, o n\u00famero de registro profissional.<\/p>\n<p style=\"text-align: justify\">\n<h4 style=\"text-align: justify\">Programa\u00e7\u00e3o<\/h4>\n<p style=\"text-align: justify\">Durante os tr\u00eas dias de encontro, que acontece no segundo fim de semana de mar\u00e7o, haver\u00e1 um debate com o assessor da Comiss\u00e3o Episcopal para o Laicato da CNBB, o professor S\u00e9rgio Coutinho, abordando a Mensagem do Papa para o Dia Mundial das Comunica\u00e7\u00f5es, logo na primeira noite.<\/p>\n<p style=\"text-align: justify\">No s\u00e1bado, 13, haver\u00e1 uma mesa redonda, com a participa\u00e7\u00e3o dos jornalistas Celso Schoreder, vice-presidente da Federa\u00e7\u00e3o Nacional dos Jornalistas (Fenaj) e membro da coordena\u00e7\u00e3o executiva do F\u00f3rum Nacional pela Democratiza\u00e7\u00e3o da Comunica\u00e7\u00e3o (FNDC), que abordar\u00e1 o tema \u201cA Confecom e a democratiza\u00e7\u00e3o da comunica\u00e7\u00e3o no Brasil; e, ainda pela manh\u00e3, o professor da Universidade de Bras\u00edlia (UnB), Ven\u00edcio Artur de Lima, que vai abrir discuss\u00e3o a partir da tem\u00e1tica \u201cPrograma Nacional de Direitos Humanos (PNDH) e direito \u00e0 comunica\u00e7\u00e3o\u201d.<\/p>\n<p style=\"text-align: justify\">\u00c0 tarde, a mesa redonda ser\u00e1 sobre \u201cJornalismo e Igreja\u201d, com duas confer\u00eancias: \u201cO jornalismo na e da Igreja Cat\u00f3lica\u201d, com padre C\u00e9sar Moreira, da TV Aparecida; e a segunda, \u201cA Igreja como fonte de not\u00edcia\u201d, com a mestra em comunica\u00e7\u00e3o, Eliane Muniz, que trabalhou longos anos na assessoria de imprensa da CNBB. O restante da tarde de s\u00e1bado ser\u00e1 reservado para a troca de experi\u00eancias, com padre Geraldo Martins.<\/p>\n<p style=\"text-align: justify\">Os encaminhamentos pr\u00e1ticos ser\u00e3o desenvolvidos no domingo pela manh\u00e3, com o assessor de imprens da CNBB e um dos organizadores do evento, padre Geraldo e a assessora para a Comiss\u00e3o Episcopal Pastoral para a Educa\u00e7\u00e3o, Cultura e Comunica\u00e7\u00e3o Social da CNBB, a mestra em comunica\u00e7\u00e3o, irm\u00e3 Elide Fogolari.<\/p>\n<p style=\"text-align: justify\">Para Geraldo Martins, a participa\u00e7\u00e3o do professor de hist\u00f3ria, S\u00e9rgio Coutinho, no Encontro, tem por objetivo acrescentar uma leitura aprofundada ao assunto proposto na Mensagem do papa. \u201cEle nos ajudar\u00e1 a fazer uma leitura aprofundada da mensagem para o dia mundial das comunica\u00e7\u00f5es. Creio que o tema proposto pelo papa toca de perto n\u00e3o s\u00f3 aos padres, mas tamb\u00e9m aos leigos mais comprometidos com a caminhada pastoral da Igreja. Um professor universit\u00e1rio tem sempre algo a acrescentar quando o assunto \u00e9 o uso das novas tecnologias de comunica\u00e7\u00e3o\u201d, disse o assessor de imprensa.<\/p>\n<p style=\"text-align: justify\">Segundo padre Geraldo, o principal objetivo do encontro de jornalistas, \u00e9 fortalecer os la\u00e7os de comunh\u00e3o entre os profissionais da imprensa cat\u00f3lica, como tamb\u00e9m servir de espa\u00e7o de atualiza\u00e7\u00e3o para a categoria. \u201cQueremos fortalecer os la\u00e7os de comunh\u00e3o entre os profissionais respons\u00e1veis pela comunica\u00e7\u00e3o em nossas dioceses e organismos da CNBB. \u00c9 cada vez mais urgente estreitar os la\u00e7os entre os jornalistas que atuam nos ve\u00edculos da Igreja a fim de que, em rede, a boa nova de Jesus Cristo chegue a todos. Al\u00e9m disso, o encontro \u00e9 tamb\u00e9m uma oportunidade de reciclagem de nossos profissionais. A presen\u00e7a de assessores renomados no encontro revela o desejo de termos profissionais cada vez mais atualizados e sintonizados com as grandes preocupa\u00e7\u00f5es do mundo da comunica\u00e7\u00e3o\u201d, sublinhou.<\/p>\n<p style=\"text-align: justify\">Questionado se o encontro representa uma preocupa\u00e7\u00e3o da CNBB com o desenvolvimento da comunica\u00e7\u00e3o na Igreja, o assessor afirmou que o evento assume um papel que vai al\u00e9m da preocupa\u00e7\u00e3o em comunicar. \u201cMais do que uma preocupa\u00e7\u00e3o, o encontro \u00e9 uma prova do investimento da CNBB na comunica\u00e7\u00e3o. Atendendo ao apelo dos \u00faltimos papas, a Igreja no Brasil tem procurado ocupar este novo are\u00f3pago por reconhec\u00ea-lo como espa\u00e7o privilegiado para o an\u00fancio da vida e da pessoa de Jesus Cristo. O nosso desejo \u00e9 de que as dioceses e par\u00f3quias estimulem sempre encontros de comunica\u00e7\u00e3o e valorizem os profissionais desta \u00e1rea e os tenham em seus quadros, seja como volunt\u00e1rios, seja como profissionais contratados para os meios de comunica\u00e7\u00e3o de sua propriedade\u201d.<\/p>\n<p style=\"text-align: justify\">Os interessados podem solicitar a ficha de inscri\u00e7\u00e3o atrav\u00e9s do e-mail imprensa5@cnbb.org.br; ou pelo telefone (61) 2103-8368, falar com Tatiane Lopes.<\/p>\n<h4 style=\"text-align: justify\"><a href=\"http:\/\/cnbbjoomla.sitesparresia.com\/wp-content\/uploads\/sites\/85\/2010\/02\/carta3encontrojornal.doc\" target=\"_blank\" rel=\"noopener\">Confira a ficha de inscri\u00e7\u00e3o clicando aqui.<\/a><\/h4>\n","protected":false},"excerpt":{"rendered":"<p>Est\u00e1 tudo pronto para o 3\u00ba Encontro Nacional dos Jornalistas das dioceses, regionais e organismos vinculados \u00e0 Confer\u00eancia Nacional dos Bispos do Brasil (CNBB), que vai acontecer entre os dias 12 e 14 de mar\u00e7o. Pela terceira vez consecutiva, o evento ocorre em Bras\u00edlia.<\/p>\n","protected":false},"author":83,"featured_media":16017,"comment_status":"open","ping_status":"open","sticky":false,"template":"","format":"standard","meta":{"site-sidebar-layout":"default","site-content-layout":"default","ast-global-header-display":"","ast-banner-title-visibility":"","ast-main-header-display":"","ast-hfb-above-header-display":"","ast-hfb-below-header-display":"","ast-hfb-mobile-header-display":"","site-post-title":"","ast-breadcrumbs-content":"","ast-featured-img":"","footer-sml-layout":"","theme-transparent-header-meta":"","adv-header-id-meta":"","stick-header-meta":"","header-above-stick-meta":"","header-main-stick-meta":"","header-below-stick-meta":""},"categories":[748,878],"tags":[],"acf":[],"_links":{"self":[{"href":"https:\/\/www.cnbb.org.br\/cnbb-app\/wp\/v2\/posts\/16016"}],"collection":[{"href":"https:\/\/www.cnbb.org.br\/cnbb-app\/wp\/v2\/posts"}],"about":[{"href":"https:\/\/www.cnbb.org.br\/cnbb-app\/wp\/v2\/types\/post"}],"author":[{"embeddable":true,"href":"https:\/\/www.cnbb.org.br\/cnbb-app\/wp\/v2\/users\/83"}],"replies":[{"embeddable":true,"href":"https:\/\/www.cnbb.org.br\/cnbb-app\/wp\/v2\/comments?post=16016"}],"version-history":[{"count":0,"href":"https:\/\/www.cnbb.org.br\/cnbb-app\/wp\/v2\/posts\/16016\/revisions"}],"wp:featuredmedia":[{"embeddable":true,"href":"https:\/\/www.cnbb.org.br\/cnbb-app\/wp\/v2\/media\/16017"}],"wp:attachment":[{"href":"https:\/\/www.cnbb.org.br\/cnbb-app\/wp\/v2\/media?parent=16016"}],"wp:term":[{"taxonomy":"category","embeddable":true,"href":"https:\/\/www.cnbb.org.br\/cnbb-app\/wp\/v2\/categories?post=16016"},{"taxonomy":"post_tag","embeddable":true,"href":"https:\/\/www.cnbb.org.br\/cnbb-app\/wp\/v2\/tags?post=16016"}],"curies":[{"name":"wp","href":"https:\/\/api.w.org\/{rel}","templated":true}]}}