{"id":16043,"date":"2010-08-23T00:00:00","date_gmt":"2010-08-23T03:00:00","guid":{"rendered":"https:\/\/www.cnbb.org.br\/tvs-catolicas-no-debate-com-presidenciaveis\/"},"modified":"2010-08-23T00:00:00","modified_gmt":"2010-08-23T03:00:00","slug":"tvs-catolicas-no-debate-com-presidenciaveis","status":"publish","type":"post","link":"https:\/\/www.cnbb.org.br\/tvs-catolicas-no-debate-com-presidenciaveis\/","title":{"rendered":"TVs cat\u00f3licas no debate com presidenci\u00e1veis"},"content":{"rendered":"<p style=\"text-align: justify\">Que bom saber dessa not\u00edcia que vem motivar a nossa participa\u00e7\u00e3o de forma direta no processo de escolha dos novos l\u00edderes pol\u00edticos do Pa\u00eds e dos Estados. Pela primeira vez os canais de inspira\u00e7\u00e3o cat\u00f3lica abrem espa\u00e7o para um debate aberto e direto com quatro dos candidatos mais bem posicionados nas pesquisas: Dilma Rousseff, Jos\u00e9 Serra, Marina Silva e Pl\u00ednio de Arruda Sampaio. A Rede Aparecida, a TV Can\u00e7\u00e3o Nova e a TV 3\u00ba Mil\u00eanio, de Maring\u00e1, no dia 23 de agosto, \u00e0s 22h, estar\u00e3o mostrando ao Brasil as propostas daqueles que desejam ter o rosto, o pensamento e o cora\u00e7\u00e3o do povo brasileiro.<\/p>\n<p>  <!--more-->  <\/p>\n<p style=\"text-align: justify\">Essa \u00e9 uma iniciativa dos nossos l\u00edderes batalhadores dos meios de comunica\u00e7\u00e3o social que, ousadamente, acreditam que a Igreja n\u00e3o pode ficar \u00e0 margem, como mera espectadora deste processo eleitoral, quando o destino da Na\u00e7\u00e3o Brasileira ser\u00e1 colocado nas m\u00e3os de homens e mulheres que se colocaram para servir ao bem comum.<\/p>\n<p style=\"text-align: justify\">&#8220;Nossa inten\u00e7\u00e3o \u00e9 dar oportunidade ao telespectador de conhecer melhor cada candidato, suas ideias e solu\u00e7\u00f5es para nossa sociedade. \u00c9 um espa\u00e7o para levar mais subs\u00eddios para nosso p\u00fablico, a fim de que os eleitores possam fazer as melhores escolhas&#8221;, afirma Ana Maria, coordenadora da Comunidade Can\u00e7\u00e3o Nova.<\/p>\n<p style=\"text-align: justify\">Esse tipo de debate, ao vivo, oferece elementos extremamente v\u00e1lidos aos eleitores, para o discernimento e a escolha livre e consciente. Conforme a assessoria das TVs, o debate ter\u00e1 dura\u00e7\u00e3o de duas horas e ser\u00e1 divido em quatro blocos. No primeiro, o mediador far\u00e1 perguntas aos candidatos a partir de temas sorteados ao vivo. No segundo bloco, as perguntas aos presidenci\u00e1veis ser\u00e3o feitas por tr\u00eas jornalistas convidados pela coordena\u00e7\u00e3o do programa sobre temas de livre escolha.<\/p>\n<p style=\"text-align: justify\">No terceiro, as perguntas ser\u00e3o feitas por representantes de pastorais e mo vimentos da Igreja Cat\u00f3lica, ligados \u00e0 Confer\u00eancia Nacional dos Bispos do Brasil (CNBB), que estar\u00e3o na plateia.<\/p>\n<p style=\"text-align: justify\">No \u00faltimo bloco, os presidenci\u00e1veis respondem, mais uma vez, a perguntas feitas pelo mediador e participam do quadro &#8220;Como voc\u00ea resolver\u00e1 o problema?&#8221;. Neste quadro, o mediador apresenta um determinado problema e o candidato indica que solu\u00e7\u00e3o daria para o caso. O programa termina com as considera\u00e7\u00f5es finais de cada candidato.<\/p>\n<p style=\"text-align: justify\">A cada pergunta, o candidato ter\u00e1 entre 1 minuto e 1 minuto e meio para resposta. Nos blocos 2 e 3, cada resposta ser\u00e1 comentada por outro candidato sorteado. Haver\u00e1 r\u00e9plica de 1 minuto para o candidato que respondeu e tr\u00e9plica de 1 minuto para o candidato que comentou. Essas s\u00e3o as regas.<\/p>\n<p style=\"text-align: justify\">Pautas como aborto, uso de c\u00e9lulas-tronco embrion\u00e1rias e exposi\u00e7\u00e3o de s\u00edmbolos religiosos em locais p\u00fablicos ter\u00e3o destaque. Al\u00e9m disso, outros assuntos v\u00e3o ser discutidos, tais como sa\u00fade, educa \u00e7\u00e3o, emprego, seguran\u00e7a p\u00fablica, previd\u00eancia, liberdade de imprensa, reforma agr\u00e1ria, etc.<\/p>\n<p style=\"text-align: justify\">Portanto, convido voc\u00ea eleitor a participar desse in\u00e9dito acontecimento no processo eleitoral brasileiro. \u00c9 a Igreja, por meio das emissoras de inspira\u00e7\u00e3o cat\u00f3lica, inclusive a nossa TV 3\u00ba Mil\u00eanio, inclu\u00edda no processo de escolha da pr\u00f3xima pessoa que ocupar\u00e1 a cadeira da Presid\u00eancia da Rep\u00fablica. Segunda-feira, dia 23, \u00e0s 22h.<\/p>\n<h4 style=\"text-align: right\">Dom Anuar Battisti<\/h4>\n","protected":false},"excerpt":{"rendered":"<p>Que bom saber dessa not\u00edcia que vem motivar a nossa participa\u00e7\u00e3o de forma direta no processo de escolha dos novos l\u00edderes pol\u00edticos do Pa\u00eds e dos Estados. Pela primeira vez os canais de inspira\u00e7\u00e3o cat\u00f3lica abrem espa\u00e7o para um debate aberto e direto com quatro dos candidatos mais bem posicionados nas pesquisas: Dilma Rousseff, Jos\u00e9 &hellip;<\/p>\n<p class=\"read-more\"> <a class=\"\" href=\"https:\/\/www.cnbb.org.br\/tvs-catolicas-no-debate-com-presidenciaveis\/\"> <span class=\"screen-reader-text\">TVs cat\u00f3licas no debate com presidenci\u00e1veis<\/span> Leia mais &raquo;<\/a><\/p>\n","protected":false},"author":83,"featured_media":0,"comment_status":"open","ping_status":"open","sticky":false,"template":"","format":"standard","meta":{"site-sidebar-layout":"default","site-content-layout":"default","ast-global-header-display":"","ast-banner-title-visibility":"","ast-main-header-display":"","ast-hfb-above-header-display":"","ast-hfb-below-header-display":"","ast-hfb-mobile-header-display":"","site-post-title":"","ast-breadcrumbs-content":"","ast-featured-img":"","footer-sml-layout":"","theme-transparent-header-meta":"","adv-header-id-meta":"","stick-header-meta":"","header-above-stick-meta":"","header-main-stick-meta":"","header-below-stick-meta":""},"categories":[748,878],"tags":[],"acf":[],"_links":{"self":[{"href":"https:\/\/www.cnbb.org.br\/cnbb-app\/wp\/v2\/posts\/16043"}],"collection":[{"href":"https:\/\/www.cnbb.org.br\/cnbb-app\/wp\/v2\/posts"}],"about":[{"href":"https:\/\/www.cnbb.org.br\/cnbb-app\/wp\/v2\/types\/post"}],"author":[{"embeddable":true,"href":"https:\/\/www.cnbb.org.br\/cnbb-app\/wp\/v2\/users\/83"}],"replies":[{"embeddable":true,"href":"https:\/\/www.cnbb.org.br\/cnbb-app\/wp\/v2\/comments?post=16043"}],"version-history":[{"count":0,"href":"https:\/\/www.cnbb.org.br\/cnbb-app\/wp\/v2\/posts\/16043\/revisions"}],"wp:attachment":[{"href":"https:\/\/www.cnbb.org.br\/cnbb-app\/wp\/v2\/media?parent=16043"}],"wp:term":[{"taxonomy":"category","embeddable":true,"href":"https:\/\/www.cnbb.org.br\/cnbb-app\/wp\/v2\/categories?post=16043"},{"taxonomy":"post_tag","embeddable":true,"href":"https:\/\/www.cnbb.org.br\/cnbb-app\/wp\/v2\/tags?post=16043"}],"curies":[{"name":"wp","href":"https:\/\/api.w.org\/{rel}","templated":true}]}}