{"id":16050,"date":"2010-09-21T00:00:00","date_gmt":"2010-09-21T03:00:00","guid":{"rendered":"https:\/\/www.cnbb.org.br\/candidatos-confirmam-presenca-em-debate-na-quinta-feira-23\/"},"modified":"2010-09-21T00:00:00","modified_gmt":"2010-09-21T03:00:00","slug":"candidatos-confirmam-presenca-em-debate-na-quinta-feira-23","status":"publish","type":"post","link":"https:\/\/www.cnbb.org.br\/candidatos-confirmam-presenca-em-debate-na-quinta-feira-23\/","title":{"rendered":"Candidatos confirmam presen\u00e7a em debate na quinta-feira, 23"},"content":{"rendered":"<p style=\"text-align: justify\">Discutir amplamente as propostas de Governo entre os candidatos ao cargo de Presidente da Rep\u00fablica \u00e9 o objetivo do debate entre os presidenci\u00e1veis Dilma Rousseff (PT), Jos\u00e9 Serra (PSDB), Marina Silva (PV) e Pl\u00ednio Arruda Sampaio (PSol), que acontecer\u00e1 no pr\u00f3ximo dia 23, na Universidade Cat\u00f3lica de Bras\u00edlia (UCB), \u00e0s 21h30, no Audit\u00f3rio Central da Universidade, Campus de Taguatinga.<\/p>\n<p>  <!--more-->  <\/p>\n<p style=\"text-align: justify\">O debate \u00e9 uma iniciativa da Universidade Cat\u00f3lica de Bras\u00edlia (UCB), Associa\u00e7\u00e3o Brasileira das Universidades Comunit\u00e1rias (ABRUC), Comiss\u00e3o Brasileira Justi\u00e7a e Paz (CBJP) e Associa\u00e7\u00e3o Nacional de Educa\u00e7\u00e3o Cat\u00f3lica (ANEC), com o apoio da Confer\u00eancia Nacional dos Bispos do Brasil (CNBB).<\/p>\n<p style=\"text-align: justify\">O jornalista Beto Almeida ser\u00e1 o mediador e presidir\u00e1 o evento controlando o tempo, a interven\u00e7\u00e3o dos candidatos, o \u00e2nimo dos participantes e da plateia. O debate ser\u00e1 organizado da seguinte forma: abertura pelo mediador; apresenta\u00e7\u00e3o dos participantes, pelo nome do candidato e do seu vice, seu partido e coliga\u00e7\u00e3o. A ordem de apresenta\u00e7\u00e3o e de resposta \u00e0s perguntas ser\u00e1 realizada mediante sorteio.<\/p>\n<p style=\"text-align: justify\">O evento ser\u00e1 dividido em quatro blocos. No primeiro, cada candidato ter\u00e1 tr\u00eas minutos para se apresentar e indicar as tr\u00eas prioridades do seu Programa de Governo. Em seguida, os presidentes das entidades promotoras far\u00e3o uma pergunta e o candidato sorteado ir\u00e1 respond\u00ea-la. Logo depois, representantes da sociedade far\u00e3o os questionamentos. Todas as respostas ser\u00e3o comentadas por outro candidato e haver\u00e1 o direito de r\u00e9plica. Poder\u00e1 ser concedido \u201cdireito de resposta\u201d ao candidato que sofrer cal\u00fania, difama\u00e7\u00e3o ou inj\u00faria. No \u00faltimo bloco, todos responder\u00e3o a uma \u00fanica pergunta, decidida pouco antes, entre as entidades organizadoras. Ap\u00f3s todas serem respondidas, cada um far\u00e1 seu pronunciamento final.<\/p>\n<p style=\"text-align: justify\">O evento ter\u00e1 dura\u00e7\u00e3o de duas horas, incluindo o tempo destinado a perguntas. A defini\u00e7\u00e3o da posi\u00e7\u00e3o de cada candidato no cen\u00e1rio do debate foi escolhida por meio de sorteio, que aconteceu na sede da CNBB, no \u00faltimo dia 14 de setembro.<\/p>\n<p style=\"text-align: justify\">O evento ser\u00e1 transmitido ao vivo pelo portal da Universidade Cat\u00f3lica de Bras\u00edlia (www.ucb.br), pelas TVs e r\u00e1dios de inspira\u00e7\u00e3o Cat\u00f3lica e pela Associa\u00e7\u00e3o Brasileira de TVs Universit\u00e1rias (ABTU).<\/p>\n<p style=\"text-align: justify\">Outras informa\u00e7\u00f5es com a Assessoria de Imprensa da UCB, nos telefones: 3356-9013 \/ 9319 \/ 0979.<\/p>\n","protected":false},"excerpt":{"rendered":"<p>Discutir amplamente as propostas de Governo entre os candidatos ao cargo de Presidente da Rep\u00fablica \u00e9 o objetivo do debate entre os presidenci\u00e1veis Dilma Rousseff (PT), Jos\u00e9 Serra (PSDB), Marina Silva (PV) e Pl\u00ednio Arruda Sampaio (PSol), que acontecer\u00e1 no pr\u00f3ximo dia 23, na Universidade Cat\u00f3lica de Bras\u00edlia (UCB), \u00e0s 21h30, no Audit\u00f3rio Central da &hellip;<\/p>\n<p class=\"read-more\"> <a class=\"\" href=\"https:\/\/www.cnbb.org.br\/candidatos-confirmam-presenca-em-debate-na-quinta-feira-23\/\"> <span class=\"screen-reader-text\">Candidatos confirmam presen\u00e7a em debate na quinta-feira, 23<\/span> Leia mais &raquo;<\/a><\/p>\n","protected":false},"author":83,"featured_media":16051,"comment_status":"open","ping_status":"open","sticky":false,"template":"","format":"standard","meta":{"site-sidebar-layout":"default","site-content-layout":"default","ast-global-header-display":"","ast-banner-title-visibility":"","ast-main-header-display":"","ast-hfb-above-header-display":"","ast-hfb-below-header-display":"","ast-hfb-mobile-header-display":"","site-post-title":"","ast-breadcrumbs-content":"","ast-featured-img":"","footer-sml-layout":"","theme-transparent-header-meta":"","adv-header-id-meta":"","stick-header-meta":"","header-above-stick-meta":"","header-main-stick-meta":"","header-below-stick-meta":""},"categories":[748,878],"tags":[],"acf":[],"_links":{"self":[{"href":"https:\/\/www.cnbb.org.br\/cnbb-app\/wp\/v2\/posts\/16050"}],"collection":[{"href":"https:\/\/www.cnbb.org.br\/cnbb-app\/wp\/v2\/posts"}],"about":[{"href":"https:\/\/www.cnbb.org.br\/cnbb-app\/wp\/v2\/types\/post"}],"author":[{"embeddable":true,"href":"https:\/\/www.cnbb.org.br\/cnbb-app\/wp\/v2\/users\/83"}],"replies":[{"embeddable":true,"href":"https:\/\/www.cnbb.org.br\/cnbb-app\/wp\/v2\/comments?post=16050"}],"version-history":[{"count":0,"href":"https:\/\/www.cnbb.org.br\/cnbb-app\/wp\/v2\/posts\/16050\/revisions"}],"wp:featuredmedia":[{"embeddable":true,"href":"https:\/\/www.cnbb.org.br\/cnbb-app\/wp\/v2\/media\/16051"}],"wp:attachment":[{"href":"https:\/\/www.cnbb.org.br\/cnbb-app\/wp\/v2\/media?parent=16050"}],"wp:term":[{"taxonomy":"category","embeddable":true,"href":"https:\/\/www.cnbb.org.br\/cnbb-app\/wp\/v2\/categories?post=16050"},{"taxonomy":"post_tag","embeddable":true,"href":"https:\/\/www.cnbb.org.br\/cnbb-app\/wp\/v2\/tags?post=16050"}],"curies":[{"name":"wp","href":"https:\/\/api.w.org\/{rel}","templated":true}]}}