{"id":16059,"date":"2010-11-19T00:00:00","date_gmt":"2010-11-19T02:00:00","guid":{"rendered":"https:\/\/www.cnbb.org.br\/assembleia-da-unda-vai-criar-representacao-unica-para-os-meios-de-comunicacao-catolicos-do-brasil\/"},"modified":"2010-11-19T00:00:00","modified_gmt":"2010-11-19T02:00:00","slug":"assembleia-da-unda-vai-criar-representacao-unica-para-os-meios-de-comunicacao-catolicos-do-brasil","status":"publish","type":"post","link":"https:\/\/www.cnbb.org.br\/assembleia-da-unda-vai-criar-representacao-unica-para-os-meios-de-comunicacao-catolicos-do-brasil\/","title":{"rendered":"Assembleia da UNDA vai criar representa\u00e7\u00e3o \u00fanica para os meios de comunica\u00e7\u00e3o cat\u00f3licos do Brasil"},"content":{"rendered":"<p style=\"text-align: justify\">No pr\u00f3ximo dia 30 de novembro tem in\u00edcio em Curitiba (PR) a 12\u00aa Assembleia da Associa\u00e7\u00e3o Cat\u00f3lica para o R\u00e1dio e Televis\u00e3o do Brasil (UNDA-Brasil). O evento ter\u00e1 car\u00e1ter hist\u00f3rico e extraordin\u00e1rio este ano porque ser\u00e1 criada, na ocasi\u00e3o, a SIGNIS-Br (Associa\u00e7\u00e3o Cat\u00f3lica para a Comunica\u00e7\u00e3o no Brasil). Com esta sigla, que j\u00e1 existe no mundo desde 2001, quando houve a fus\u00e3o da UNDA e da Organiza\u00e7\u00e3o Cat\u00f3lica Internacional do Cinema e Audiovisual (OCIC), pretende-se reunir os v\u00e1rios segmentos da comunica\u00e7\u00e3o (r\u00e1dio, televis\u00e3o, impresso, internet e outros) em uma \u00fanica estrutura.<\/p>\n<p>  <!--more-->  <\/p>\n<p style=\"text-align: justify\"><img decoding=\"async\" loading=\"lazy\" class=\" alignleft size-full wp-image-7378\" style=\"float: left\" alt=\"ir_lauro_pazeto\" src=\"https:\/\/www.cnbb.org.br\/wp-content\/uploads\/2020\/03\/ir_lauro_pazeto.jpg\" width=\"336\" height=\"300\" \/>\u201cCom a cria\u00e7\u00e3o da SIGNIS-Br os v\u00e1rios segmentos da comunica\u00e7\u00e3o ser\u00e3o organizados em departamentos onde cada segmento ter\u00e1 uma coordena\u00e7\u00e3o indicada pelas bases e nomeado pela diretoria\u201d, explicou o presidente da UNDA-Br, irm\u00e3o Lauro Pazeto, em entrevista \u00e0 Revista Cat\u00f3lica Integra\u00e7\u00e3o. Ele garantiu que a nova estrutura ser\u00e1 um elo entre os v\u00e1rios meios de comunica\u00e7\u00e3o. \u201cCom a nova estrutura, a UNDA como associa\u00e7\u00e3o de radiodifus\u00e3o cat\u00f3lica ir\u00e1 ampliar a sua abrang\u00eancia incorporando outros segmentos al\u00e9m do r\u00e1dio\u201d.<\/p>\n<p style=\"text-align: justify\">A cria\u00e7\u00e3o da SIGNIS-Br  est\u00e1 sendo discutido h\u00e1 algum tempo pela Equipe de Reflex\u00e3o do Setor Comunica\u00e7\u00e3o da CNBB e foi tratado tamb\u00e9m, na Assembleia da UNDA-Br, em novembro de 2007, que aconteceu em Curitiba, com o tema \u201cIdentidade e formas de participa\u00e7\u00e3o\u201d.<\/p>\n<p style=\"text-align: justify\"><strong>A nova estrutura<\/strong><\/p>\n<p style=\"text-align: justify\">Ligada ao Pontif\u00edcio Conselho para as Comunica\u00e7\u00f5es, a SIGNIS mundial conta com parceiros em 130 pa\u00edses e representa a m\u00eddia cat\u00f3lica em v\u00e1rias organiza\u00e7\u00f5es e institui\u00e7\u00f5es governamentais e n\u00e3o-governamentais. O Congresso Mundial da entidade aconteceu ano passado, em Chiang Mai, na Tail\u00e2ndia com o tema \u201cM\u00eddia para uma cultura de paz: direitos das crian\u00e7as, promessa do amanh\u00e3\u201d. O encontro teve representa\u00e7\u00e3o brasileira.<\/p>\n<p style=\"text-align: justify\"><img decoding=\"async\" loading=\"lazy\" class=\" alignright size-full wp-image-7379\" style=\"float: right\" alt=\"assembleia_unda2007_mesa\" src=\"https:\/\/www.cnbb.org.br\/wp-content\/uploads\/2020\/03\/assembleia_unda2007_mesa.jpg\" width=\"337\" height=\"300\" \/>Para o arcebispo do Rio de Janeiro e presidente da Comiss\u00e3o Episcopal Pastoral para a Educa\u00e7\u00e3o, Cultura e Comunica\u00e7\u00e3o Social da CNBB, dom Orani Jo\u00e3o Tempesta, a fus\u00e3o da representa\u00e7\u00e3o de todos os meios de comunica\u00e7\u00e3o cat\u00f3licos do Brasil na SIGNIS, vai possibilitar a maior articula\u00e7\u00e3o e intera\u00e7\u00e3o dos meios de comunica\u00e7\u00e3o cat\u00f3licos do pa\u00eds.<\/p>\n<p style=\"text-align: justify\">\u201cA SIGNIS-Br ser\u00e1 uma entidade de liga\u00e7\u00e3o que representar\u00e1 a comunica\u00e7\u00e3o em todos os sentidos no Brasil, ao mesmo tempo em que ter\u00e1 sua liberdade de a\u00e7\u00e3o e organiza\u00e7\u00e3o. A CNBB com sua presen\u00e7a vai estar junto e dar suas sugest\u00f5es e escutar as reivindica\u00e7\u00f5es\u201d, disse dom Orani.<\/p>\n<p style=\"text-align: justify\">Junto com a 12\u00aa Assembleia da UNDA acontece paralelamente a 6\u00aa Assembleia da Rede Cat\u00f3lica de R\u00e1dio (RCR). Participam das duas assembleias o conselho deliberativo da RCR e as pessoas habilitadas a representar as emissoras associadas \u00e0 UNDA-Br.<\/p>\n","protected":false},"excerpt":{"rendered":"<p>No pr\u00f3ximo dia 30 de novembro tem in\u00edcio em Curitiba (PR) a 12\u00aa Assembleia da Associa\u00e7\u00e3o Cat\u00f3lica para o R\u00e1dio e Televis\u00e3o do Brasil (UNDA-Brasil). O evento ter\u00e1 car\u00e1ter hist\u00f3rico e extraordin\u00e1rio este ano porque ser\u00e1 criada, na ocasi\u00e3o, a SIGNIS-Br (Associa\u00e7\u00e3o Cat\u00f3lica para a Comunica\u00e7\u00e3o no Brasil). Com esta sigla, que j\u00e1 existe no &hellip;<\/p>\n<p class=\"read-more\"> <a class=\"\" href=\"https:\/\/www.cnbb.org.br\/assembleia-da-unda-vai-criar-representacao-unica-para-os-meios-de-comunicacao-catolicos-do-brasil\/\"> <span class=\"screen-reader-text\">Assembleia da UNDA vai criar representa\u00e7\u00e3o \u00fanica para os meios de comunica\u00e7\u00e3o cat\u00f3licos do Brasil<\/span> Leia mais &raquo;<\/a><\/p>\n","protected":false},"author":83,"featured_media":16060,"comment_status":"open","ping_status":"open","sticky":false,"template":"","format":"standard","meta":{"site-sidebar-layout":"default","site-content-layout":"default","ast-global-header-display":"","ast-banner-title-visibility":"","ast-main-header-display":"","ast-hfb-above-header-display":"","ast-hfb-below-header-display":"","ast-hfb-mobile-header-display":"","site-post-title":"","ast-breadcrumbs-content":"","ast-featured-img":"","footer-sml-layout":"","theme-transparent-header-meta":"","adv-header-id-meta":"","stick-header-meta":"","header-above-stick-meta":"","header-main-stick-meta":"","header-below-stick-meta":""},"categories":[748,878],"tags":[],"acf":[],"_links":{"self":[{"href":"https:\/\/www.cnbb.org.br\/cnbb-app\/wp\/v2\/posts\/16059"}],"collection":[{"href":"https:\/\/www.cnbb.org.br\/cnbb-app\/wp\/v2\/posts"}],"about":[{"href":"https:\/\/www.cnbb.org.br\/cnbb-app\/wp\/v2\/types\/post"}],"author":[{"embeddable":true,"href":"https:\/\/www.cnbb.org.br\/cnbb-app\/wp\/v2\/users\/83"}],"replies":[{"embeddable":true,"href":"https:\/\/www.cnbb.org.br\/cnbb-app\/wp\/v2\/comments?post=16059"}],"version-history":[{"count":0,"href":"https:\/\/www.cnbb.org.br\/cnbb-app\/wp\/v2\/posts\/16059\/revisions"}],"wp:featuredmedia":[{"embeddable":true,"href":"https:\/\/www.cnbb.org.br\/cnbb-app\/wp\/v2\/media\/16060"}],"wp:attachment":[{"href":"https:\/\/www.cnbb.org.br\/cnbb-app\/wp\/v2\/media?parent=16059"}],"wp:term":[{"taxonomy":"category","embeddable":true,"href":"https:\/\/www.cnbb.org.br\/cnbb-app\/wp\/v2\/categories?post=16059"},{"taxonomy":"post_tag","embeddable":true,"href":"https:\/\/www.cnbb.org.br\/cnbb-app\/wp\/v2\/tags?post=16059"}],"curies":[{"name":"wp","href":"https:\/\/api.w.org\/{rel}","templated":true}]}}