{"id":16064,"date":"2010-12-01T00:00:00","date_gmt":"2010-12-01T02:00:00","guid":{"rendered":"https:\/\/www.cnbb.org.br\/convergencia-de-midias-e-tema-da-primeira-palestra-da-assembleia-geral-da-unda\/"},"modified":"2010-12-01T00:00:00","modified_gmt":"2010-12-01T02:00:00","slug":"convergencia-de-midias-e-tema-da-primeira-palestra-da-assembleia-geral-da-unda","status":"publish","type":"post","link":"https:\/\/www.cnbb.org.br\/convergencia-de-midias-e-tema-da-primeira-palestra-da-assembleia-geral-da-unda\/","title":{"rendered":"Converg\u00eancia de m\u00eddias \u00e9 tema da primeira palestra da Assembleia Geral da Unda"},"content":{"rendered":"<p style=\"text-align: justify\">Teve in\u00edcio na noite desta ter\u00e7a-feira, 30, a 12\u00aa Assembleia Geral da Associa\u00e7\u00e3o Cat\u00f3lica para o R\u00e1dio e Televis\u00e3o do Brasil (Unda-Brasil) e a 6\u00aa Assembleia da Rede Cat\u00f3lica de R\u00e1dio (RCR). O evento, que acontece em Curitiba (PR) e segue at\u00e9 o pr\u00f3ximo dia 3, ter\u00e1 car\u00e1ter hist\u00f3rico e extraordin\u00e1rio porque na ocasi\u00e3o ser\u00e1 criada a Signis-Br (Associa\u00e7\u00e3o Cat\u00f3lica para a Comunica\u00e7\u00e3o no Brasil). Com esta sigla, que j\u00e1 existe no mundo desde 2001, quando houve a fus\u00e3o da Unda e da Organiza\u00e7\u00e3o Cat\u00f3lica Internacional do Cinema e Audiovisual (OCIC), pretende-se reunir os v\u00e1rios segmentos da comunica\u00e7\u00e3o (r\u00e1dio, televis\u00e3o, impresso, internet e outros) em uma \u00fanica estrutura.<\/p>\n<p style=\"text-align: justify\"><strong> <\/strong><\/p>\n<p>  <!--more-->  <\/p>\n<p style=\"text-align: justify\"><strong>Converg\u00eancia de m\u00eddias<\/strong><\/p>\n<p style=\"text-align: justify\">A diretora de Intelig\u00eancia de Mercado do Sistema Globo de R\u00e1dio, Mari\u00e2ngela Ribeiro, proferiu a primeira palestra da Assembleia. A profissional falou sobre o tema \u201cConverg\u00eancia, comportamento, formato e conte\u00fado\u201d. Mari\u00e2ngela disse que o conte\u00fado que meios de comunica\u00e7\u00e3o desejam transmitir, mesmo com o passar do tempo, continua basicamente o mesmo, mas que a forma de veicular muda a cada dia.<\/p>\n<p style=\"text-align: justify\">Diante desta realidade, explicou que \u00e9 necess\u00e1rio pensar como consumidores e n\u00e3o como produtores e mencionou o exemplo de um jornal lido por 5 milh\u00f5es de pessoas. \u201cUm dia um colunista deste ve\u00edculo descobriu, por meio de uma pesquisa, que seu espa\u00e7o era lido por apenas 200 pessoas. Na internet tamb\u00e9m \u00e9 assim. O leitor s\u00f3 vai acessar somente o que lhe interessa\u201d, argumentou.<\/p>\n<p style=\"text-align: justify\">A palestrante assinalou que hoje em dia existem cinco gera\u00e7\u00f5es no mercado, que isso \u00e9 in\u00e9dito na hist\u00f3ria e que \u00e9 preciso conhecer este p\u00fablico. Existe a gera\u00e7\u00e3o Baby Boomers (46 a 64 anos), gera\u00e7\u00e3o X (34 a 45 anos), a Y (13 a 33 anos) e a Z, que em breve estar\u00e1 no mercado (at\u00e9 12 anos). \u201cEm 20 anos, 50% das pessoas no mercado ser\u00e3o Y. Hoje a Y j\u00e1 representa 47% no Brasil\u201d, informou.<\/p>\n<p style=\"text-align: justify\"><strong>Plen\u00e1ria<\/strong><\/p>\n<p style=\"text-align: justify\"><img decoding=\"async\" loading=\"lazy\" class=\" alignright size-full wp-image-7622\" style=\"float: right\" alt=\"assembleia_unda2\" src=\"https:\/\/www.cnbb.org.br\/wp-content\/uploads\/2020\/03\/assembleia_unda2.jpg\" width=\"351\" height=\"263\" \/>Na manh\u00e3 desta quarta-feira, 1, houve a plen\u00e1ria conduzida pelo vice-presidente da Signis Mundial, Gustavo And\u00fajar; pelo presidente da Associa\u00e7\u00e3o Paraguaia de Comunica\u00e7\u00e3o Cat\u00f3lica e diretor da Organiza\u00e7\u00e3o Cat\u00f3lica Latino Americana e Caribenha de Comunica\u00e7\u00e3o, Ilde Silvero; e do diretor do Signis Services Rome, Padre Bernardo Suate. O momento marcou o nascimento da Associa\u00e7\u00e3o Cat\u00f3lica Mundial para Comunica\u00e7\u00e3o (Signis) no Brasil. <br \/>A Signis, segundo Gustavo, tem status de membro consultor perante a Organiza\u00e7\u00e3o das Na\u00e7\u00f5es Unidas para a Educa\u00e7\u00e3o, Ci\u00eancia e Cultura, Conselho Econ\u00f4mico e Social (Ecosoc), e Conselho da Europa e reconhecimento oficial da Santa S\u00e9 como Associa\u00e7\u00e3o Cat\u00f3lica Mundial para a Comunica\u00e7\u00e3o.<\/p>\n<p style=\"text-align: justify\">De acordo com Gustavo, o objetivo central da Associa\u00e7\u00e3o Cat\u00f3lica Mundial para Comunica\u00e7\u00e3o \u00e9 promover uma cultura de paz atrav\u00e9s da m\u00eddia: \u201cMuralhas e pontes se constroem com os mesmos materiais\u201d, considerou.<\/p>\n<p style=\"text-align: justify\">O presidente da Unda-Br, irm\u00e3o Lauro Pazeto, destacou o importante que a Signis-Br para a comunica\u00e7\u00e3o cat\u00f3lica no pa\u00eds. \u201cEstes encontros superam o que os meios nos proporcionam. Fazemos mais do que manipular instrumentos, nossos meios de comunica\u00e7\u00e3o t\u00eam sabido se colocar a servi\u00e7o do bem comum. Se a Unda conseguiu criar o que temos, imagine o potencial da Signis para a cria\u00e7\u00e3o de m\u00faltiplas redes\u201d, destacou irm\u00e3o Lauro.<\/p>\n<p style=\"text-align: justify\">A assessora da Comiss\u00e3o Episcopal Pastoral para Educa\u00e7\u00e3o, Cultura e Comunica\u00e7\u00e3o Social da CNBB, irm\u00e3 \u00c9lide Fogolari, transmitiu aos participantes palavras do presidente da Comiss\u00e3o, dom Orani Jo\u00e3o Tempesta: \u201cEsta assembleia sinaliza um passo importante para a Igreja no Brasil, t\u00e3o esperado e desejado no sentido de favorecer e fortalecer todas as organiza\u00e7\u00f5es que representam os meios de comunica\u00e7\u00e3o\u201d.<\/p>\n<p style=\"text-align: justify\">\u201cEstes encontros superam o que meios nos proporcionam. Nos deslocamentos e h\u00e1 muito o que podemos ver e ouvir. Fazemos mais do que manipular instrumentos, nossos meios de comunica\u00e7\u00e3o tem sabido se colocar a servi\u00e7o do bem comum. Se a Unda conseguiu criar o que temos, imagine o potencial da Signis para a cria\u00e7\u00e3o de m\u00faltiplas redes\u201d, destacou irm\u00e3o Lauro.<\/p>\n<p style=\"text-align: justify\">O encerramento do evento est\u00e1 previsto para sexta-feira, 3, ao meio dia.<\/p>\n","protected":false},"excerpt":{"rendered":"<p>Teve in\u00edcio na noite desta ter\u00e7a-feira, 30, a 12\u00aa Assembleia Geral da Associa\u00e7\u00e3o Cat\u00f3lica para o R\u00e1dio e Televis\u00e3o do Brasil (Unda-Brasil) e a 6\u00aa Assembleia da Rede Cat\u00f3lica de R\u00e1dio (RCR). O evento, que acontece em Curitiba (PR) e segue at\u00e9 o pr\u00f3ximo dia 3, ter\u00e1 car\u00e1ter hist\u00f3rico e extraordin\u00e1rio porque na ocasi\u00e3o ser\u00e1 &hellip;<\/p>\n<p class=\"read-more\"> <a class=\"\" href=\"https:\/\/www.cnbb.org.br\/convergencia-de-midias-e-tema-da-primeira-palestra-da-assembleia-geral-da-unda\/\"> <span class=\"screen-reader-text\">Converg\u00eancia de m\u00eddias \u00e9 tema da primeira palestra da Assembleia Geral da Unda<\/span> Leia mais &raquo;<\/a><\/p>\n","protected":false},"author":83,"featured_media":16065,"comment_status":"open","ping_status":"open","sticky":false,"template":"","format":"standard","meta":{"site-sidebar-layout":"default","site-content-layout":"default","ast-global-header-display":"","ast-banner-title-visibility":"","ast-main-header-display":"","ast-hfb-above-header-display":"","ast-hfb-below-header-display":"","ast-hfb-mobile-header-display":"","site-post-title":"","ast-breadcrumbs-content":"","ast-featured-img":"","footer-sml-layout":"","theme-transparent-header-meta":"","adv-header-id-meta":"","stick-header-meta":"","header-above-stick-meta":"","header-main-stick-meta":"","header-below-stick-meta":""},"categories":[748,878],"tags":[],"acf":[],"_links":{"self":[{"href":"https:\/\/www.cnbb.org.br\/cnbb-app\/wp\/v2\/posts\/16064"}],"collection":[{"href":"https:\/\/www.cnbb.org.br\/cnbb-app\/wp\/v2\/posts"}],"about":[{"href":"https:\/\/www.cnbb.org.br\/cnbb-app\/wp\/v2\/types\/post"}],"author":[{"embeddable":true,"href":"https:\/\/www.cnbb.org.br\/cnbb-app\/wp\/v2\/users\/83"}],"replies":[{"embeddable":true,"href":"https:\/\/www.cnbb.org.br\/cnbb-app\/wp\/v2\/comments?post=16064"}],"version-history":[{"count":0,"href":"https:\/\/www.cnbb.org.br\/cnbb-app\/wp\/v2\/posts\/16064\/revisions"}],"wp:featuredmedia":[{"embeddable":true,"href":"https:\/\/www.cnbb.org.br\/cnbb-app\/wp\/v2\/media\/16065"}],"wp:attachment":[{"href":"https:\/\/www.cnbb.org.br\/cnbb-app\/wp\/v2\/media?parent=16064"}],"wp:term":[{"taxonomy":"category","embeddable":true,"href":"https:\/\/www.cnbb.org.br\/cnbb-app\/wp\/v2\/categories?post=16064"},{"taxonomy":"post_tag","embeddable":true,"href":"https:\/\/www.cnbb.org.br\/cnbb-app\/wp\/v2\/tags?post=16064"}],"curies":[{"name":"wp","href":"https:\/\/api.w.org\/{rel}","templated":true}]}}