{"id":16068,"date":"2010-12-03T00:00:00","date_gmt":"2010-12-03T02:00:00","guid":{"rendered":"https:\/\/www.cnbb.org.br\/eleita-a-primeira-diretoria-da-signis-brasil\/"},"modified":"2010-12-03T00:00:00","modified_gmt":"2010-12-03T02:00:00","slug":"eleita-a-primeira-diretoria-da-signis-brasil","status":"publish","type":"post","link":"https:\/\/www.cnbb.org.br\/eleita-a-primeira-diretoria-da-signis-brasil\/","title":{"rendered":"Eleita a primeira diretoria da Signis Brasil"},"content":{"rendered":"<p style=\"text-align: justify\">A Unda-Brasil, associa\u00e7\u00e3o que re\u00fane as r\u00e1dios cat\u00f3licas do pa\u00eds, agora \u00e9 Signis-Brasil. A mudan\u00e7a foi confirmada pela 12\u00aa Assembleia da institui\u00e7\u00e3o que termina hoje, 3, em Curitiba. Ontem, 2, foi eleita a primeira diretoria da nova associa\u00e7\u00e3o que, a partir de agora, reunir\u00e1 n\u00e3o s\u00f3 as r\u00e1dios como todo os outros meios de comunica\u00e7\u00e3o cat\u00f3licos como TV, Internet e cinema.<\/p>\n<p>  <!--more-->  <\/p>\n<p style=\"text-align: justify\">A primeira presidente da Signis-Brasil \u00e9 a Ir. Helena Corazza, que deixa a presid\u00eancia da Rede Cat\u00f3lica de R\u00e1dio (RCR), outro organismo que tamb\u00e9m far\u00e1 parte da nova associa\u00e7\u00e3o. Para vice-presidente foi eleito o diretor da TV Aparecida, padre C\u00e9sar Moreira. O secret\u00e1rio ser\u00e1 o gerente da R\u00e1dio Aparecida, Ant\u00f4nio Celso Pineli, e o tesoureiro o diretor da R\u00e1dio Nova Alian\u00e7a, da arquidiocese de Bras\u00edlia, padre Andr\u00e9 Lima.<\/p>\n<p style=\"text-align: justify\">A Signis \u00e9 a Associa\u00e7\u00e3o Cat\u00f3lica Mundial de Comunica\u00e7\u00e3o, com sede em Bruxelas, ligada ao Pontif\u00edcio Conselho para as Comunica\u00e7\u00f5es. A Signis, que a partir de agora ter\u00e1 participa\u00e7\u00e3o Brasil com a cria\u00e7\u00e3o da Signis-Brasil,\u00a0 j\u00e1 conta com parceiros em 130 pa\u00edses. Ela representa a m\u00eddia cat\u00f3lica em v\u00e1rias organiza\u00e7\u00f5es e institui\u00e7\u00f5es governamentais e n\u00e3o-governamentais.<\/p>\n<p style=\"text-align: justify\">O presidente da Comiss\u00e3o Episcopal para a Cultura, Educa\u00e7\u00e3o e Comunica\u00e7\u00e3o da CNBB, Dom Orani Jo\u00e3o Tempesta, acompanhou todo o processo da cria\u00e7\u00e3o da Signis-Brasil, iniciado h\u00e1 mais de tr\u00eas anos, e saudou a diretoria eleita, garantindo-lhe o apoio da CNBB<\/p>\n<p style=\"text-align: justify\"><img decoding=\"async\" loading=\"lazy\" class=\" alignleft size-full wp-image-7644\" style=\"float: left\" alt=\"SignisBrasil2\" src=\"https:\/\/www.cnbb.org.br\/wp-content\/uploads\/2020\/03\/SignisBrasil2.jpg\" width=\"300\" height=\"225\" \/>\u201cA nova Diretoria da Signis est\u00e1 entregue em boas m\u00e3os, pessoas que conhecem Igreja e a comunica\u00e7\u00e3o da Igreja. O pr\u00f3prio advento nos prop\u00f5e esperan\u00e7a e confian\u00e7a. A Signis pode contar com a interlocu\u00e7\u00e3o da CNBB\u201d, disse dom Orani.<\/p>\n<p style=\"text-align: justify\">Dom Orani agradeceu ao Irm\u00e3o Lauro Pazeto, \u00faltimo diretor da Unda-Brasil, que conduziu o processo de cria\u00e7\u00e3o da Signis. \u201cIrm\u00e3o Lauro foi a alma desta mudan\u00e7a, deste passo. A comunica\u00e7\u00e3o no Brasil cresceu e necessit\u00e1vamos de um passo a mais j\u00e1 que a Signis d\u00e1 abertura a todas as m\u00eddias\u201d, disse o arcebispo.<\/p>\n<p style=\"text-align: justify\"><strong>RCR<\/strong><\/p>\n<p style=\"text-align: justify\">A Rede Cat\u00f3lica de R\u00e1dios (RCR), que realiza sua assembleia durante o encontro da Unda (Signis-Brasil), tamb\u00e9m elegeu sua nova diretoria. O frei Jo\u00e3o Carlos Romanini, da Rede Sul, foi eleito presidente. A primeira e segunda vice-presid\u00eancia ficaram, respectivamente, com \u00c2ngela de Morais, da R\u00e1dio Imaculada Concei\u00e7\u00e3o, e Diego Joaquim Pereira, da R\u00e1dio Difusora de Goi\u00e2nia.<\/p>\n<p style=\"text-align: justify\">\u201cA hist\u00f3ria da RCR teve um primeiro momento de cria\u00e7\u00e3o, com o advento do sat\u00e9lite. Hoje, somos a nova gera\u00e7\u00e3o da RCR quando o fen\u00f4meno midi\u00e1tico exige novo olhar do r\u00e1dio na internet e da internet no r\u00e1dio. O grande desafio \u00e9 descobrir o fen\u00f4meno das novas m\u00eddias. N\u00e3o queremos ser concorrentes da Signis, mas somar no foco da evangeliza\u00e7\u00e3o e na miss\u00e3o da Igreja\u201d, disse o novo presidente da RCR.<\/p>\n","protected":false},"excerpt":{"rendered":"<p>A Unda-Brasil, associa\u00e7\u00e3o que re\u00fane as r\u00e1dios cat\u00f3licas do pa\u00eds, agora \u00e9 Signis-Brasil. A mudan\u00e7a foi confirmada pela 12\u00aa Assembleia da institui\u00e7\u00e3o que termina hoje, 3, em Curitiba. Ontem, 2, foi eleita a primeira diretoria da nova associa\u00e7\u00e3o que, a partir de agora, reunir\u00e1 n\u00e3o s\u00f3 as r\u00e1dios como todo os outros meios de comunica\u00e7\u00e3o &hellip;<\/p>\n<p class=\"read-more\"> <a class=\"\" href=\"https:\/\/www.cnbb.org.br\/eleita-a-primeira-diretoria-da-signis-brasil\/\"> <span class=\"screen-reader-text\">Eleita a primeira diretoria da Signis Brasil<\/span> Leia mais &raquo;<\/a><\/p>\n","protected":false},"author":83,"featured_media":16069,"comment_status":"open","ping_status":"open","sticky":false,"template":"","format":"standard","meta":{"site-sidebar-layout":"default","site-content-layout":"default","ast-global-header-display":"","ast-banner-title-visibility":"","ast-main-header-display":"","ast-hfb-above-header-display":"","ast-hfb-below-header-display":"","ast-hfb-mobile-header-display":"","site-post-title":"","ast-breadcrumbs-content":"","ast-featured-img":"","footer-sml-layout":"","theme-transparent-header-meta":"","adv-header-id-meta":"","stick-header-meta":"","header-above-stick-meta":"","header-main-stick-meta":"","header-below-stick-meta":""},"categories":[748,878],"tags":[],"acf":[],"_links":{"self":[{"href":"https:\/\/www.cnbb.org.br\/cnbb-app\/wp\/v2\/posts\/16068"}],"collection":[{"href":"https:\/\/www.cnbb.org.br\/cnbb-app\/wp\/v2\/posts"}],"about":[{"href":"https:\/\/www.cnbb.org.br\/cnbb-app\/wp\/v2\/types\/post"}],"author":[{"embeddable":true,"href":"https:\/\/www.cnbb.org.br\/cnbb-app\/wp\/v2\/users\/83"}],"replies":[{"embeddable":true,"href":"https:\/\/www.cnbb.org.br\/cnbb-app\/wp\/v2\/comments?post=16068"}],"version-history":[{"count":0,"href":"https:\/\/www.cnbb.org.br\/cnbb-app\/wp\/v2\/posts\/16068\/revisions"}],"wp:featuredmedia":[{"embeddable":true,"href":"https:\/\/www.cnbb.org.br\/cnbb-app\/wp\/v2\/media\/16069"}],"wp:attachment":[{"href":"https:\/\/www.cnbb.org.br\/cnbb-app\/wp\/v2\/media?parent=16068"}],"wp:term":[{"taxonomy":"category","embeddable":true,"href":"https:\/\/www.cnbb.org.br\/cnbb-app\/wp\/v2\/categories?post=16068"},{"taxonomy":"post_tag","embeddable":true,"href":"https:\/\/www.cnbb.org.br\/cnbb-app\/wp\/v2\/tags?post=16068"}],"curies":[{"name":"wp","href":"https:\/\/api.w.org\/{rel}","templated":true}]}}