{"id":16077,"date":"2011-05-30T00:00:00","date_gmt":"2011-05-30T03:00:00","guid":{"rendered":"https:\/\/www.cnbb.org.br\/arquidiocese-de-natal-prepara-atividades-para-celebrara-o-45o-dia-mundial-das-comunicacoes-sociais\/"},"modified":"2011-05-30T00:00:00","modified_gmt":"2011-05-30T03:00:00","slug":"arquidiocese-de-natal-prepara-atividades-para-celebrara-o-45o-dia-mundial-das-comunicacoes-sociais","status":"publish","type":"post","link":"https:\/\/www.cnbb.org.br\/arquidiocese-de-natal-prepara-atividades-para-celebrara-o-45o-dia-mundial-das-comunicacoes-sociais\/","title":{"rendered":"Arquidiocese de Natal prepara atividades para celebrar\u00e1 o 45\u00ba Dia Mundial das Comunica\u00e7\u00f5es Sociais"},"content":{"rendered":"<p style=\"text-align: justify\">H\u00e1 alguns anos, a arquidiocese de Natal (RN) realiza atividades para comemorar o Dia Mundial das Comunica\u00e7\u00f5es Sociais. No per\u00edodo de 3 a 5 de junho, as equipes paroquiais da Pastoral da Comunica\u00e7\u00e3o realizar\u00e3o o &#8220;Tr\u00edduo da Comunica\u00e7\u00e3o&#8221;, com diversas atividades. Na maioria delas, vai haver sess\u00e3o do Cinema Itinerante, exibindo filmes religiosos ou que tenham mensagem crist\u00e3; palestra sobre o tema da mensagem do papa ou outros assuntos relacionados \u00e0 comunica\u00e7\u00e3o; Feira Pastoral, com exposi\u00e7\u00e3o de trabalhos realizados pelas demais pastorais, nas par\u00f3quias; e a celebra\u00e7\u00e3o de missa, no domingo, 5 de junho.<\/p>\n<p><!--more--><\/p>\n<p style=\"text-align: justify\">Em n\u00edvel arquidiocesano, ser\u00e3o realizadas duas atividades, no dia 11 de junho. A primeira ser\u00e1 a &#8220;Missa da Comunica\u00e7\u00e3o&#8221;, \u00e0s 8h, na Catedral Metropolitana de Natal, presidida pelo arcebispo, dom Matias Patr\u00edcio de Mac\u00eado. Para essa celebra\u00e7\u00e3o, al\u00e9m dos agentes da Pastoral da Comunica\u00e7\u00e3o, s\u00e3o convidados estudantes e profissionais das mais variadas \u00e1reas da Comunica\u00e7\u00e3o, como jornalistas, radialistas, publicit\u00e1rios, rela\u00e7\u00f5es p\u00fablicas, blogueiros, comunicadores populares.<\/p>\n<p style=\"text-align: justify\">A segunda atividade ser\u00e1 uma oficina sobre &#8220;Como organizar uma hemeroteca&#8221;, no Centro Pastoral Dom Heitor Sales, da par\u00f3quia de Nossa Senhora da Apresenta\u00e7\u00e3o, na Cidade Alta. A oficina \u00e9 destinada aos agentes da Pastoral da Comunica\u00e7\u00e3o e ser\u00e1 ministrada pela Professora Margarida Dias, do Departamento de Hist\u00f3ria, da Universidade Federal do Rio Grande do Norte (UFRN).<\/p>\n<p style=\"text-align: justify\">As inscri\u00e7\u00f5es para a oficina est\u00e3o abertas at\u00e9 o dia 5 de junho e podem ser feitas, gratuitamente, pelo e-mail: pascom@arquidiocesedenatal.org.br.<\/p>\n","protected":false},"excerpt":{"rendered":"<p>H\u00e1 alguns anos, a arquidiocese de Natal (RN) realiza atividades para comemorar o Dia Mundial das Comunica\u00e7\u00f5es Sociais. No per\u00edodo de 3 a 5 de junho, as equipes paroquiais da Pastoral da Comunica\u00e7\u00e3o realizar\u00e3o o &#8220;Tr\u00edduo da Comunica\u00e7\u00e3o&#8221;, com diversas atividades. Na maioria delas, vai haver sess\u00e3o do Cinema Itinerante, exibindo filmes religiosos ou que &hellip;<\/p>\n<p class=\"read-more\"> <a class=\"\" href=\"https:\/\/www.cnbb.org.br\/arquidiocese-de-natal-prepara-atividades-para-celebrara-o-45o-dia-mundial-das-comunicacoes-sociais\/\"> <span class=\"screen-reader-text\">Arquidiocese de Natal prepara atividades para celebrar\u00e1 o 45\u00ba Dia Mundial das Comunica\u00e7\u00f5es Sociais<\/span> Leia mais &raquo;<\/a><\/p>\n","protected":false},"author":83,"featured_media":16078,"comment_status":"open","ping_status":"open","sticky":false,"template":"","format":"standard","meta":{"site-sidebar-layout":"default","site-content-layout":"default","ast-global-header-display":"","ast-banner-title-visibility":"","ast-main-header-display":"","ast-hfb-above-header-display":"","ast-hfb-below-header-display":"","ast-hfb-mobile-header-display":"","site-post-title":"","ast-breadcrumbs-content":"","ast-featured-img":"","footer-sml-layout":"","theme-transparent-header-meta":"","adv-header-id-meta":"","stick-header-meta":"","header-above-stick-meta":"","header-main-stick-meta":"","header-below-stick-meta":""},"categories":[748,878],"tags":[],"acf":[],"_links":{"self":[{"href":"https:\/\/www.cnbb.org.br\/cnbb-app\/wp\/v2\/posts\/16077"}],"collection":[{"href":"https:\/\/www.cnbb.org.br\/cnbb-app\/wp\/v2\/posts"}],"about":[{"href":"https:\/\/www.cnbb.org.br\/cnbb-app\/wp\/v2\/types\/post"}],"author":[{"embeddable":true,"href":"https:\/\/www.cnbb.org.br\/cnbb-app\/wp\/v2\/users\/83"}],"replies":[{"embeddable":true,"href":"https:\/\/www.cnbb.org.br\/cnbb-app\/wp\/v2\/comments?post=16077"}],"version-history":[{"count":0,"href":"https:\/\/www.cnbb.org.br\/cnbb-app\/wp\/v2\/posts\/16077\/revisions"}],"wp:featuredmedia":[{"embeddable":true,"href":"https:\/\/www.cnbb.org.br\/cnbb-app\/wp\/v2\/media\/16078"}],"wp:attachment":[{"href":"https:\/\/www.cnbb.org.br\/cnbb-app\/wp\/v2\/media?parent=16077"}],"wp:term":[{"taxonomy":"category","embeddable":true,"href":"https:\/\/www.cnbb.org.br\/cnbb-app\/wp\/v2\/categories?post=16077"},{"taxonomy":"post_tag","embeddable":true,"href":"https:\/\/www.cnbb.org.br\/cnbb-app\/wp\/v2\/tags?post=16077"}],"curies":[{"name":"wp","href":"https:\/\/api.w.org\/{rel}","templated":true}]}}