{"id":16085,"date":"2011-06-06T00:00:00","date_gmt":"2011-06-06T03:00:00","guid":{"rendered":"https:\/\/www.cnbb.org.br\/diocese-comemora-dia-mundial-das-comunicacoes-com-missa-e-lancamento-de-premio\/"},"modified":"2011-06-06T00:00:00","modified_gmt":"2011-06-06T03:00:00","slug":"diocese-comemora-dia-mundial-das-comunicacoes-com-missa-e-lancamento-de-premio","status":"publish","type":"post","link":"https:\/\/www.cnbb.org.br\/diocese-comemora-dia-mundial-das-comunicacoes-com-missa-e-lancamento-de-premio\/","title":{"rendered":"Diocese comemora Dia Mundial das Comunica\u00e7\u00f5es com missa e lan\u00e7amento de pr\u00eamio"},"content":{"rendered":"<p style=\"text-align: justify\">O Dia Mundial das Comunica\u00e7\u00f5es Sociais foi comemorado, na diocese de S\u00e3o Jos\u00e9 do Rio Preto (SP), com missa presidida por dom Paulo Mendes Peixoto. O encontro aconteceu no s\u00e1bado, 4, e reuniu lideran\u00e7as paroquiais e jornalistas dos ve\u00edculos de comunica\u00e7\u00e3o existentes na Regi\u00e3o.<\/p>\n<p><!--more--><\/p>\n<p style=\"text-align: justify\">A par\u00f3quia Santa Terezinha, escolhida pela Pascom para acolher os comunicadores, transmitiu a celebra\u00e7\u00e3o atrav\u00e9s do mais novo ve\u00edculo a servi\u00e7o da Igreja: a r\u00e1dio Esta\u00e7\u00e3o 104. Al\u00e9m dela, a Interativa FM e a Espa\u00e7o Aberto, tamb\u00e9m disponibilizaram suas grades de programa\u00e7\u00e3o para que a missa pudesse ser acompanhada em todos os 50 munic\u00edpios que formam a diocese. A Rede Vida de Televis\u00e3o fez a cobertura do evento.<\/p>\n<p style=\"text-align: justify\"><img decoding=\"async\" loading=\"lazy\" class=\" alignleft size-full wp-image-10150\" style=\"float: left\" src=\"https:\/\/www.cnbb.org.br\/wp-content\/uploads\/2020\/03\/Missa_da_Comunicao_1.jpg\" alt=\"Missa_da_Comunicao_1\" width=\"300\" height=\"201\" \/>Refletindo sobre a mensagem do Papa Bento XVI para o 45\u00ba Dia Mundial das Comunica\u00e7\u00f5es Sociais, dom Paulo Mendes Peixoto falou do papel exercido pela m\u00eddia na difus\u00e3o da verdade. \u201cH\u00e1 uma preocupa\u00e7\u00e3o muito grande da nossa Igreja com a comunica\u00e7\u00e3o. N\u00f3s ficamos maravilhados com a beleza desses instrumentos, mas sabemos que a \u2018era digital\u2019 tamb\u00e9m tem seus limites\u201d, alertou o bispo.<\/p>\n<h4 style=\"text-align: justify\">Incentivo<\/h4>\n<p style=\"text-align: justify\">J\u00e1 a coordenadora diocesana da Pascom, Lurdinha Barbosa, disse ter ficado satisfeita com a aproxima\u00e7\u00e3o entre a imprensa e a Igreja; em fun\u00e7\u00e3o da missa organizada pelo grupo. Outro motivo de alegria, segundo ela, foi o lan\u00e7amento do Pr\u00eamio \u201cPapa Jo\u00e3o Paulo II\u201d. A iniciativa destacar\u00e1, em 2012, os melhores trabalhos divididos em cinco categorias (r\u00e1dio, web, impresso, fotografia e pastoral). \u201cQueremos que as iniciativas contempladas sirvam de incentivo para toda a Diocese\u201d, explicou a coordenadora.<\/p>\n","protected":false},"excerpt":{"rendered":"<p>O Dia Mundial das Comunica\u00e7\u00f5es Sociais foi comemorado, na diocese de S\u00e3o Jos\u00e9 do Rio Preto (SP), com missa presidida por dom Paulo Mendes Peixoto. O encontro aconteceu no s\u00e1bado, 4, e reuniu lideran\u00e7as paroquiais e jornalistas dos ve\u00edculos de comunica\u00e7\u00e3o existentes na Regi\u00e3o.<\/p>\n","protected":false},"author":83,"featured_media":16086,"comment_status":"open","ping_status":"open","sticky":false,"template":"","format":"standard","meta":{"site-sidebar-layout":"default","site-content-layout":"default","ast-global-header-display":"","ast-banner-title-visibility":"","ast-main-header-display":"","ast-hfb-above-header-display":"","ast-hfb-below-header-display":"","ast-hfb-mobile-header-display":"","site-post-title":"","ast-breadcrumbs-content":"","ast-featured-img":"","footer-sml-layout":"","theme-transparent-header-meta":"","adv-header-id-meta":"","stick-header-meta":"","header-above-stick-meta":"","header-main-stick-meta":"","header-below-stick-meta":""},"categories":[748,878],"tags":[],"acf":[],"_links":{"self":[{"href":"https:\/\/www.cnbb.org.br\/cnbb-app\/wp\/v2\/posts\/16085"}],"collection":[{"href":"https:\/\/www.cnbb.org.br\/cnbb-app\/wp\/v2\/posts"}],"about":[{"href":"https:\/\/www.cnbb.org.br\/cnbb-app\/wp\/v2\/types\/post"}],"author":[{"embeddable":true,"href":"https:\/\/www.cnbb.org.br\/cnbb-app\/wp\/v2\/users\/83"}],"replies":[{"embeddable":true,"href":"https:\/\/www.cnbb.org.br\/cnbb-app\/wp\/v2\/comments?post=16085"}],"version-history":[{"count":0,"href":"https:\/\/www.cnbb.org.br\/cnbb-app\/wp\/v2\/posts\/16085\/revisions"}],"wp:featuredmedia":[{"embeddable":true,"href":"https:\/\/www.cnbb.org.br\/cnbb-app\/wp\/v2\/media\/16086"}],"wp:attachment":[{"href":"https:\/\/www.cnbb.org.br\/cnbb-app\/wp\/v2\/media?parent=16085"}],"wp:term":[{"taxonomy":"category","embeddable":true,"href":"https:\/\/www.cnbb.org.br\/cnbb-app\/wp\/v2\/categories?post=16085"},{"taxonomy":"post_tag","embeddable":true,"href":"https:\/\/www.cnbb.org.br\/cnbb-app\/wp\/v2\/tags?post=16085"}],"curies":[{"name":"wp","href":"https:\/\/api.w.org\/{rel}","templated":true}]}}