{"id":16087,"date":"2011-06-20T00:00:00","date_gmt":"2011-06-20T03:00:00","guid":{"rendered":"https:\/\/www.cnbb.org.br\/diocese-de-picos-comemora-o-dia-mundial-das-comunicacoes-sociais\/"},"modified":"2011-06-20T00:00:00","modified_gmt":"2011-06-20T03:00:00","slug":"diocese-de-picos-comemora-o-dia-mundial-das-comunicacoes-sociais","status":"publish","type":"post","link":"https:\/\/www.cnbb.org.br\/diocese-de-picos-comemora-o-dia-mundial-das-comunicacoes-sociais\/","title":{"rendered":"Diocese de Picos comemora o Dia Mundial das Comunica\u00e7\u00f5es Sociais"},"content":{"rendered":"<p style=\"text-align: justify\">A diocese de Picos (PI) comemorou neste domingo, 19, o 45\u00ba Dia Mundial das Comunica\u00e7\u00f5es Sociais, reunindo profissionais e estudantes da \u00e1rea, bem como agentes da Pascom de diversas par\u00f3quias.<\/p>\n<p><!--more--><\/p>\n<p style=\"text-align: justify\">A comemora\u00e7\u00e3o teve in\u00edcio com uma missa na Catedral Nossa Senhora dos Rem\u00e9dios, presidida pelo bispo diocesano, dom Pl\u00ednio Jos\u00e9, concelebrada pelos padres Greg\u00f3rio Leal Lustosa, Francisco Pereira Borges e pelo di\u00e1cono Carlos Danilo. Como forma de integra\u00e7\u00e3o, os comunicadores participaram ativamente desempenhando as fun\u00e7\u00f5es lit\u00fargicas dentro da Celebra\u00e7\u00e3o Eucar\u00edstica, no domingo em que a Igreja celebrou a Sant\u00edssima Trindade.<\/p>\n<p style=\"text-align: justify\"><img decoding=\"async\" loading=\"lazy\" class=\" alignleft size-full wp-image-10348\" style=\"float: left\" src=\"https:\/\/www.cnbb.org.br\/wp-content\/uploads\/2020\/03\/diamundialpicos3.jpg\" alt=\"diamundialpicos3\" width=\"300\" height=\"201\" \/>O 45\u00ba Dia Mundial das Comunica\u00e7\u00f5es Social teve como data oficial o dia 5, dia da Ascens\u00e3o do Senhor, na diocese de Picos este evento foi transferida para 19 tendo em vista a realiza\u00e7\u00e3o da 7\u00aa Caminhada da Solidariedade e da Paz, que todos os anos acontece no primeiro domingo do m\u00eas de junho.<\/p>\n<p style=\"text-align: justify\">Ap\u00f3s a missa, os comunicadores e agentes da Pastoral da Comunica\u00e7\u00e3o assistiram a uma palestra com o di\u00e1cono Carlos Danilo, sobre a mensagem do papa Bento XVI para esta data, com o tema \u201cVerdade, An\u00fancio e Autenticidade de Vida, na Era Digital\u201d. Na oportunidade o di\u00e1cono ressaltou a import\u00e2ncia da boa utiliza\u00e7\u00e3o das redes sociais para a evangeliza\u00e7\u00e3o, promo\u00e7\u00e3o da vida e para a pr\u00f3pria comunica\u00e7\u00e3o \u00e1gil, no entanto chamou aten\u00e7\u00e3o para a necessidade de fortalecimento das rela\u00e7\u00f5es interpessoais, que n\u00e3o devem ser substitu\u00eddas pelo contato virtual.<\/p>\n<p style=\"text-align: justify\">Ap\u00f3s a palestra foram anunciados os vencedores do 2\u00ba Concurso Cultural da Pascom, que premiou as melhores mat\u00e9rias publicadas em sites, portais e blogs sobre o tema \u201cCaminhada da Solidariedade e da Paz\u201d.<\/p>\n<p style=\"text-align: justify\">Em primeiro lugar o rep\u00f3rter e estudante de comunica\u00e7\u00e3o Edson de Sousa Costa, com a mat\u00e9ria \u201cCentenas de pessoas participam de caminhada pela paz\u201d. Edson atingiu a pontua\u00e7\u00e3o de 30.9 e foi premiado com um Netbook. Em segundo lugar o rep\u00f3rter e estudante de comunica\u00e7\u00e3o Jos\u00e9 Maria de Sousa Barros, com a mat\u00e9ria \u201cCidade de Deus: gesto concreto da Caminhada da Solidariedade e da Paz transforma vida de comunidade carente\u201d. Jos\u00e9 Maria atingiu a pontua\u00e7\u00e3o 30.3 e foi premiado com R$ 200,00 (duzentos reais) em dinheiro.<\/p>\n<p style=\"text-align: justify\">Ao todo, 15 (quinze) mat\u00e9rias concorreram aos pr\u00eamios do Concurso Cultural da Pascom. Cada jurado deu notas entre 0 (zero) e 10 (dez), portanto, a pontua\u00e7\u00e3o m\u00e1xima era de 40 (quarenta) pontos.<\/p>\n","protected":false},"excerpt":{"rendered":"<p>A diocese de Picos (PI) comemorou neste domingo, 19, o 45\u00ba Dia Mundial das Comunica\u00e7\u00f5es Sociais, reunindo profissionais e estudantes da \u00e1rea, bem como agentes da Pascom de diversas par\u00f3quias.<\/p>\n","protected":false},"author":83,"featured_media":16088,"comment_status":"open","ping_status":"open","sticky":false,"template":"","format":"standard","meta":{"site-sidebar-layout":"default","site-content-layout":"default","ast-global-header-display":"","ast-banner-title-visibility":"","ast-main-header-display":"","ast-hfb-above-header-display":"","ast-hfb-below-header-display":"","ast-hfb-mobile-header-display":"","site-post-title":"","ast-breadcrumbs-content":"","ast-featured-img":"","footer-sml-layout":"","theme-transparent-header-meta":"","adv-header-id-meta":"","stick-header-meta":"","header-above-stick-meta":"","header-main-stick-meta":"","header-below-stick-meta":""},"categories":[748,878],"tags":[],"acf":[],"_links":{"self":[{"href":"https:\/\/www.cnbb.org.br\/cnbb-app\/wp\/v2\/posts\/16087"}],"collection":[{"href":"https:\/\/www.cnbb.org.br\/cnbb-app\/wp\/v2\/posts"}],"about":[{"href":"https:\/\/www.cnbb.org.br\/cnbb-app\/wp\/v2\/types\/post"}],"author":[{"embeddable":true,"href":"https:\/\/www.cnbb.org.br\/cnbb-app\/wp\/v2\/users\/83"}],"replies":[{"embeddable":true,"href":"https:\/\/www.cnbb.org.br\/cnbb-app\/wp\/v2\/comments?post=16087"}],"version-history":[{"count":0,"href":"https:\/\/www.cnbb.org.br\/cnbb-app\/wp\/v2\/posts\/16087\/revisions"}],"wp:featuredmedia":[{"embeddable":true,"href":"https:\/\/www.cnbb.org.br\/cnbb-app\/wp\/v2\/media\/16088"}],"wp:attachment":[{"href":"https:\/\/www.cnbb.org.br\/cnbb-app\/wp\/v2\/media?parent=16087"}],"wp:term":[{"taxonomy":"category","embeddable":true,"href":"https:\/\/www.cnbb.org.br\/cnbb-app\/wp\/v2\/categories?post=16087"},{"taxonomy":"post_tag","embeddable":true,"href":"https:\/\/www.cnbb.org.br\/cnbb-app\/wp\/v2\/tags?post=16087"}],"curies":[{"name":"wp","href":"https:\/\/api.w.org\/{rel}","templated":true}]}}