{"id":16131,"date":"2012-03-22T00:00:00","date_gmt":"2012-03-22T03:00:00","guid":{"rendered":"https:\/\/www.cnbb.org.br\/mensagem-do-papa-para-o-dia-mundial-das-comunicacoes-e-enviada-para-dioceses-de-todo-o-pais\/"},"modified":"2012-03-22T00:00:00","modified_gmt":"2012-03-22T03:00:00","slug":"mensagem-do-papa-para-o-dia-mundial-das-comunicacoes-e-enviada-para-dioceses-de-todo-o-pais","status":"publish","type":"post","link":"https:\/\/www.cnbb.org.br\/mensagem-do-papa-para-o-dia-mundial-das-comunicacoes-e-enviada-para-dioceses-de-todo-o-pais\/","title":{"rendered":"Mensagem do Papa para o Dia Mundial das Comunica\u00e7\u00f5es \u00e9 enviada para dioceses de todo o pa\u00eds"},"content":{"rendered":"<p style=\"text-align: justify\">No pr\u00f3ximo dia 20 de maio de 2012, solenidade da Ascens\u00e3o do Senhor, ser\u00e1 celebrado o 46\u00ba Dia Mundial das Comunica\u00e7\u00f5es Sociais. O tema proposto para este ano pelo papa Bento XVI em sua mensagem para esta data \u00e9 \u201cSil\u00eancio e Palavra: caminho de evangeliza\u00e7\u00e3o\u201d.<\/p>\n<p><!--more--><\/p>\n<p style=\"text-align: justify\">Para ajudar no aprofundamento da tem\u00e1tica, a Comiss\u00e3o Episcopal Pastoral para a Comunica\u00e7\u00e3o da CNBB enviou para todas as Arquidioceses e Dioceses do Brasil um livreto contendo a mensagem do papa; uma reflex\u00e3o do presidente da Comiss\u00e3o, dom Dimas Lara Barbosa; e sugest\u00f5es de como celebrar a data.<\/p>\n<p style=\"text-align: justify\">\u201cDesejamos que esta data seja comemorada com todo o Povo de Deus, para que a Igreja no Brasil se comprometa cada vez mais a comunicar Cristo a todos com a cultura da comunica\u00e7\u00e3o gerada pelas novas tecnologias\u201d, afirmou a assessora da Comiss\u00e3o para a Comunica\u00e7\u00e3o, Ir. \u00c9lide Fogolari.<\/p>\n<p style=\"text-align: justify\">A Comiss\u00e3o tamb\u00e9m agradece \u00e0s editoras Paulus e Paulinas, que se revezam na impress\u00e3o gratuita dos 15 mil exemplares a cada ano, bem como \u00e0 Maria Luz Fernandes, da Arquidiocese de Vit\u00f3ria, que elaborou as sugest\u00f5es de celebra\u00e7\u00e3o que est\u00e3o no livreto.<\/p>\n<p style=\"text-align: justify\">Os exemplares j\u00e1 foram enviados via correio e cada diocese faz a distribui\u00e7\u00e3o em suas par\u00f3quias. Como o n\u00famero de exemplares \u00e9 limitado, a CNBB tamb\u00e9m disponibiliza o material para download. <a href=\"http:\/\/cnbbjoomla.sitesparresia.com\/wp-content\/uploads\/sites\/85\/2012\/03\/Livreto_Silencio_e_Palavra.pdf\" target=\"_blank\" rel=\"noopener\">Basta clicar aqui<\/a>.<\/p>\n<h4><a href=\"http:\/\/cnbbjoomla.sitesparresia.com\/wp-content\/uploads\/sites\/85\/2012\/03\/temasDiasMundiaisComunicacao.doc\" target=\"_blank\" rel=\"noopener noreferrer\">Confira os temas dos Dias Mundiais da Comunica\u00e7\u00f5es Sociais.<\/a><\/h4>\n","protected":false},"excerpt":{"rendered":"<p>No pr\u00f3ximo dia 20 de maio de 2012, solenidade da Ascens\u00e3o do Senhor, ser\u00e1 celebrado o 46\u00ba Dia Mundial das Comunica\u00e7\u00f5es Sociais. O tema proposto para este ano pelo papa Bento XVI em sua mensagem para esta data \u00e9 \u201cSil\u00eancio e Palavra: caminho de evangeliza\u00e7\u00e3o\u201d.<\/p>\n","protected":false},"author":83,"featured_media":16132,"comment_status":"open","ping_status":"open","sticky":false,"template":"","format":"standard","meta":{"site-sidebar-layout":"default","site-content-layout":"default","ast-global-header-display":"","ast-banner-title-visibility":"","ast-main-header-display":"","ast-hfb-above-header-display":"","ast-hfb-below-header-display":"","ast-hfb-mobile-header-display":"","site-post-title":"","ast-breadcrumbs-content":"","ast-featured-img":"","footer-sml-layout":"","theme-transparent-header-meta":"","adv-header-id-meta":"","stick-header-meta":"","header-above-stick-meta":"","header-main-stick-meta":"","header-below-stick-meta":""},"categories":[748,878],"tags":[],"acf":[],"_links":{"self":[{"href":"https:\/\/www.cnbb.org.br\/cnbb-app\/wp\/v2\/posts\/16131"}],"collection":[{"href":"https:\/\/www.cnbb.org.br\/cnbb-app\/wp\/v2\/posts"}],"about":[{"href":"https:\/\/www.cnbb.org.br\/cnbb-app\/wp\/v2\/types\/post"}],"author":[{"embeddable":true,"href":"https:\/\/www.cnbb.org.br\/cnbb-app\/wp\/v2\/users\/83"}],"replies":[{"embeddable":true,"href":"https:\/\/www.cnbb.org.br\/cnbb-app\/wp\/v2\/comments?post=16131"}],"version-history":[{"count":0,"href":"https:\/\/www.cnbb.org.br\/cnbb-app\/wp\/v2\/posts\/16131\/revisions"}],"wp:featuredmedia":[{"embeddable":true,"href":"https:\/\/www.cnbb.org.br\/cnbb-app\/wp\/v2\/media\/16132"}],"wp:attachment":[{"href":"https:\/\/www.cnbb.org.br\/cnbb-app\/wp\/v2\/media?parent=16131"}],"wp:term":[{"taxonomy":"category","embeddable":true,"href":"https:\/\/www.cnbb.org.br\/cnbb-app\/wp\/v2\/categories?post=16131"},{"taxonomy":"post_tag","embeddable":true,"href":"https:\/\/www.cnbb.org.br\/cnbb-app\/wp\/v2\/tags?post=16131"}],"curies":[{"name":"wp","href":"https:\/\/api.w.org\/{rel}","templated":true}]}}