{"id":16134,"date":"2012-03-24T00:00:00","date_gmt":"2012-03-24T03:00:00","guid":{"rendered":"https:\/\/www.cnbb.org.br\/5o-encontro-de-jornalistas-debate-comunicacao-e-formacao-de-rede-de-comunicadores\/"},"modified":"2012-03-24T00:00:00","modified_gmt":"2012-03-24T03:00:00","slug":"5o-encontro-de-jornalistas-debate-comunicacao-e-formacao-de-rede-de-comunicadores","status":"publish","type":"post","link":"https:\/\/www.cnbb.org.br\/5o-encontro-de-jornalistas-debate-comunicacao-e-formacao-de-rede-de-comunicadores\/","title":{"rendered":"5\u00ba Encontro de Jornalistas debate Comunica\u00e7\u00e3o e forma\u00e7\u00e3o de rede de comunicadores"},"content":{"rendered":"<p style=\"text-align: justify\">Na noite de ontem, 23, foi aberto oficialmente o 5\u00ba Encontro com os Jornalistas das Dioceses, Regionais e Organismos da CNBB. O evento \u00e9 organizado pela Assessoria de Imprensa da Confer\u00eancia dos Bispos do Brasil e re\u00fane 74 pessoas de v\u00e1rias partes do pa\u00eds. A Casa de Retiros Assun\u00e7\u00e3o, em Bras\u00edlia (DF) \u00e9 o local do encontro, que segue at\u00e9 domingo, 25.<\/p>\n<p><!--more--><\/p>\n<p style=\"text-align: justify\">O assessor de imprensa da CNBB, padre Rafael Vieira, fez a acolhida e deu as boas vindas ao grupo. Ap\u00f3s as apresenta\u00e7\u00f5es, o padre Rafael destacou a constru\u00e7\u00e3o de uma rede de correspondentes, fazendo um paralelo com o tema do encontro: \u201cJornalismo em Rede &#8211; um desafio para a Igreja\u201d.<\/p>\n<p style=\"text-align: justify\"><img decoding=\"async\" loading=\"lazy\" class=\" alignright size-full wp-image-13970\" style=\"float: right\" src=\"https:\/\/www.cnbb.org.br\/wp-content\/uploads\/2020\/03\/pegeraldomediador.jpg\" alt=\"pegeraldomediador\" width=\"300\" height=\"199\" \/>Na manh\u00e3 de hoje, 24, o palestrante convidado e que fala sobre \u201cExperi\u00eancia de jornalismo em rede no r\u00e1dio, TV e internet\u201d, \u00e9 o jornalista Sidney Rezende, jornalista da rede Globo News e professor da Pontif\u00edcia Universidade Cat\u00f3lica do Rio de Janeiro (PUC-Rio). O mediador do debate \u00e9 o ex-assessor de imprensa e atual assessor pol\u00edtico da CNBB, padre Geraldo Martins.<\/p>\n<p style=\"text-align: justify\">Segundo Sidney, quem n\u00e3o incorporar a Comunica\u00e7\u00e3o em seus projetos profissionais n\u00e3o vai avan\u00e7ar no mercado. Falando sobre gest\u00e3o da informa\u00e7\u00e3o, o jornalista disse que um desafio para a gera\u00e7\u00e3o presente \u00e9 \u201cachar o ponto de equil\u00edbrio na comunica\u00e7\u00e3o\u201d.<\/p>\n<p style=\"text-align: justify\"><img decoding=\"async\" loading=\"lazy\" class=\" alignleft size-full wp-image-13971\" style=\"float: left\" src=\"https:\/\/www.cnbb.org.br\/wp-content\/uploads\/2020\/03\/sidneyrezendeencontrojornalistas.jpg\" alt=\"sidneyrezendeencontrojornalistas\" width=\"300\" height=\"336\" \/>\u201cO mundo est\u00e1 em transforma\u00e7\u00e3o r\u00e1pida. Acordamos mais cedo e dormimos mais tarde. Nunca se vendeu tanto rem\u00e9dios para dormir quanto nos dias atuais, mostrando que a humanidade vive um paradigma influenciado pelo consumo da informa\u00e7\u00e3o acelerada\u201d., disse Sidney fazendo uma provoca\u00e7\u00e3o \u00e0 Igreja: \u201cQual \u00e9 o papel da Igreja nesse mundo?\u201d, questionou.<\/p>\n<p style=\"text-align: justify\">O jornalista, que foi um dos fundadores da rede Central Brasileira de Not\u00edcias (CBN), destacou que a sociedade vive \u201cagruras\u201d por falta de comunica\u00e7\u00e3o. \u201cA chave para mudarmos o mundo \u00e9 o di\u00e1logo. Temos que criar mais canais de comunica\u00e7\u00e3o. Devemos fazer com que a sociedade seja mais humana, fraterna e que olhe para os mais necessitados\u201d.<\/p>\n","protected":false},"excerpt":{"rendered":"<p>Na noite de ontem, 23, foi aberto oficialmente o 5\u00ba Encontro com os Jornalistas das Dioceses, Regionais e Organismos da CNBB. O evento \u00e9 organizado pela Assessoria de Imprensa da Confer\u00eancia dos Bispos do Brasil e re\u00fane 74 pessoas de v\u00e1rias partes do pa\u00eds. A Casa de Retiros Assun\u00e7\u00e3o, em Bras\u00edlia (DF) \u00e9 o local &hellip;<\/p>\n<p class=\"read-more\"> <a class=\"\" href=\"https:\/\/www.cnbb.org.br\/5o-encontro-de-jornalistas-debate-comunicacao-e-formacao-de-rede-de-comunicadores\/\"> <span class=\"screen-reader-text\">5\u00ba Encontro de Jornalistas debate Comunica\u00e7\u00e3o e forma\u00e7\u00e3o de rede de comunicadores<\/span> Leia mais &raquo;<\/a><\/p>\n","protected":false},"author":83,"featured_media":16135,"comment_status":"open","ping_status":"open","sticky":false,"template":"","format":"standard","meta":{"site-sidebar-layout":"default","site-content-layout":"default","ast-global-header-display":"","ast-banner-title-visibility":"","ast-main-header-display":"","ast-hfb-above-header-display":"","ast-hfb-below-header-display":"","ast-hfb-mobile-header-display":"","site-post-title":"","ast-breadcrumbs-content":"","ast-featured-img":"","footer-sml-layout":"","theme-transparent-header-meta":"","adv-header-id-meta":"","stick-header-meta":"","header-above-stick-meta":"","header-main-stick-meta":"","header-below-stick-meta":""},"categories":[748,878],"tags":[],"acf":[],"_links":{"self":[{"href":"https:\/\/www.cnbb.org.br\/cnbb-app\/wp\/v2\/posts\/16134"}],"collection":[{"href":"https:\/\/www.cnbb.org.br\/cnbb-app\/wp\/v2\/posts"}],"about":[{"href":"https:\/\/www.cnbb.org.br\/cnbb-app\/wp\/v2\/types\/post"}],"author":[{"embeddable":true,"href":"https:\/\/www.cnbb.org.br\/cnbb-app\/wp\/v2\/users\/83"}],"replies":[{"embeddable":true,"href":"https:\/\/www.cnbb.org.br\/cnbb-app\/wp\/v2\/comments?post=16134"}],"version-history":[{"count":0,"href":"https:\/\/www.cnbb.org.br\/cnbb-app\/wp\/v2\/posts\/16134\/revisions"}],"wp:featuredmedia":[{"embeddable":true,"href":"https:\/\/www.cnbb.org.br\/cnbb-app\/wp\/v2\/media\/16135"}],"wp:attachment":[{"href":"https:\/\/www.cnbb.org.br\/cnbb-app\/wp\/v2\/media?parent=16134"}],"wp:term":[{"taxonomy":"category","embeddable":true,"href":"https:\/\/www.cnbb.org.br\/cnbb-app\/wp\/v2\/categories?post=16134"},{"taxonomy":"post_tag","embeddable":true,"href":"https:\/\/www.cnbb.org.br\/cnbb-app\/wp\/v2\/tags?post=16134"}],"curies":[{"name":"wp","href":"https:\/\/api.w.org\/{rel}","templated":true}]}}