{"id":16141,"date":"2012-04-21T00:00:00","date_gmt":"2012-04-21T03:00:00","guid":{"rendered":"https:\/\/www.cnbb.org.br\/entrega-dos-premios-de-comunicacao-da-cnbb\/"},"modified":"2012-04-21T00:00:00","modified_gmt":"2012-04-21T03:00:00","slug":"entrega-dos-premios-de-comunicacao-da-cnbb","status":"publish","type":"post","link":"https:\/\/www.cnbb.org.br\/entrega-dos-premios-de-comunicacao-da-cnbb\/","title":{"rendered":"Entrega dos Pr\u00eamios de Comunica\u00e7\u00e3o da CNBB"},"content":{"rendered":"<p style=\"text-align: justify\">As TVs de inspira\u00e7\u00e3o cat\u00f3lica transmitiram na noite desta sexta-feira, 20 de abril, diretamente de Aparecida (SP,) a cerim\u00f4nia de entrega dos pr\u00eamios da CNBB. Apresentada pelos jornalistas Dudu Prado e Lilian de Paula e animada pela Banda \u201cDom\u201d.<\/p>\n<p><!--more--><\/p>\n<p style=\"text-align: justify\">A solenidade teve a participa\u00e7\u00e3o do Cardeal Raymundo Damasceno, arcebispo de Aparecida e presidente da CNBB,\u00a0 dom Orani Jo\u00e2o Tempesta, arcebispo do Rio de Janeiro, dom Dom Dimas Lara Barbosa, arcebispo de Campo Grande (MS) e presidente da Comiss\u00e3o Episcopal Pastoral da CNBB, dom Geraldo Lyrio Rocha, arcebispo de Mariana (MG) ex-presidente da CNBB. Tamb\u00e9m participou do programa o Cardeal Dom Geraldo Majella Agnello.<\/p>\n<p style=\"text-align: justify\">V\u00e1rios outros bispos que participam da 50\u00aa. Assembleia tamb\u00e9m acompanharam a apresenta\u00e7\u00e3o nos est\u00fadios da TV Aparecida. Entre eles estavam o Cardeal Arcebispo de S\u00e3o Paulo, dom Odilo Pedro Scherer e dom Leonardo Steiner, secret\u00e1rio geral da CNBB. Os familiares dos ganhadores, a diretoria da Rede Aparecida e membros das par\u00f3quias de Aparecida lotaram o audit\u00f3rio do est\u00fadio.<\/p>\n<p style=\"text-align: justify\">O programa teve quatro blocos. No primeiro foram entregues os pr\u00eamios \u201cClara de Assis\u201d de TV e os ganhadores foram: a TV Nazar\u00e9 com o document\u00e1rio \u201cMarujada\u201d sobre os negros em uma festa popular do Par\u00e1; a TV Senado com uma reportagem a respeito do consumo de drogas \u00e1lcool; A TV PUC Ri com reportagem com o t\u00edtulo \u201cFilhos do abandono\u201d e a TV Aparecida com uma reportagem especial sobre o lixo que, no momento da entrega, fez uma homenagem ao jovem cinegrafista Rodrigo Calquist, falecido recentemente.<\/p>\n<p style=\"text-align: justify\">No segundo bloco foram entregues os pr\u00eamios \u201cDom H\u00e9lder C\u00e2mara\u201d de Imprensa. Os agraciados foram: \u201cMeninos condenados\u201d, uma s\u00e9rie de reportagens do Jornal Zero Hora, de Porto Alegre (RS) que trata da entidade que substituiu a Febem no Rio Grande do Sul; \u201cExterm\u00ednio silencioso\u201d, mat\u00e9ria da Revista Fam\u00edlia Crist\u00e2, de S\u00e2o Paulo (SP), a respeito do exterm\u00ednio dos \u00edndios Guarani Kawoa, no Mato Grosso do Sul e recebeu Men\u00e7\u00e3o Honrosa, uma mat\u00e9ria do Portal Terra a respeito da situa\u00e7\u00e3o da sa\u00fade p\u00fablica em Alagoas.<\/p>\n<p style=\"text-align: justify\">Os pr\u00eamios de R\u00e1dio foram entregues no terceiro bloco do programa. Os programas que foram agraciados com o \u201cMicrofone de Prata\u201d na cerim\u00f4nia: \u201cPor dentro do assunto\u201d da R\u00e1dio Mensagem 1470 AM de Jacare\u00ed (SP); \u201cNovo C\u00f3digo do processo Civil \u2013 uma justi\u00e7a mais r\u00e1pida\u201d da R\u00e1dio Senado, Bras\u00edlia (DF) e o programa \u201cNossas igrejas, uma express\u00e3o de f\u00e9, arte e cultura\u201d da R\u00e1dio 9 de Julho, da arquidiocese de S\u00e3o Paulo.<\/p>\n<p style=\"text-align: justify\">O \u00faltimo bloco do programa foi dedicado aos pr\u00eamios \u201cMargarida de Prata\u201d concedidos \u00e0 produ\u00e7\u00f5es de cinema. Os ganhadores foram: \u201cAs Can\u00e7\u00f5es\u201d de Eduardo Coutinho; \u201cDi\u00e1rio de uma busca\u201d de Fl\u00e1via Castro. O longa-metragem \u201cA sombra de um del\u00edrio verde\u201d de Cristiano Navarro Peres e outro longa, o filme de Nelson Pereira dos Santos, \u201cA m\u00fasica segundo Tom Jobim\u201d.<\/p>\n","protected":false},"excerpt":{"rendered":"<p>As TVs de inspira\u00e7\u00e3o cat\u00f3lica transmitiram na noite desta sexta-feira, 20 de abril, diretamente de Aparecida (SP,) a cerim\u00f4nia de entrega dos pr\u00eamios da CNBB. Apresentada pelos jornalistas Dudu Prado e Lilian de Paula e animada pela Banda \u201cDom\u201d.<\/p>\n","protected":false},"author":83,"featured_media":8040,"comment_status":"open","ping_status":"open","sticky":false,"template":"","format":"standard","meta":{"site-sidebar-layout":"default","site-content-layout":"default","ast-global-header-display":"","ast-banner-title-visibility":"","ast-main-header-display":"","ast-hfb-above-header-display":"","ast-hfb-below-header-display":"","ast-hfb-mobile-header-display":"","site-post-title":"","ast-breadcrumbs-content":"","ast-featured-img":"","footer-sml-layout":"","theme-transparent-header-meta":"","adv-header-id-meta":"","stick-header-meta":"","header-above-stick-meta":"","header-main-stick-meta":"","header-below-stick-meta":""},"categories":[748,878],"tags":[],"acf":[],"_links":{"self":[{"href":"https:\/\/www.cnbb.org.br\/cnbb-app\/wp\/v2\/posts\/16141"}],"collection":[{"href":"https:\/\/www.cnbb.org.br\/cnbb-app\/wp\/v2\/posts"}],"about":[{"href":"https:\/\/www.cnbb.org.br\/cnbb-app\/wp\/v2\/types\/post"}],"author":[{"embeddable":true,"href":"https:\/\/www.cnbb.org.br\/cnbb-app\/wp\/v2\/users\/83"}],"replies":[{"embeddable":true,"href":"https:\/\/www.cnbb.org.br\/cnbb-app\/wp\/v2\/comments?post=16141"}],"version-history":[{"count":0,"href":"https:\/\/www.cnbb.org.br\/cnbb-app\/wp\/v2\/posts\/16141\/revisions"}],"wp:featuredmedia":[{"embeddable":true,"href":"https:\/\/www.cnbb.org.br\/cnbb-app\/wp\/v2\/media\/8040"}],"wp:attachment":[{"href":"https:\/\/www.cnbb.org.br\/cnbb-app\/wp\/v2\/media?parent=16141"}],"wp:term":[{"taxonomy":"category","embeddable":true,"href":"https:\/\/www.cnbb.org.br\/cnbb-app\/wp\/v2\/categories?post=16141"},{"taxonomy":"post_tag","embeddable":true,"href":"https:\/\/www.cnbb.org.br\/cnbb-app\/wp\/v2\/tags?post=16141"}],"curies":[{"name":"wp","href":"https:\/\/api.w.org\/{rel}","templated":true}]}}