{"id":16142,"date":"2012-05-02T00:00:00","date_gmt":"2012-05-02T03:00:00","guid":{"rendered":"https:\/\/www.cnbb.org.br\/retirada-acusacao-de-pedofilia-contra-o-papa\/"},"modified":"2012-05-02T00:00:00","modified_gmt":"2012-05-02T03:00:00","slug":"retirada-acusacao-de-pedofilia-contra-o-papa","status":"publish","type":"post","link":"https:\/\/www.cnbb.org.br\/retirada-acusacao-de-pedofilia-contra-o-papa\/","title":{"rendered":"Retirada acusa\u00e7\u00e3o de pedofilia contra o Papa"},"content":{"rendered":"<p style=\"text-align: right\"><strong><span style=\"font-size: 12pt\">Dom Redovino Rizzardo<br \/>Bispo de Dourados (MS)<\/span><\/strong><\/p>\n<p style=\"text-align: justify\">No dia 13 de fevereiro de 2012, a imprensa noticiou que o processo instaurado em abril de 2010 num tribunal federal de Wisconsin, nos Estados Unidos, contra o Papa Bento XVI, movido por uma suposta v\u00edtima de um sacerdote ped\u00f3filo, foi retirado pela parte querelante por falta de provas! De acordo com a acusa\u00e7\u00e3o, o ent\u00e3o cardeal Ratzinger teria sido negligente e omisso no exerc\u00edcio do cargo de respons\u00e1vel pela Congrega\u00e7\u00e3o para a Doutrina da F\u00e9, um organismo da Igreja encarregado de tutelar a f\u00e9 e os bons costumes dos fi\u00e9is cat\u00f3licos e de \u201ccastigar\u201d os prevaricadores!<\/p>\n<p>  <!--more-->  <\/p>\n<p style=\"text-align: justify\">A not\u00edcia recebeu uma avalanche de coment\u00e1rios na internet, a maior parte deles \u2013 como sempre acontece \u2013 negativos. Trago apenas tr\u00eas. O primeiro \u00e9 c\u00e1ustico: \u00abComo muitas empresas, a Igreja tem os seus podres. A diferen\u00e7a \u00e9 que ela vende um produto inexistente, aproveitando-se da ignor\u00e2ncia das pessoas\u00bb.<\/p>\n<p style=\"text-align: justify\">O segundo tende para a maturidade: \u00abComo s\u00e3o ing\u00eanuos e mal intencionados os que generalizam os crimes cometidos por alguns padres criminosos! Assim fazendo, dever\u00edamos condenar a medicina, o direito e a sociedade como um todo, constitu\u00eddo de maus integrantes. Precisamos ser mais prudentes antes de condenar justos e injustos, caso contr\u00e1rio n\u00f3s tamb\u00e9m estamos inclu\u00eddos na mesma massa!\u00bb.<\/p>\n<p style=\"text-align: justify\">O terceiro questiona o papel da imprensa: \u00abApesar de n\u00e3o professar qualquer tipo de religi\u00e3o, desejo expressar meu rep\u00fadio contra essa mat\u00e9ria. Ao ver o t\u00edtulo escolhido, imagina-se que o Papa estava envolvido num caso de pedofilia. Contudo, ao ler o restante da not\u00edcia, fica claro que o med\u00edocre jornalista que escreveu esse lixo quis apenas levar os incautos a acreditar num abuso que nunca existiu!\u00bb.<\/p>\n<p style=\"text-align: justify\">Nos mesmos dias, ap\u00f3s ter sido acusada de n\u00e3o ter feito o suficiente na defesa das v\u00edtimas e, sobretudo, na condena\u00e7\u00e3o dos culpados, a Confer\u00eancia Nacional dos Bispos do Brasil divulgou uma nota a respeito. A ocasi\u00e3o foi o simp\u00f3sio organizado pelo Vaticano em Roma, de 6 a 9 de fevereiro de 2012, para bispos e superiores religiosos, no intuito de os ajudar a enfrentar com sabedoria e coragem os casos de pedofilia entre o clero. Trazemos alguns t\u00f3picos da declara\u00e7\u00e3o.<\/p>\n<p style=\"text-align: justify\">Primeiramente, a CNBB afirma que n\u00e3o ficou de bra\u00e7os cruzados diante do problema: \u00abNos \u00faltimos anos, diversas den\u00fancias de abusos sexuais contra menores cometidos por membros do clero causaram dor e feridas \u00e0 Igreja, em diversas partes do mundo. Essas a\u00e7\u00f5es delituosas ocorreram tamb\u00e9m em nosso pa\u00eds. A Confer\u00eancia Nacional dos Bispos do Brasil tem se preocupado em discutir e refletir sobre este tema e em buscar caminhos para prevenir, combater e eliminar esses abusos e outros, que n\u00e3o condizem com a vida e a miss\u00e3o do presb\u00edtero. Com este escopo, diversas a\u00e7\u00f5es efetivas e concretas foram e est\u00e3o sendo realizadas pelo episcopado brasileiro\u00bb.<\/p>\n<p style=\"text-align: justify\">Durante o simp\u00f3sio romano, Dom Charles Scicluna declarara, em nome da Congrega\u00e7\u00e3o para a Doutrina da F\u00e9, que \u00abquem engana, quem n\u00e3o denuncia, \u00e9 inimigo da justi\u00e7a e, consequentemente, da Igreja\u00bb. Fazendo eco a essa advert\u00eancia, a nota da CNBB explica: \u00abA posi\u00e7\u00e3o consolidada \u00e9 a de que n\u00e3o h\u00e1 lugar para impunidade e sil\u00eancio ou coniv\u00eancia para com aqueles que cometem tais atos abomin\u00e1veis. Toda e qualquer v\u00edtima indefesa de a\u00e7\u00e3o pecaminosa de um cl\u00e9rigo exige aten\u00e7\u00e3o, prote\u00e7\u00e3o e acompanhamento\u00bb.<\/p>\n<p style=\"text-align: justify\">Por fim, conclui reafirmando a orienta\u00e7\u00e3o que brota de suas convic\u00e7\u00f5es e rege suas atitudes: \u00abFiel ao evangelho de Cristo, a Igreja Cat\u00f3lica no Brasil, corajosamente, se coloca do lado dos indefesos, dos pequenos. Em \u00e2mbito local, nas dioceses em que ocorreram den\u00fancias de casos de abusos sexuais contra menores cometidos por cl\u00e9rigos, a atitude tem sido sempre a de colabora\u00e7\u00e3o com as autoridades p\u00fablicas, de puni\u00e7\u00e3o dos culpados e de assist\u00eancia \u00e0s v\u00edtimas. Ainda h\u00e1 muito que fazer n\u00e3o somente no \u00e2mbito interno da Igreja, mas tamb\u00e9m da sociedade. N\u00e3o existem caminhos prontos. A CNBB, com as orienta\u00e7\u00f5es da Santa S\u00e9, se encontra em um caminho efetivo de convers\u00e3o e renova\u00e7\u00e3o para que seja hoje e sempre fiel \u00e0 miss\u00e3o que lhe foi confiada por Jesus Cristo de anunciar o Evangelho, Caminho, Verdade e Vida, a todos os povos\u00bb.<\/p>\n","protected":false},"excerpt":{"rendered":"<p>Dom Redovino RizzardoBispo de Dourados (MS) No dia 13 de fevereiro de 2012, a imprensa noticiou que o processo instaurado em abril de 2010 num tribunal federal de Wisconsin, nos Estados Unidos, contra o Papa Bento XVI, movido por uma suposta v\u00edtima de um sacerdote ped\u00f3filo, foi retirado pela parte querelante por falta de provas! &hellip;<\/p>\n<p class=\"read-more\"> <a class=\"\" href=\"https:\/\/www.cnbb.org.br\/retirada-acusacao-de-pedofilia-contra-o-papa\/\"> <span class=\"screen-reader-text\">Retirada acusa\u00e7\u00e3o de pedofilia contra o Papa<\/span> Leia mais &raquo;<\/a><\/p>\n","protected":false},"author":83,"featured_media":0,"comment_status":"open","ping_status":"open","sticky":false,"template":"","format":"standard","meta":{"site-sidebar-layout":"default","site-content-layout":"default","ast-global-header-display":"","ast-banner-title-visibility":"","ast-main-header-display":"","ast-hfb-above-header-display":"","ast-hfb-below-header-display":"","ast-hfb-mobile-header-display":"","site-post-title":"","ast-breadcrumbs-content":"","ast-featured-img":"","footer-sml-layout":"","theme-transparent-header-meta":"","adv-header-id-meta":"","stick-header-meta":"","header-above-stick-meta":"","header-main-stick-meta":"","header-below-stick-meta":""},"categories":[748,878],"tags":[],"acf":[],"_links":{"self":[{"href":"https:\/\/www.cnbb.org.br\/cnbb-app\/wp\/v2\/posts\/16142"}],"collection":[{"href":"https:\/\/www.cnbb.org.br\/cnbb-app\/wp\/v2\/posts"}],"about":[{"href":"https:\/\/www.cnbb.org.br\/cnbb-app\/wp\/v2\/types\/post"}],"author":[{"embeddable":true,"href":"https:\/\/www.cnbb.org.br\/cnbb-app\/wp\/v2\/users\/83"}],"replies":[{"embeddable":true,"href":"https:\/\/www.cnbb.org.br\/cnbb-app\/wp\/v2\/comments?post=16142"}],"version-history":[{"count":0,"href":"https:\/\/www.cnbb.org.br\/cnbb-app\/wp\/v2\/posts\/16142\/revisions"}],"wp:attachment":[{"href":"https:\/\/www.cnbb.org.br\/cnbb-app\/wp\/v2\/media?parent=16142"}],"wp:term":[{"taxonomy":"category","embeddable":true,"href":"https:\/\/www.cnbb.org.br\/cnbb-app\/wp\/v2\/categories?post=16142"},{"taxonomy":"post_tag","embeddable":true,"href":"https:\/\/www.cnbb.org.br\/cnbb-app\/wp\/v2\/tags?post=16142"}],"curies":[{"name":"wp","href":"https:\/\/api.w.org\/{rel}","templated":true}]}}