{"id":16164,"date":"2012-09-21T00:00:00","date_gmt":"2012-09-21T03:00:00","guid":{"rendered":"https:\/\/www.cnbb.org.br\/radio-a-comunicacao-mais-popular\/"},"modified":"2012-09-21T00:00:00","modified_gmt":"2012-09-21T03:00:00","slug":"radio-a-comunicacao-mais-popular","status":"publish","type":"post","link":"https:\/\/www.cnbb.org.br\/radio-a-comunicacao-mais-popular\/","title":{"rendered":"R\u00e1dio, a comunica\u00e7\u00e3o mais popular"},"content":{"rendered":"<p style=\"text-align: justify\">Comemoram-se em 21 de setembro e no pr\u00f3ximo dia 25, o Dia do R\u00e1dio e o Dia da Radiodifus\u00e3o, respectivamente.<\/p>\n<p style=\"text-align: justify\">Ve\u00edculo de comunica\u00e7\u00e3o baseado nos contatos, ou seja, na difus\u00e3o de informa\u00e7\u00f5es sonoras, o r\u00e1dio \u00e9 o mais popular ve\u00edculo de comunica\u00e7\u00e3o e o de maior acesso das pessoas. Segundo o fundador da Radiodifus\u00e3o no Brasil, Edgard Roquette-Pinto, \u201cO r\u00e1dio \u00e9 o jornal de quem n\u00e3o sabe ler, \u00e9 o mestre de quem n\u00e3o pode ir \u00e0 escola, \u00e9 o divertimento gratuito do pobre\u201d.<\/p>\n<p><!--more--><\/p>\n<p style=\"text-align: justify\">A hist\u00f3ria do R\u00e1dio come\u00e7ou com Michael Faraday, cientista ingl\u00eas, quando, em 1831, descobriu a indu\u00e7\u00e3o magn\u00e9tica. Mais tarde, ainda na Inglaterra, James Maxwell, em 1863, deu o passo decisivo ao demonstrar a probabilidade da exist\u00eancia de ondas eletromagn\u00e9ticas. Ele presumiu que um movimento ondulat\u00f3rio se propaga de um campo indutor ao induzido atrav\u00e9s do \u00e9ter. Anos mais tarde teorizou que a velocidade de propaga\u00e7\u00e3o do campo magn\u00e9tico \u00e9 igual \u00e0 da velocidade da luz e que esta, portanto, seria uma onda eletromagn\u00e9tica.<\/p>\n<p style=\"text-align: justify\">Thomas Edison, estadunidense, deu um passo de imensa colabora\u00e7\u00e3o ao descobrir, em 1883, que colocando em uma ampulheta de cristal um filamento e uma placa de metal separada entre si e ligando-se o filamento ao negativo e uma bateria e a placa ao positivo, constatava-se a passagem de uma corrente el\u00e9trica da placa para o filamento e nunca o sentido contr\u00e1rio. Era a descoberta da v\u00e1lvula de Edison, precursora da v\u00e1lvula de r\u00e1dio ou v\u00e1lvula termi\u00f4nica. Mais tarde, o tamb\u00e9m estadunidense Lee De Forest criou a v\u00e1lvula termoi\u00f4nica.<\/p>\n<p style=\"text-align: justify\">Vinte e quatro anos depois, o alem\u00e3o Henrich Hertz fez saltar fa\u00edscas atrav\u00e9s do ar que separavam duas bolas de cobre. Esses quilociclos (unidade de frequ\u00eancia de ondas eletromagn\u00e9ticas, us. esp. em radiodifus\u00e3o, igual a 1.000 ciclos por segundo [s\u00edmb.: kc] passaram a ser chamados \u201cquilo-hertz\u201d.<\/p>\n<p style=\"text-align: justify\">Outros cientistas foram dando suas contribui\u00e7\u00f5es at\u00e9 chegarmos ao Pe. Landell de Moura, no Brasil, e a Guglielmo Marconi, na It\u00e1lia. Aquele construiu aparelhos que possibilitavam a telefonia, com fio ou sem, a telegrafia fon\u00e9tica sem fio, apresentados em 1896. Um desses aparelhos efetuou, em 1893, a primeira transmiss\u00e3o radiof\u00f4nica do mundo, a emiss\u00e3o e recep\u00e7\u00e3o de sinais a uma dist\u00e2ncia de kms, do Bairro de Santana \u2013 Col\u00e9gio S\u00e3o Jos\u00e9 &#8211; para o ponto mais alto a Av. Paulista, onde hoje se encontra o Col\u00e9gio S\u00e3o Lu\u00eds. Foi a cobertura de 8 kms.<\/p>\n<p style=\"text-align: justify\">Portanto, Pe. Landell de Moura foi o primeiro t\u00e9cnico de r\u00e1dio, primeiro montador e reparador, primeiro locutor a falar em um microfone, primeiro produtor de programas e primeiro gestor de uma emissora de r\u00e1dio.<\/p>\n<p style=\"text-align: justify\">Contudo, a demonstra\u00e7\u00e3o p\u00fablica dos estudos de Pe. Landell s\u00f3 ocorreu em 1900, na Inglaterra, depois da demonstra\u00e7\u00e3o tamb\u00e9m p\u00fablica de Marconi, no mesmo pa\u00eds. Por incr\u00edvel que pare\u00e7a, o brasileiro foi prejudicado pelos pr\u00f3prios compatriotas que viam em seu invento a obra do dem\u00f4nio, quando destru\u00edram toda a aparelhagem. Tamb\u00e9m as autoridades eclesi\u00e1sticas o prejudicaram enquanto viam no criativo sacerdote um risco e, por isso, o transferiam de uma cidade a outra. Isso atrapalhou n\u00e3o apenas seu trabalho cient\u00edfico, como prejudicou a gl\u00f3ria de um brasileiro em ser aceito, sem contesta\u00e7\u00f5es, como o criador do r\u00e1dio.<\/p>\n<p style=\"text-align: justify\">Marconi realizou, em 1895, testes de transmiss\u00e3o de sinais sem fio pela dist\u00e2ncia de 400 metros e depois pela dist\u00e2ncia de dois kil\u00f4metros. Ele tamb\u00e9m descobriu o princ\u00edpio do funcionamento da antena.<\/p>\n<p style=\"text-align: justify\">Em 1896 Marconi obtinha a patente de seu invento. Contudo, no final do s\u00e9culo XIX, a Suprema Corte dos EUA atribuiu a Nikola Tesla a inven\u00e7\u00e3o do R\u00e1dio, tendo como obje\u00e7\u00e3o ao italiano ter usado 19 patentes de Tesla em seu projeto.<\/p>\n<p style=\"text-align: justify\"><strong>O R\u00e1dio no Brasil<\/strong><\/p>\n<p style=\"text-align: justify\">Para comemorar os Cem anos da Independ\u00eancia do Brasil uma esta\u00e7\u00e3o de r\u00e1dio foi instalada, pela Westinghouse, no morro do Corcovado. Foram ao ar o discurso do Presidente da Rep\u00fablica, Epit\u00e1cio Pessoa, proferido na Praia Vermelha, e m\u00fasicas.<\/p>\n<p style=\"text-align: justify\">A primeira emissora foi a R\u00e1dio Sociedade do Rio de Janeiro, fundada em 1923 pelo m\u00e9dico, professor, antrop\u00f3logo e escritor Edgard Roquette-Pinto.<\/p>\n<p style=\"text-align: justify\">Em 1936 ela foi entregue ao Minist\u00e9rio da Educa\u00e7\u00e3o e Cultura \u2013 MEC e hoje \u00e9 denominada R\u00e1dio MEC. Apesar de estar ligada ao Governo, a R\u00e1dio MEC jamais perdeu sua autonomia e at\u00e9 hoje mantem o objetivo de ser essencialmente educativa.<\/p>\n<p style=\"text-align: justify\">Naquele ano lojas especializadas j\u00e1 vendiam aparelhos de r\u00e1dio. Hoje podemos dizer que mais de 99% dos brasileiros possuem r\u00e1dio.<\/p>\n<p style=\"text-align: justify\">Em 2005 foram iniciadas em terras brasileiras as primeiras transmiss\u00f5es de r\u00e1dio no sistema digital.<\/p>\n<p style=\"text-align: justify\"><strong>R\u00e1dio Vaticano<\/strong><\/p>\n<p style=\"text-align: justify\">Criada por Guglielmo Marconi, a pedido do Papa Pio XI, que a inaugurou solenemente no dia 12 de fevereiro de 1931, a R\u00e1dio Vaticano, tamb\u00e9m chamada de \u201cA R\u00e1dio do Papa\u201d, veio \u00e0 luz para que o Sumo Pont\u00edfice pudesse se comunicar livremente, al\u00e9m das fronteiras do Vaticano, com os fi\u00e9is do mundo inteiro.<\/p>\n<p style=\"text-align: justify\">.Inicialmente apenas em latim e italiano, a R\u00e1dio Vaticano j\u00e1 em 1939 transmitiu em 9 idiomas os eventos: o conclave, a elei\u00e7\u00e3o e a cerimonia de coroa\u00e7\u00e3o do Papa Pio XII.<\/p>\n<p style=\"text-align: justify\">Hoje, a RV, possui 40 reda\u00e7\u00f5es lingu\u00edsticas e entrou de cheio na era digital, dando um forte enfoque \u00e0s suas p\u00e1ginas WEB e tamb\u00e9m \u00e0s novas m\u00eddias.<\/p>\n","protected":false},"excerpt":{"rendered":"<p>Comemoram-se em 21 de setembro e no pr\u00f3ximo dia 25, o Dia do R\u00e1dio e o Dia da Radiodifus\u00e3o, respectivamente. Ve\u00edculo de comunica\u00e7\u00e3o baseado nos contatos, ou seja, na difus\u00e3o de informa\u00e7\u00f5es sonoras, o r\u00e1dio \u00e9 o mais popular ve\u00edculo de comunica\u00e7\u00e3o e o de maior acesso das pessoas. Segundo o fundador da Radiodifus\u00e3o no &hellip;<\/p>\n<p class=\"read-more\"> <a class=\"\" href=\"https:\/\/www.cnbb.org.br\/radio-a-comunicacao-mais-popular\/\"> <span class=\"screen-reader-text\">R\u00e1dio, a comunica\u00e7\u00e3o mais popular<\/span> Leia mais &raquo;<\/a><\/p>\n","protected":false},"author":83,"featured_media":16165,"comment_status":"open","ping_status":"open","sticky":false,"template":"","format":"standard","meta":{"site-sidebar-layout":"default","site-content-layout":"default","ast-global-header-display":"","ast-banner-title-visibility":"","ast-main-header-display":"","ast-hfb-above-header-display":"","ast-hfb-below-header-display":"","ast-hfb-mobile-header-display":"","site-post-title":"","ast-breadcrumbs-content":"","ast-featured-img":"","footer-sml-layout":"","theme-transparent-header-meta":"","adv-header-id-meta":"","stick-header-meta":"","header-above-stick-meta":"","header-main-stick-meta":"","header-below-stick-meta":""},"categories":[748,878],"tags":[],"acf":[],"_links":{"self":[{"href":"https:\/\/www.cnbb.org.br\/cnbb-app\/wp\/v2\/posts\/16164"}],"collection":[{"href":"https:\/\/www.cnbb.org.br\/cnbb-app\/wp\/v2\/posts"}],"about":[{"href":"https:\/\/www.cnbb.org.br\/cnbb-app\/wp\/v2\/types\/post"}],"author":[{"embeddable":true,"href":"https:\/\/www.cnbb.org.br\/cnbb-app\/wp\/v2\/users\/83"}],"replies":[{"embeddable":true,"href":"https:\/\/www.cnbb.org.br\/cnbb-app\/wp\/v2\/comments?post=16164"}],"version-history":[{"count":0,"href":"https:\/\/www.cnbb.org.br\/cnbb-app\/wp\/v2\/posts\/16164\/revisions"}],"wp:featuredmedia":[{"embeddable":true,"href":"https:\/\/www.cnbb.org.br\/cnbb-app\/wp\/v2\/media\/16165"}],"wp:attachment":[{"href":"https:\/\/www.cnbb.org.br\/cnbb-app\/wp\/v2\/media?parent=16164"}],"wp:term":[{"taxonomy":"category","embeddable":true,"href":"https:\/\/www.cnbb.org.br\/cnbb-app\/wp\/v2\/categories?post=16164"},{"taxonomy":"post_tag","embeddable":true,"href":"https:\/\/www.cnbb.org.br\/cnbb-app\/wp\/v2\/tags?post=16164"}],"curies":[{"name":"wp","href":"https:\/\/api.w.org\/{rel}","templated":true}]}}