{"id":16170,"date":"2012-10-17T00:00:00","date_gmt":"2012-10-17T03:00:00","guid":{"rendered":"https:\/\/www.cnbb.org.br\/apresentado-no-sinodo-filme-sobre-o-cristianismo-na-europa\/"},"modified":"2012-10-17T00:00:00","modified_gmt":"2012-10-17T03:00:00","slug":"apresentado-no-sinodo-filme-sobre-o-cristianismo-na-europa","status":"publish","type":"post","link":"https:\/\/www.cnbb.org.br\/apresentado-no-sinodo-filme-sobre-o-cristianismo-na-europa\/","title":{"rendered":"Apresentado no S\u00ednodo filme sobre o Cristianismo na Europa"},"content":{"rendered":"<p style=\"text-align: justify\">Na segunda-feira \u00e0 noite, 15, ap\u00f3s a \u00faltima sess\u00e3o do S\u00ednodo dos Bispos, no Vaticano, foi apresentado a v\u00e1rios padres Sinodais o filme &#8220;Sinos da Europa&#8221;, sobre o tema das rela\u00e7\u00f5es entre Cristianismo, a cultura europeia e o futuro do continente.<\/p>\n<p>  <!--more-->  <\/p>\n<p style=\"text-align: justify\">O filme apresenta trechos de uma s\u00e9rie de entrevistas originais e excepcionais com grandes personalidades religiosas como o Papa Bento XVI, o Patriarca Ecum\u00eanico Bartolomeu I, o Patriarca de Moscou, Cirilo, o Arcebispo anglicano de Cantu\u00e1ria, Dr. Rowan Williams.<\/p>\n<p style=\"text-align: justify\">A ideia unificadora do filme \u00e9 dada pelo som dos sinos de diferentes lugares do continente e da fus\u00e3o de um sino na antiga fundi\u00e7\u00e3o de Agnone. A trilha sonora \u00e9 feita com m\u00fasicas do compositor estoniano Arvo P\u00e4rt. Tamb\u00e9m ele foi entrevistado, e explicou como se inspirou para produzir os sons met\u00e1licos dos sinos.<\/p>\n<p style=\"text-align: justify\">Realizado pelo Centro Televisivo do Vaticano, e baseado em uma id\u00e9ia de Padre Germanos Marani, com o apoio de diversas institui\u00e7\u00f5es, incluindo a Funda\u00e7\u00e3o Gregoriana, o filme est\u00e1 agora \u00e0 disposi\u00e7\u00e3o de RAI Cinema, que det\u00e9m os direitos para a sua difus\u00e3o.<\/p>\n<p style=\"text-align: justify\">Um arquivo com os textos completos de entrevistas realizadas durante o filme, em italiano e ingl\u00eas, foi distribu\u00eddo a todos os participantes do S\u00ednodo.<\/p>\n<p style=\"text-align: justify\">Destaca-se em primeiro lugar a entrevista feita com o Santo Padre Bento XVI, que explicou as raz\u00f5es da sua esperan\u00e7a? \u201cA primeira raz\u00e3o da esperan\u00e7a \u2013 disse &#8211; reside no fato de que o desejo de Deus, a busca de Deus \u00e9 profundamente escrita em cada alma humana e n\u00e3o pode desaparecer. A segunda raz\u00e3o da minha esperan\u00e7a \u2013 continuou Bento XVI &#8211; est\u00e1 no fato de que o Evangelho de Jesus Cristo, a f\u00e9 em Cristo \u00e9 simplesmente verdadeira.\u201d<\/p>\n","protected":false},"excerpt":{"rendered":"<p>Na segunda-feira \u00e0 noite, 15, ap\u00f3s a \u00faltima sess\u00e3o do S\u00ednodo dos Bispos, no Vaticano, foi apresentado a v\u00e1rios padres Sinodais o filme &#8220;Sinos da Europa&#8221;, sobre o tema das rela\u00e7\u00f5es entre Cristianismo, a cultura europeia e o futuro do continente.<\/p>\n","protected":false},"author":83,"featured_media":2566,"comment_status":"open","ping_status":"open","sticky":false,"template":"","format":"standard","meta":{"site-sidebar-layout":"default","site-content-layout":"default","ast-global-header-display":"","ast-banner-title-visibility":"","ast-main-header-display":"","ast-hfb-above-header-display":"","ast-hfb-below-header-display":"","ast-hfb-mobile-header-display":"","site-post-title":"","ast-breadcrumbs-content":"","ast-featured-img":"","footer-sml-layout":"","theme-transparent-header-meta":"","adv-header-id-meta":"","stick-header-meta":"","header-above-stick-meta":"","header-main-stick-meta":"","header-below-stick-meta":""},"categories":[748,878],"tags":[],"acf":[],"_links":{"self":[{"href":"https:\/\/www.cnbb.org.br\/cnbb-app\/wp\/v2\/posts\/16170"}],"collection":[{"href":"https:\/\/www.cnbb.org.br\/cnbb-app\/wp\/v2\/posts"}],"about":[{"href":"https:\/\/www.cnbb.org.br\/cnbb-app\/wp\/v2\/types\/post"}],"author":[{"embeddable":true,"href":"https:\/\/www.cnbb.org.br\/cnbb-app\/wp\/v2\/users\/83"}],"replies":[{"embeddable":true,"href":"https:\/\/www.cnbb.org.br\/cnbb-app\/wp\/v2\/comments?post=16170"}],"version-history":[{"count":0,"href":"https:\/\/www.cnbb.org.br\/cnbb-app\/wp\/v2\/posts\/16170\/revisions"}],"wp:featuredmedia":[{"embeddable":true,"href":"https:\/\/www.cnbb.org.br\/cnbb-app\/wp\/v2\/media\/2566"}],"wp:attachment":[{"href":"https:\/\/www.cnbb.org.br\/cnbb-app\/wp\/v2\/media?parent=16170"}],"wp:term":[{"taxonomy":"category","embeddable":true,"href":"https:\/\/www.cnbb.org.br\/cnbb-app\/wp\/v2\/categories?post=16170"},{"taxonomy":"post_tag","embeddable":true,"href":"https:\/\/www.cnbb.org.br\/cnbb-app\/wp\/v2\/tags?post=16170"}],"curies":[{"name":"wp","href":"https:\/\/api.w.org\/{rel}","templated":true}]}}