{"id":16175,"date":"2012-12-07T00:00:00","date_gmt":"2012-12-07T02:00:00","guid":{"rendered":"https:\/\/www.cnbb.org.br\/arquidiocese-de-juiz-de-fora-premia-jornalistas-no-2o-trofeu-imprensa\/"},"modified":"2012-12-07T00:00:00","modified_gmt":"2012-12-07T02:00:00","slug":"arquidiocese-de-juiz-de-fora-premia-jornalistas-no-2o-trofeu-imprensa","status":"publish","type":"post","link":"https:\/\/www.cnbb.org.br\/arquidiocese-de-juiz-de-fora-premia-jornalistas-no-2o-trofeu-imprensa\/","title":{"rendered":"Arquidiocese de Juiz de Fora premia jornalistas no 2\u00ba Trof\u00e9u Imprensa"},"content":{"rendered":"<p style=\"text-align: justify\">Nessa quarta-feira, 5 de dezembro, jornalistas e autoridades de Juiz de Fora (MG) e regi\u00e3o se reuniram no Semin\u00e1rio Arquidiocesano Santo Ant\u00f4nio para a premia\u00e7\u00e3o do 2\u00ba Trof\u00e9u Imprensa Arquidiocese JF. Com o tema \u201cO lado humano do cotidiano\u201d, profissionais foram premiados em quatro categorias: R\u00e1dio, TV, Impresso e Fotografia. Cerca de 80 pessoas estiveram presentes na cerim\u00f4nia, que foi conduzida pelo arcebispo metropolitano de Juiz de Fora, dom Gil Ant\u00f4nio Moreira.<\/p>\n<p><!--more--><\/p>\n<p style=\"text-align: justify\">Os profissionais premiados foram: Categoria R\u00e1dio (Trof\u00e9u Pe. Wilson Vale) \u2013 Danielle Quinelato, da R\u00e1dio Energia, com a mat\u00e9ria \u201cAnivers\u00e1rio da Associa\u00e7\u00e3o dos Cegos\u201d; Categoria TV (Trof\u00e9u Dom Geraldo Penido) \u2013 Michele Pacheco, da TV Alterosa, com a mat\u00e9ria \u201cDia do Bombeiro \u2013 Her\u00f3is de Verdade\u201d; Categoria Impresso (Trof\u00e9u Monsenhor Burnier) \u2013 Daniela Arbex, do Tribuna de Minas, com a mat\u00e9ria \u201cSupera\u00e7\u00e3o e esperan\u00e7a nas ruas\u201d e Categoria fotojornalismo (Trof\u00e9u Monsenhor Miguel Falabella) \u2013 \u00c2ngelo Savastano, do Di\u00e1rio Regional, com a fotografia \u201cVisita \u00e0 base de pacifica\u00e7\u00e3o, Morro do Alem\u00e3o e Penha\u201d.<\/p>\n<p style=\"text-align: justify\">\u201cO que interessa \u00e9 a dignidade e o progresso da pessoa humana. E isso os jornalistas sabem fazer com seu trabalho na comunica\u00e7\u00e3o\u201d, destacou o arcebispo metropolitano, dom Gil Ant\u00f4nio Moreira.<\/p>\n<p style=\"text-align: justify\">O coordenador da Pastoral da Comunica\u00e7\u00e3o (Pascom), padre Ant\u00f4nio Camilo de Paiva, falou sobre a mensagem do papa Bento XVI para o Dia Mundial das Comunica\u00e7\u00f5es 2012, que teve como tema \u201cSil\u00eancio e Palavra: caminho da evangeliza\u00e7\u00e3o\u201d. Para o sacerdote tamb\u00e9m \u00e9 papel do jornalista enxergar o lado humano na realidade corriqueira.<\/p>\n<p style=\"text-align: justify\">A cerim\u00f4nia foi encerrada com um jantar de confraterniza\u00e7\u00e3o para os profissionais presentes.<\/p>\n<p style=\"text-align: justify\">O Trof\u00e9u Imprensa Arquidiocese JF teve a primeira edi\u00e7\u00e3o em outubro de 2011 e premia produtos jornal\u00edsticos de meios laicos da regi\u00e3o pertencente a Igreja Particular (Juiz de Fora e mais 36 cidades da regi\u00e3o).<\/p>\n","protected":false},"excerpt":{"rendered":"<p>Nessa quarta-feira, 5 de dezembro, jornalistas e autoridades de Juiz de Fora (MG) e regi\u00e3o se reuniram no Semin\u00e1rio Arquidiocesano Santo Ant\u00f4nio para a premia\u00e7\u00e3o do 2\u00ba Trof\u00e9u Imprensa Arquidiocese JF. Com o tema \u201cO lado humano do cotidiano\u201d, profissionais foram premiados em quatro categorias: R\u00e1dio, TV, Impresso e Fotografia. Cerca de 80 pessoas estiveram &hellip;<\/p>\n<p class=\"read-more\"> <a class=\"\" href=\"https:\/\/www.cnbb.org.br\/arquidiocese-de-juiz-de-fora-premia-jornalistas-no-2o-trofeu-imprensa\/\"> <span class=\"screen-reader-text\">Arquidiocese de Juiz de Fora premia jornalistas no 2\u00ba Trof\u00e9u Imprensa<\/span> Leia mais &raquo;<\/a><\/p>\n","protected":false},"author":83,"featured_media":16176,"comment_status":"open","ping_status":"open","sticky":false,"template":"","format":"standard","meta":{"site-sidebar-layout":"default","site-content-layout":"default","ast-global-header-display":"","ast-banner-title-visibility":"","ast-main-header-display":"","ast-hfb-above-header-display":"","ast-hfb-below-header-display":"","ast-hfb-mobile-header-display":"","site-post-title":"","ast-breadcrumbs-content":"","ast-featured-img":"","footer-sml-layout":"","theme-transparent-header-meta":"","adv-header-id-meta":"","stick-header-meta":"","header-above-stick-meta":"","header-main-stick-meta":"","header-below-stick-meta":""},"categories":[748,878],"tags":[],"acf":[],"_links":{"self":[{"href":"https:\/\/www.cnbb.org.br\/cnbb-app\/wp\/v2\/posts\/16175"}],"collection":[{"href":"https:\/\/www.cnbb.org.br\/cnbb-app\/wp\/v2\/posts"}],"about":[{"href":"https:\/\/www.cnbb.org.br\/cnbb-app\/wp\/v2\/types\/post"}],"author":[{"embeddable":true,"href":"https:\/\/www.cnbb.org.br\/cnbb-app\/wp\/v2\/users\/83"}],"replies":[{"embeddable":true,"href":"https:\/\/www.cnbb.org.br\/cnbb-app\/wp\/v2\/comments?post=16175"}],"version-history":[{"count":0,"href":"https:\/\/www.cnbb.org.br\/cnbb-app\/wp\/v2\/posts\/16175\/revisions"}],"wp:featuredmedia":[{"embeddable":true,"href":"https:\/\/www.cnbb.org.br\/cnbb-app\/wp\/v2\/media\/16176"}],"wp:attachment":[{"href":"https:\/\/www.cnbb.org.br\/cnbb-app\/wp\/v2\/media?parent=16175"}],"wp:term":[{"taxonomy":"category","embeddable":true,"href":"https:\/\/www.cnbb.org.br\/cnbb-app\/wp\/v2\/categories?post=16175"},{"taxonomy":"post_tag","embeddable":true,"href":"https:\/\/www.cnbb.org.br\/cnbb-app\/wp\/v2\/tags?post=16175"}],"curies":[{"name":"wp","href":"https:\/\/api.w.org\/{rel}","templated":true}]}}