{"id":16183,"date":"2013-01-24T00:00:00","date_gmt":"2013-01-24T02:00:00","guid":{"rendered":"https:\/\/www.cnbb.org.br\/temas-do-dia-mundial-das-comunicacoes\/"},"modified":"2013-01-24T00:00:00","modified_gmt":"2013-01-24T02:00:00","slug":"temas-do-dia-mundial-das-comunicacoes","status":"publish","type":"post","link":"https:\/\/www.cnbb.org.br\/temas-do-dia-mundial-das-comunicacoes\/","title":{"rendered":"Temas do Dia Mundial das Comunica\u00e7\u00f5es"},"content":{"rendered":"<p style=\"text-align: justify\">O Dia Mundial das Comunica\u00e7\u00f5es (DMC) foi criado pelo Decreto Inter Mirifica, do Conc\u00edlio Vaticano II. O Papa sempre dedica uma Mensagem especial para a data e a apresenta por ocasi\u00e3o da festa lit\u00fargica de S\u00e3o Francisco de Sales, 24 de janeiro. Bento XVI cumpriu a tradi\u00e7\u00e3o e, neste 2013, tratou do desafio das redes sociais. Confira os temas aprofundados pelos Papas Paulo VI, Jo\u00e3o Paulo II e Bento XVI desde 1967.<\/p>\n<p>  <!--more-->  <\/p>\n<p style=\"text-align: left\">Lista fornecida pela Comiss\u00e3o Episcopal para a Comunica\u00e7\u00e3o da CNBB:<\/p>\n<p style=\"text-align: left\">\u00a0<\/p>\n<p style=\"text-align: center\">Todos os temas promulgados para o Dia Mundial das Comunica\u00e7\u00f5es<strong><br \/>O Dia Mundial das Comunica\u00e7\u00f5es <br \/><\/strong><em>Institu\u00eddo durante o Concilio Vaticano II e publicado no Decreto Conciliar \u201cInter Mirifica\u201d.<\/em><\/p>\n<p style=\"text-align: center\"><em><br \/><\/em><\/p>\n<p style=\"text-align: justify\">1967- Os meios de comunica\u00e7\u00e3o social.\u00a0\u00a0\u00a0\u00a0\u00a0\u00a0\u00a0\u00a0\u00a0\u00a0\u00a0\u00a0\u00a0\u00a0 \u00a0<br \/>1968 &#8211; A imprensa, o r\u00e1dio, a televis\u00e3o e o cinema para o progresso dos povos.<br \/>1969 &#8211; Comunica\u00e7\u00f5es sociais e a fam\u00edlia<br \/>1970 &#8211; As comunica\u00e7\u00f5es sociais e a juventude.<br \/>1971 &#8211; Os meios de comunica\u00e7\u00e3o social a servi\u00e7o da unidade dos homens.<br \/>1972 &#8211; As comunica\u00e7\u00f5es sociais a servi\u00e7o da verdade<br \/>1973 &#8211; As comunica\u00e7\u00f5es sociais e a afirma\u00e7\u00e3o e promo\u00e7\u00e3o dos valores\u00a0\u00a0 espirituais<br \/>1974 &#8211; As comunica\u00e7\u00f5es sociais e a evangeliza\u00e7\u00e3o no mundo contempor\u00e2neo.<br \/>1975 &#8211;\u00a0 Comunica\u00e7\u00e3o social e reconcilia\u00e7\u00e3o.\u00a0\u00a0\u00a0\u00a0\u00a0\u00a0\u00a0\u00a0 \u00a0<br \/>1976 &#8211; As comunica\u00e7\u00f5es sociais diante dos direitos e deveres fundamentais do homem.\u00a0\u00a0\u00a0\u00a0\u00a0\u00a0\u00a0\u00a0\u00a0\u00a0\u00a0\u00a0\u00a0\u00a0\u00a0\u00a0\u00a0\u00a0\u00a0\u00a0\u00a0\u00a0\u00a0\u00a0\u00a0\u00a0\u00a0\u00a0\u00a0\u00a0\u00a0\u00a0\u00a0\u00a0\u00a0\u00a0\u00a0\u00a0\u00a0\u00a0\u00a0\u00a0\u00a0\u00a0\u00a0\u00a0\u00a0\u00a0\u00a0\u00a0\u00a0\u00a0\u00a0\u00a0\u00a0\u00a0\u00a0\u00a0\u00a0\u00a0\u00a0\u00a0 \u00a0<br \/>1977 &#8211; A publicidade nas comunica\u00e7\u00f5es sociais: vantagens, perigos, responsabilidades.<br \/>1978 &#8211; O receptor da comunica\u00e7\u00e3o social: expectativas, direitos e deveres.<br \/> 1979 &#8211; As comunica\u00e7\u00f5es sociais para a defesa e o desenvolvimento da Inf\u00e2ncia na fam\u00edlia e na sociedade<br \/>1980 &#8211; Papel das comunica\u00e7\u00f5es sociais e deveres da fam\u00edlia.<br \/>1981 &#8211; As comunica\u00e7\u00f5es sociais a servi\u00e7o da liberdade respons\u00e1vel do homem<br \/>1982 &#8211; As comunica\u00e7\u00f5es sociais e os problemas dos idosos.<br \/>1983 &#8211; Comunica\u00e7\u00f5es sociais e promo\u00e7\u00e3o da paz.<br \/>1984 &#8211; As comunica\u00e7\u00f5es sociais, instrumento de encontro entre f\u00e9 e cultura.<br \/>1985 &#8211; As comunica\u00e7\u00f5es sociais e a promo\u00e7\u00e3o crist\u00e3 da juventude<br \/>1986 &#8211; Comunica\u00e7\u00f5es sociais e forma\u00e7\u00e3o crist\u00e3 da opini\u00e3o p\u00fablica.<br \/>1987 &#8211; Comunica\u00e7\u00f5es sociais e promo\u00e7\u00e3o da justi\u00e7a e da paz.<br \/>1988 &#8211; Comunica\u00e7\u00f5es sociais e a promo\u00e7\u00e3o da solidariedade e fraternidade entre os homens e os povos.<br \/>1989 &#8211; A religi\u00e3o nos mass media.<br \/>1990 &#8211; A mensagem crist\u00e3 na cultura inform\u00e1tica atual.<br \/>1991- Os meios de comunica\u00e7\u00e3o para a unidade e o progresso da fam\u00edlia humana.<br \/>1992 &#8211; A proclama\u00e7\u00e3o da mensagem de Cristo nos meios de comunica\u00e7\u00e3o.<br \/>1993 &#8211; Videocassete e audiocassete na forma\u00e7\u00e3o da cultura e da consci\u00eancia.<br \/>1994 &#8211; Televis\u00e3o e fam\u00edlia: crit\u00e9rios para saber ver.<br \/>1995 &#8211; Cinema, ve\u00edculo de cultura e proposta de valores.<br \/>1996 &#8211; Os meios de comunica\u00e7\u00e3o: are\u00f3pago moderno para a promo\u00e7\u00e3o da mulher na sociedade.<br \/>1997 &#8211; Comunicar o evangelho de Cristo: Caminho, Verdade e Vida.<br \/>1998 &#8211; Sustentados pelo Esp\u00edrito, comunicar a esperan\u00e7a.<br \/>1999 &#8211; Mass media: presen\u00e7a amiga ao lado de quem procura o Pai.<br \/>2000 &#8211; Proclamar Cristo nos meios de comunica\u00e7\u00e3o social no alvorecer do novo mil\u00eanio.<br \/>2001- Proclamai sobre os telhados: o evangelho na era da comunica\u00e7\u00e3o global<br \/>2002- Internet: um novo foro para a proclama\u00e7\u00e3o do evangelho.<br \/>2003 &#8211; Os meios de comunica\u00e7\u00e3o social a servi\u00e7o da paz aut\u00eantica, \u00e0 luz da pacem in terris.<br \/>2004 &#8211; Os mass media na fam\u00edlia: um risco e uma riqueza.<br \/>2005 &#8211; Os meios de comunica\u00e7\u00e3o: ao servi\u00e7o da compreens\u00e3o entre os povos.<br \/>2006 &#8211; As m\u00eddias: rede de comunica\u00e7\u00e3o, comunh\u00e3o e participa\u00e7\u00e3o.<br \/>2007 &#8211; As crian\u00e7as e os meios de comunica\u00e7\u00e3o social: um desafio para a educa\u00e7\u00e3o.<br \/>2008 &#8211; Os Meios: na encruzilhada entre protagonismo e servi\u00e7o. Procurar a verdade para partilh\u00e1-la.<br \/>2009 &#8211; Novas tecnologias, novas rela\u00e7\u00f5es.<br \/>2010 &#8211; O padre e a pastoral no mundo digital. Novos meios de comunica\u00e7\u00e3o a<br \/>servi\u00e7o da Palavra.<br \/>2011 &#8211; Verdade, an\u00fancio e autenticidade\u00a0 na era digital.<br \/>2012 &#8211; Sil\u00eancio e Palavra: caminho de evangeliza\u00e7\u00e3o<br \/>2013 &#8211; Redes sociais: portais de verdade e de f\u00e9; novos espa\u00e7os para a evangeliza\u00e7\u00e3o.<\/p>\n<p style=\"text-align: justify\">\u00a0<\/p>\n","protected":false},"excerpt":{"rendered":"<p>O Dia Mundial das Comunica\u00e7\u00f5es (DMC) foi criado pelo Decreto Inter Mirifica, do Conc\u00edlio Vaticano II. O Papa sempre dedica uma Mensagem especial para a data e a apresenta por ocasi\u00e3o da festa lit\u00fargica de S\u00e3o Francisco de Sales, 24 de janeiro. Bento XVI cumpriu a tradi\u00e7\u00e3o e, neste 2013, tratou do desafio das redes &hellip;<\/p>\n<p class=\"read-more\"> <a class=\"\" href=\"https:\/\/www.cnbb.org.br\/temas-do-dia-mundial-das-comunicacoes\/\"> <span class=\"screen-reader-text\">Temas do Dia Mundial das Comunica\u00e7\u00f5es<\/span> Leia mais &raquo;<\/a><\/p>\n","protected":false},"author":83,"featured_media":16184,"comment_status":"open","ping_status":"open","sticky":false,"template":"","format":"standard","meta":{"site-sidebar-layout":"default","site-content-layout":"default","ast-global-header-display":"","ast-banner-title-visibility":"","ast-main-header-display":"","ast-hfb-above-header-display":"","ast-hfb-below-header-display":"","ast-hfb-mobile-header-display":"","site-post-title":"","ast-breadcrumbs-content":"","ast-featured-img":"","footer-sml-layout":"","theme-transparent-header-meta":"","adv-header-id-meta":"","stick-header-meta":"","header-above-stick-meta":"","header-main-stick-meta":"","header-below-stick-meta":""},"categories":[748,878],"tags":[],"acf":[],"_links":{"self":[{"href":"https:\/\/www.cnbb.org.br\/cnbb-app\/wp\/v2\/posts\/16183"}],"collection":[{"href":"https:\/\/www.cnbb.org.br\/cnbb-app\/wp\/v2\/posts"}],"about":[{"href":"https:\/\/www.cnbb.org.br\/cnbb-app\/wp\/v2\/types\/post"}],"author":[{"embeddable":true,"href":"https:\/\/www.cnbb.org.br\/cnbb-app\/wp\/v2\/users\/83"}],"replies":[{"embeddable":true,"href":"https:\/\/www.cnbb.org.br\/cnbb-app\/wp\/v2\/comments?post=16183"}],"version-history":[{"count":0,"href":"https:\/\/www.cnbb.org.br\/cnbb-app\/wp\/v2\/posts\/16183\/revisions"}],"wp:featuredmedia":[{"embeddable":true,"href":"https:\/\/www.cnbb.org.br\/cnbb-app\/wp\/v2\/media\/16184"}],"wp:attachment":[{"href":"https:\/\/www.cnbb.org.br\/cnbb-app\/wp\/v2\/media?parent=16183"}],"wp:term":[{"taxonomy":"category","embeddable":true,"href":"https:\/\/www.cnbb.org.br\/cnbb-app\/wp\/v2\/categories?post=16183"},{"taxonomy":"post_tag","embeddable":true,"href":"https:\/\/www.cnbb.org.br\/cnbb-app\/wp\/v2\/tags?post=16183"}],"curies":[{"name":"wp","href":"https:\/\/api.w.org\/{rel}","templated":true}]}}