{"id":16185,"date":"2013-01-30T00:00:00","date_gmt":"2013-01-30T02:00:00","guid":{"rendered":"https:\/\/www.cnbb.org.br\/fundacao-lanca-rede-seculo-21-e-portal-rs21\/"},"modified":"2013-01-30T00:00:00","modified_gmt":"2013-01-30T02:00:00","slug":"fundacao-lanca-rede-seculo-21-e-portal-rs21","status":"publish","type":"post","link":"https:\/\/www.cnbb.org.br\/fundacao-lanca-rede-seculo-21-e-portal-rs21\/","title":{"rendered":"Funda\u00e7\u00e3o lan\u00e7a Rede S\u00e9culo 21 e Portal RS21"},"content":{"rendered":"<div style=\"text-align: justify\">Nesta quarta-feira, 30 de janeiro, \u00e0s 20h, a Funda\u00e7\u00e3o S\u00e9culo 21 realiza o lan\u00e7amento de sua nova identidade visual. A partir de agora, a emissora de TV passa a se chamar Rede S\u00e9culo 21, com o slogan \u201cFazendo mais com voc\u00ea\u201d. A solenidade tamb\u00e9m marcar\u00e1 o in\u00edcio das transmiss\u00f5es da emissora em alta defini\u00e7\u00e3o (HDTV) para toda Regi\u00e3o Metropolitana de Campinas (SP). Na mesma ocasi\u00e3o, ser\u00e1 realizado o lan\u00e7amento do portal RS21 (<a href=\"http:\/\/www.rs21.com.br\" target=\"_blank\" rel=\"noopener\">www.rs21.com.br<\/a>).<\/div>\n<div style=\"text-align: justify\"><\/div>\n<p>  <!--more-->  <\/p>\n<div style=\"text-align: justify\">\u201cQueremos oferecer a uni\u00e3o de todas as entidades e a sinergia dos projetos de comunica\u00e7\u00e3o para a educa\u00e7\u00e3o e evangeliza\u00e7\u00e3o\u201d, afirma o idealizador da Funda\u00e7\u00e3o S\u00e9culo 21, Padre Eduardo Douherty. Neste novo conceito de funcionamento da rede, surge tamb\u00e9m uma nova identidade visual como uma resposta \u00e0 necessidade de uma linguagem mais focal, que permita a TV e a todos os projetos que comp\u00f5e a obra religiosa e educacional a possibilidade de reconhecimento, alcance e retorno em rela\u00e7\u00e3o \u00e0 marca e aos colaboradores que ela representa.<\/p>\n<p>\u201c\u00c9 um grande passo que estamos dando, pois toda informa\u00e7\u00e3o passa para o formato de \u2018dados\u2019, sem o uso de fitas, gerando uma grande integra\u00e7\u00e3o e agilidade em toda a organiza\u00e7\u00e3o\u201d, avalia o diretor geral da Funda\u00e7\u00e3o, Jos\u00e9 Maria. A Rede S\u00e9culo 21 \u00e9 uma grande organiza\u00e7\u00e3o de produ\u00e7\u00e3o de conte\u00fado no campo da educa\u00e7\u00e3o, da evangeliza\u00e7\u00e3o e informa\u00e7\u00e3o, operando nas mais diversas redes de comunica\u00e7\u00e3o, como TV, internet e revista. A emissora de TV est\u00e1 presente em cerca de 25 milh\u00f5es de lares atrav\u00e9s de antenas parab\u00f3licas, em 130 cidades por sinal aberto e em mais de 100 TVs por assinatura. J\u00e1 o portal RS21 tem plataformas especiais para tablets e smartphones.<\/p><\/div>\n","protected":false},"excerpt":{"rendered":"<p>Nesta quarta-feira, 30 de janeiro, \u00e0s 20h, a Funda\u00e7\u00e3o S\u00e9culo 21 realiza o lan\u00e7amento de sua nova identidade visual. A partir de agora, a emissora de TV passa a se chamar Rede S\u00e9culo 21, com o slogan \u201cFazendo mais com voc\u00ea\u201d. A solenidade tamb\u00e9m marcar\u00e1 o in\u00edcio das transmiss\u00f5es da emissora em alta defini\u00e7\u00e3o (HDTV) &hellip;<\/p>\n<p class=\"read-more\"> <a class=\"\" href=\"https:\/\/www.cnbb.org.br\/fundacao-lanca-rede-seculo-21-e-portal-rs21\/\"> <span class=\"screen-reader-text\">Funda\u00e7\u00e3o lan\u00e7a Rede S\u00e9culo 21 e Portal RS21<\/span> Leia mais &raquo;<\/a><\/p>\n","protected":false},"author":83,"featured_media":16186,"comment_status":"open","ping_status":"open","sticky":false,"template":"","format":"standard","meta":{"site-sidebar-layout":"default","site-content-layout":"default","ast-global-header-display":"","ast-banner-title-visibility":"","ast-main-header-display":"","ast-hfb-above-header-display":"","ast-hfb-below-header-display":"","ast-hfb-mobile-header-display":"","site-post-title":"","ast-breadcrumbs-content":"","ast-featured-img":"","footer-sml-layout":"","theme-transparent-header-meta":"","adv-header-id-meta":"","stick-header-meta":"","header-above-stick-meta":"","header-main-stick-meta":"","header-below-stick-meta":""},"categories":[748,878],"tags":[],"acf":[],"_links":{"self":[{"href":"https:\/\/www.cnbb.org.br\/cnbb-app\/wp\/v2\/posts\/16185"}],"collection":[{"href":"https:\/\/www.cnbb.org.br\/cnbb-app\/wp\/v2\/posts"}],"about":[{"href":"https:\/\/www.cnbb.org.br\/cnbb-app\/wp\/v2\/types\/post"}],"author":[{"embeddable":true,"href":"https:\/\/www.cnbb.org.br\/cnbb-app\/wp\/v2\/users\/83"}],"replies":[{"embeddable":true,"href":"https:\/\/www.cnbb.org.br\/cnbb-app\/wp\/v2\/comments?post=16185"}],"version-history":[{"count":0,"href":"https:\/\/www.cnbb.org.br\/cnbb-app\/wp\/v2\/posts\/16185\/revisions"}],"wp:featuredmedia":[{"embeddable":true,"href":"https:\/\/www.cnbb.org.br\/cnbb-app\/wp\/v2\/media\/16186"}],"wp:attachment":[{"href":"https:\/\/www.cnbb.org.br\/cnbb-app\/wp\/v2\/media?parent=16185"}],"wp:term":[{"taxonomy":"category","embeddable":true,"href":"https:\/\/www.cnbb.org.br\/cnbb-app\/wp\/v2\/categories?post=16185"},{"taxonomy":"post_tag","embeddable":true,"href":"https:\/\/www.cnbb.org.br\/cnbb-app\/wp\/v2\/tags?post=16185"}],"curies":[{"name":"wp","href":"https:\/\/api.w.org\/{rel}","templated":true}]}}