{"id":16199,"date":"2013-06-04T00:00:00","date_gmt":"2013-06-04T03:00:00","guid":{"rendered":"https:\/\/www.cnbb.org.br\/encerradas-as-inscricoes-para-o-vi-encontro-nacional-de-jornalistas\/"},"modified":"2013-06-04T00:00:00","modified_gmt":"2013-06-04T03:00:00","slug":"encerradas-as-inscricoes-para-o-vi-encontro-nacional-de-jornalistas","status":"publish","type":"post","link":"https:\/\/www.cnbb.org.br\/encerradas-as-inscricoes-para-o-vi-encontro-nacional-de-jornalistas\/","title":{"rendered":"Encerradas as inscri\u00e7\u00f5es para o VI Encontro Nacional de Jornalistas"},"content":{"rendered":"<p style=\"text-align: justify\">Foram encerradas nesta segunda-feira, 03 de junho, as inscri\u00e7\u00f5es para o VI Encontro Nacional de Jornalistas, que ser\u00e1 promovido pela Assessoria de Imprensa da CNBB entre os dias 7 e 9 de junho, em Bras\u00edlia (DF). O n\u00famero de vagas dispon\u00edveis foi preenchido. Neste ano de 2013, os participantes do evento dever\u00e3o colaborar com a elabora\u00e7\u00e3o de um manual de reda\u00e7\u00e3o e estilo. A assessora do Encontro ser\u00e1 a jornalista Dad Squarisi, editora de Opini\u00e3o do jornal Correio Braziliense.<\/p>\n<p>  <!--more-->  <\/p>\n<p style=\"text-align: justify\">O Manual elaborado dever\u00e1 ser adotado nas assessorias de imprensa e nos ve\u00edculos de comunica\u00e7\u00e3o institucional da Igreja no Brasil. O desejo \u00e9 que o subs\u00eddio possa auxiliar os redatores a adotar certo padr\u00e3o na forma e na linguagem utilizada nos textos jornal\u00edsticos.<\/p>\n","protected":false},"excerpt":{"rendered":"<p>Foram encerradas nesta segunda-feira, 03 de junho, as inscri\u00e7\u00f5es para o VI Encontro Nacional de Jornalistas, que ser\u00e1 promovido pela Assessoria de Imprensa da CNBB entre os dias 7 e 9 de junho, em Bras\u00edlia (DF). O n\u00famero de vagas dispon\u00edveis foi preenchido. Neste ano de 2013, os participantes do evento dever\u00e3o colaborar com a &hellip;<\/p>\n<p class=\"read-more\"> <a class=\"\" href=\"https:\/\/www.cnbb.org.br\/encerradas-as-inscricoes-para-o-vi-encontro-nacional-de-jornalistas\/\"> <span class=\"screen-reader-text\">Encerradas as inscri\u00e7\u00f5es para o VI Encontro Nacional de Jornalistas<\/span> Leia mais &raquo;<\/a><\/p>\n","protected":false},"author":83,"featured_media":16200,"comment_status":"open","ping_status":"open","sticky":false,"template":"","format":"standard","meta":{"site-sidebar-layout":"default","site-content-layout":"default","ast-global-header-display":"","ast-banner-title-visibility":"","ast-main-header-display":"","ast-hfb-above-header-display":"","ast-hfb-below-header-display":"","ast-hfb-mobile-header-display":"","site-post-title":"","ast-breadcrumbs-content":"","ast-featured-img":"","footer-sml-layout":"","theme-transparent-header-meta":"","adv-header-id-meta":"","stick-header-meta":"","header-above-stick-meta":"","header-main-stick-meta":"","header-below-stick-meta":""},"categories":[748,878],"tags":[],"acf":[],"_links":{"self":[{"href":"https:\/\/www.cnbb.org.br\/cnbb-app\/wp\/v2\/posts\/16199"}],"collection":[{"href":"https:\/\/www.cnbb.org.br\/cnbb-app\/wp\/v2\/posts"}],"about":[{"href":"https:\/\/www.cnbb.org.br\/cnbb-app\/wp\/v2\/types\/post"}],"author":[{"embeddable":true,"href":"https:\/\/www.cnbb.org.br\/cnbb-app\/wp\/v2\/users\/83"}],"replies":[{"embeddable":true,"href":"https:\/\/www.cnbb.org.br\/cnbb-app\/wp\/v2\/comments?post=16199"}],"version-history":[{"count":0,"href":"https:\/\/www.cnbb.org.br\/cnbb-app\/wp\/v2\/posts\/16199\/revisions"}],"wp:featuredmedia":[{"embeddable":true,"href":"https:\/\/www.cnbb.org.br\/cnbb-app\/wp\/v2\/media\/16200"}],"wp:attachment":[{"href":"https:\/\/www.cnbb.org.br\/cnbb-app\/wp\/v2\/media?parent=16199"}],"wp:term":[{"taxonomy":"category","embeddable":true,"href":"https:\/\/www.cnbb.org.br\/cnbb-app\/wp\/v2\/categories?post=16199"},{"taxonomy":"post_tag","embeddable":true,"href":"https:\/\/www.cnbb.org.br\/cnbb-app\/wp\/v2\/tags?post=16199"}],"curies":[{"name":"wp","href":"https:\/\/api.w.org\/{rel}","templated":true}]}}